{"id":284651,"date":"2025-11-06T12:00:00","date_gmt":"2025-11-06T11:00:00","guid":{"rendered":"https:\/\/www.tucomarca.com\/wordpress\/segunda\/?p=284651"},"modified":"2025-11-06T18:46:31","modified_gmt":"2025-11-06T17:46:31","slug":"martinez-mus-enlletgeix-al-govern-central-que-recupere-nomes-una-part-de-la-c-3-per-al-gran-premi-de-xest-mentre-segueixen-sense-estar-operatives-una-desena-de-parades-de-rodalia","status":"publish","type":"post","link":"https:\/\/tucomarca.whitekongsoftware.com\/ca\/martinez-mus-enlletgeix-al-govern-central-que-recupere-nomes-una-part-de-la-c-3-per-al-gran-premi-de-xest-mentre-segueixen-sense-estar-operatives-una-desena-de-parades-de-rodalia\/","title":{"rendered":"Mart\u00ednez Mus enlletgeix al Govern central que recupere nom\u00e9s una part de la C-3 per al Gran Premi de Xest mentre segueixen sense estar operatives una desena de parades de Rodalia"},"content":{"rendered":"\n<h3 class=\"wp-block-heading\">El vicepresident segon recorda que la Generalitat va recuperar Metrovalencia per complet al juny.<\/h3>\n\n\n\n<h3 class=\"wp-block-heading\">El titular d&#8217;Infraestructures confirma autobusos llan\u00e7adora Xest-Val\u00e8ncia en la franja nocturna durant el Gran Premi en el qual Renfe no oferir\u00e0 serveis.<\/h3>\n\n\n\n<p class=\"wp-block-paragraph\">El vicepresident segon per a la Recuperaci\u00f3, Medi Ambient, Infraestructures i Territori, Vicente Mart\u00ednez Mus, ha enlletgit al Govern central que recupere \u201ctard i malament\u201d nom\u00e9s una part de la l\u00ednia C-3 de Rodalia amb motiu del Gran Premi de Xest, que se celebrar\u00e0 entre el 14 i el 16 de novembre, ofrenciendo el servei \u201cen unes condicions que deixen molt a desitjar\u201d un any despr\u00e9s de la dana.<\/p>\n\n\n\n<p class=\"wp-block-paragraph\">Mart\u00ednez Mus ha criticat que el Govern central celebre, m\u00e9s d&#8217;un any despr\u00e9s de les riuades, &#8220;que vaja a oferir serveis per al Gran Premi amb una freq\u00fc\u00e8ncia pitjor i amb franges hor\u00e0ries redu\u00efdes\u201d. En aquesta l\u00ednia, ha confirmat que la proposta de l&#8217;Executiu de Pedro S\u00e1nchez es basa en unes freq\u00fc\u00e8ncies de 40 minuts en lloc de 30 i sense cap possibilitat de servei nocturn.<\/p>\n\n\n\n<p class=\"wp-block-paragraph\">\u201cNo es pot vendre com un \u00e8xit una reconstrucci\u00f3 ferrovi\u00e0ria tardana, ja que \u00fanicament es recuperen dues parades i una desena segueixen sense estar operatives causant un fort greuge als ve\u00efns de Xiva, Bunyol o Utiel\u201d, ha remarcat Mart\u00ednez Mus. Aix\u00ed mateix, ha recordat el \u201c\u00e8xit\u201d de la reconstrucci\u00f3 de la Generalitat, que va recuperar totes les l\u00ednies ferrovi\u00e0ries de Metrovalencia el juny passat. \u201cEl Consell ha demostrat que es podia fer amb m\u00e9s rapidesa, millorant les infraestructures davant futurs fen\u00f2mens clim\u00e0tics extrems i garantint les condicions de seguretat\u201d, ha recalcat.<\/p>\n\n\n\n<p class=\"wp-block-paragraph\">El tamb\u00e9 conseller d&#8217;Infraestructures ha retret que hi haja franges d&#8217;alta demanda nocturnes que es deixaran sense cobrir per part de Renfe i ha destacat que la Generalitat \u201ctorna a estar del costat de la ciutadania per a donar servei als milers de persones que es queden sense alternatives\u201d.<\/p>\n\n\n\n<p class=\"wp-block-paragraph\">Refor\u00e7 del servei d&#8217;autob\u00fas<\/p>\n\n\n\n<p class=\"wp-block-paragraph\">El vicepresident ha assenyalat que a trav\u00e9s de l&#8217;Autoritat de Transport Metropolit\u00e0 de Val\u00e8ncia (ATMV) s&#8217;ha programat un servei extra al qual ja es presta amb Metrob\u00fas per a connectar Xest amb Val\u00e8ncia. \u201cA difer\u00e8ncia del Govern, la Generalitat si que prestar\u00e0 servei nocturn amb dues llan\u00e7adores que cobriran fins a les 4 del mat\u00ed la connexi\u00f3 Xest-Val\u00e8ncia de manera directa\u201d, ha confirmat.<\/p>\n\n\n\n<p class=\"wp-block-paragraph\">Finalment, el vicepresident segon ha assegurat que amb aquestes mesures el Govern central mostra \u201cel poc que els importen la Rodalia\u201d, i ha destacat que aquesta l\u00ednia segueix sense estar electrificada i t\u00e9 un llarg llistat d&#8217;inversions pendents. \u201cAmb aquesta actuaci\u00f3, el Govern confirma que la Comunitat Valenciana i la reconstrucci\u00f3 no estan sent una prioritat\u201d, ha sentenciat.<\/p>\n","protected":false},"excerpt":{"rendered":"<div class=\"mh-excerpt\">El vicepresident segon recorda que la Generalitat va recuperar Metrovalencia per complet al juny. El titular d&#8217;Infraestructures confirma autobusos llan\u00e7adora Xest-Val\u00e8ncia en la franja nocturna durant el Gran Premi en el qual Renfe no oferir\u00e0 <a class=\"mh-excerpt-more\" href=\"https:\/\/tucomarca.whitekongsoftware.com\/ca\/martinez-mus-enlletgeix-al-govern-central-que-recupere-nomes-una-part-de-la-c-3-per-al-gran-premi-de-xest-mentre-segueixen-sense-estar-operatives-una-desena-de-parades-de-rodalia\/\" title=\"Mart\u00ednez Mus enlletgeix al Govern central que recupere nom\u00e9s una part de la C-3 per al Gran Premi de Xest mentre segueixen sense estar operatives una desena de parades de Rodalia\">[+] <\/a><\/div>\n","protected":false},"author":1,"featured_media":283952,"comment_status":"open","ping_status":"open","sticky":false,"template":"","format":"standard","meta":{"footnotes":""},"categories":[10911,21466,10898,10948,10894,10904,10912,10903,10947,10908,10909,10896,10979,10897,11059,10974,10975],"tags":[10913,11071,11195,10914,11350,10910,11174],"class_list":["post-284651","post","type-post","status-publish","format-standard","has-post-thumbnail","category-bunol-ca","category-dana-ca","category-ventana-ca","category-infraestructuras-ca","category-la-comarca-ca","category-sin-categorizar-ca","category-la-hoya-ca","category-medio-ambiente-la-comarca-ca","category-politica","category-requena-ca","category-requena-utiel-ca","category-seccion-ca","category-siete-aguas-ca","category-sucesos-la-comarca-ca","category-utiel-ca","category-cheste-ca","category-chiva-ca","tag-bunol-ca","tag-cheste","tag-chiva-ca","tag-la-hoya-de-bunol-chiva-ca","tag-renfe-ca","tag-requena-utiel-ca","tag-utiel-ca"],"_links":{"self":[{"href":"https:\/\/tucomarca.whitekongsoftware.com\/ca\/wp-json\/wp\/v2\/posts\/284651","targetHints":{"allow":["GET"]}}],"collection":[{"href":"https:\/\/tucomarca.whitekongsoftware.com\/ca\/wp-json\/wp\/v2\/posts"}],"about":[{"href":"https:\/\/tucomarca.whitekongsoftware.com\/ca\/wp-json\/wp\/v2\/types\/post"}],"author":[{"embeddable":true,"href":"https:\/\/tucomarca.whitekongsoftware.com\/ca\/wp-json\/wp\/v2\/users\/1"}],"replies":[{"embeddable":true,"href":"https:\/\/tucomarca.whitekongsoftware.com\/ca\/wp-json\/wp\/v2\/comments?post=284651"}],"version-history":[{"count":0,"href":"https:\/\/tucomarca.whitekongsoftware.com\/ca\/wp-json\/wp\/v2\/posts\/284651\/revisions"}],"wp:featuredmedia":[{"embeddable":true,"href":"https:\/\/tucomarca.whitekongsoftware.com\/ca\/wp-json\/wp\/v2\/media\/283952"}],"wp:attachment":[{"href":"https:\/\/tucomarca.whitekongsoftware.com\/ca\/wp-json\/wp\/v2\/media?parent=284651"}],"wp:term":[{"taxonomy":"category","embeddable":true,"href":"https:\/\/tucomarca.whitekongsoftware.com\/ca\/wp-json\/wp\/v2\/categories?post=284651"},{"taxonomy":"post_tag","embeddable":true,"href":"https:\/\/tucomarca.whitekongsoftware.com\/ca\/wp-json\/wp\/v2\/tags?post=284651"}],"curies":[{"name":"wp","href":"https:\/\/api.w.org\/{rel}","templated":true}]}}