{"id":284638,"date":"2025-11-06T08:30:00","date_gmt":"2025-11-06T07:30:00","guid":{"rendered":"https:\/\/www.tucomarca.com\/wordpress\/segunda\/?p=284638"},"modified":"2025-11-06T19:38:12","modified_gmt":"2025-11-06T18:38:12","slug":"la-diputacio-presenta-a-londres-la-provincia-de-valencia-com-a-desti-dexperiencies-sostenibles","status":"publish","type":"post","link":"https:\/\/tucomarca.whitekongsoftware.com\/ca\/la-diputacio-presenta-a-londres-la-provincia-de-valencia-com-a-desti-dexperiencies-sostenibles\/","title":{"rendered":"La Diputaci\u00f3 presenta a Londres la prov\u00edncia de Val\u00e8ncia com a dest\u00ed d&#8217;experi\u00e8ncies sostenibles"},"content":{"rendered":"\n<h3 class=\"wp-block-heading\">La corporaci\u00f3 provincial, a trav\u00e9s de l&#8217;\u00e0rea de Turisme que dirigix el diputat Pedro Cuesta, participa en la World Travel Market (WTM) de la capital brit\u00e0nica esta setmana.<\/h3>\n\n\n\n<p class=\"wp-block-paragraph\">La Diputaci\u00f3 de Val\u00e8ncia participa esta setmana en la fira internacional de Turisme World Travel Market (WTM) de Londres, on continua amb la seua estrat\u00e8gia de consolidaci\u00f3 de la prov\u00edncia de Val\u00e8ncia com a dest\u00ed experiencial sostenible en el mercat brit\u00e0nic, dins de l&#8217;estand de la Comunitat Valenciana.<\/p>\n\n\n\n<p class=\"wp-block-paragraph\">La corporaci\u00f3 provincial, a trav\u00e9s de la seua marca Val\u00e8ncia Turisme, ha acudit a esta edici\u00f3 del certamen, que se celebra del 4 al 6 de novembre, acompanyada pels municipis de Cullera, Gandia i Tavernes de la Valldigna, en col\u00b7laboraci\u00f3 amb Turisme Comunitat Valenciana i Turespa\u00f1a.<\/p>\n\n\n\n<p class=\"wp-block-paragraph\">A m\u00e9s de presentar l&#8217;oferta tur\u00edstica general de la prov\u00edncia i l&#8217;espec\u00edfica de sol i platja als professionals assistents, la Diputaci\u00f3 incidix en esta edici\u00f3 en experi\u00e8ncies tur\u00edstiques que posen en valor l&#8217;interior de la prov\u00edncia, relacionades amb l&#8217;enoturismo, el senderisme, el cicloturisme, el turisme gastron\u00f2mic i, especialment, les propostes del programa \u2018Fem Poble\u2019 de la corporaci\u00f3, que estructura una oferta tur\u00edstica sostenible per a afavorir el desenvolupament tur\u00edstic i econ\u00f2mic dels municipis m\u00e9s xicotets i en risc de despoblaci\u00f3.<\/p>\n\n\n\n<p class=\"wp-block-paragraph\">Durant la WTM, la Diputaci\u00f3 tamb\u00e9 participa en diverses encontres amb operadors tur\u00edstics, mitjans de comunicaci\u00f3 especialitzats i representants institucionals brit\u00e0nics i espanyols, en coordinaci\u00f3 amb Turespa\u00f1a i la Red de Oficinas Espa\u00f1olas de Turismo, aix\u00ed com en les presentacions i reunions t\u00e8cniques programades per estes entitats orientades a enfortir la cooperaci\u00f3 en mat\u00e8ria de sostenibilitat, turisme intel\u00b7ligent i diversificaci\u00f3 de productes.<\/p>\n\n\n\n<p class=\"wp-block-paragraph\">\u201cEl mercat brit\u00e0nic \u00e9s un dels principals de la prov\u00edncia de Val\u00e8ncia, per la qual cosa la participaci\u00f3 en esta fira \u00e9s de summa import\u00e0ncia per a continuar consolidant-ho i, m\u00e9s encara, considerant que este certamen tamb\u00e9 \u00e9s una oportunitat de promoci\u00f3 a nivell europeu i internacional\u201d, ha manifestat el diputat de Turisme, Pedro Cuesta.<\/p>\n\n\n\n<figure class=\"wp-block-gallery has-nested-images columns-default is-cropped wp-block-gallery-1 is-layout-flex wp-block-gallery-is-layout-flex\">\n<figure class=\"wp-block-image size-large\"><img loading=\"lazy\" decoding=\"async\" width=\"1600\" height=\"1066\" data-id=\"284634\" src=\"https:\/\/www.tucomarca.com\/wordpress\/segunda\/wp-content\/uploads\/2025\/11\/2-1024x682.jpg\" alt=\"\" class=\"wp-image-284634\" srcset=\"https:\/\/tucomarca.whitekongsoftware.com\/wp-content\/uploads\/2025\/11\/2-1024x682.jpg 1024w, https:\/\/tucomarca.whitekongsoftware.com\/wp-content\/uploads\/2025\/11\/2-300x200.jpg 300w, https:\/\/tucomarca.whitekongsoftware.com\/wp-content\/uploads\/2025\/11\/2-768x512.jpg 768w, https:\/\/tucomarca.whitekongsoftware.com\/wp-content\/uploads\/2025\/11\/2-1536x1023.jpg 1536w, https:\/\/tucomarca.whitekongsoftware.com\/wp-content\/uploads\/2025\/11\/2.jpg 1600w\" sizes=\"auto, (max-width: 1600px) 100vw, 1600px\" \/><\/figure>\n\n\n\n<figure class=\"wp-block-image size-large\"><img loading=\"lazy\" decoding=\"async\" width=\"1024\" height=\"682\" data-id=\"284636\" src=\"https:\/\/www.tucomarca.com\/wordpress\/segunda\/wp-content\/uploads\/2025\/11\/3-1024x682.jpg\" alt=\"\" class=\"wp-image-284636\" srcset=\"https:\/\/tucomarca.whitekongsoftware.com\/wp-content\/uploads\/2025\/11\/3-1024x682.jpg 1024w, https:\/\/tucomarca.whitekongsoftware.com\/wp-content\/uploads\/2025\/11\/3-300x200.jpg 300w, https:\/\/tucomarca.whitekongsoftware.com\/wp-content\/uploads\/2025\/11\/3-768x512.jpg 768w, https:\/\/tucomarca.whitekongsoftware.com\/wp-content\/uploads\/2025\/11\/3-1536x1023.jpg 1536w, https:\/\/tucomarca.whitekongsoftware.com\/wp-content\/uploads\/2025\/11\/3.jpg 1600w\" sizes=\"auto, (max-width: 1024px) 100vw, 1024px\" \/><\/figure>\n<\/figure>\n","protected":false},"excerpt":{"rendered":"<div class=\"mh-excerpt\">La corporaci\u00f3 provincial, a trav\u00e9s de l&#8217;\u00e0rea de Turisme que dirigix el diputat Pedro Cuesta, participa en la World Travel Market (WTM) de la capital brit\u00e0nica esta setmana. La Diputaci\u00f3 de Val\u00e8ncia participa esta setmana <a class=\"mh-excerpt-more\" href=\"https:\/\/tucomarca.whitekongsoftware.com\/ca\/la-diputacio-presenta-a-londres-la-provincia-de-valencia-com-a-desti-dexperiencies-sostenibles\/\" title=\"La Diputaci\u00f3 presenta a Londres la prov\u00edncia de Val\u00e8ncia com a dest\u00ed d&#8217;experi\u00e8ncies sostenibles\">[+] <\/a><\/div>\n","protected":false},"author":12,"featured_media":284633,"comment_status":"open","ping_status":"open","sticky":false,"template":"","format":"standard","meta":{"footnotes":""},"categories":[11019,10898,10948,10894,10904,11007,10947,10896],"tags":[11246,20742,22598],"class_list":["post-284638","post","type-post","status-publish","format-standard","has-post-thumbnail","category-agenda-ca","category-ventana-ca","category-infraestructuras-ca","category-la-comarca-ca","category-sin-categorizar-ca","category-ocio-y-cultura-ca","category-politica","category-seccion-ca","tag-diputacio-de-valencia-ca","tag-pedro-cuesta-ca","tag-valencia-turismo-ca"],"_links":{"self":[{"href":"https:\/\/tucomarca.whitekongsoftware.com\/ca\/wp-json\/wp\/v2\/posts\/284638","targetHints":{"allow":["GET"]}}],"collection":[{"href":"https:\/\/tucomarca.whitekongsoftware.com\/ca\/wp-json\/wp\/v2\/posts"}],"about":[{"href":"https:\/\/tucomarca.whitekongsoftware.com\/ca\/wp-json\/wp\/v2\/types\/post"}],"author":[{"embeddable":true,"href":"https:\/\/tucomarca.whitekongsoftware.com\/ca\/wp-json\/wp\/v2\/users\/12"}],"replies":[{"embeddable":true,"href":"https:\/\/tucomarca.whitekongsoftware.com\/ca\/wp-json\/wp\/v2\/comments?post=284638"}],"version-history":[{"count":0,"href":"https:\/\/tucomarca.whitekongsoftware.com\/ca\/wp-json\/wp\/v2\/posts\/284638\/revisions"}],"wp:featuredmedia":[{"embeddable":true,"href":"https:\/\/tucomarca.whitekongsoftware.com\/ca\/wp-json\/wp\/v2\/media\/284633"}],"wp:attachment":[{"href":"https:\/\/tucomarca.whitekongsoftware.com\/ca\/wp-json\/wp\/v2\/media?parent=284638"}],"wp:term":[{"taxonomy":"category","embeddable":true,"href":"https:\/\/tucomarca.whitekongsoftware.com\/ca\/wp-json\/wp\/v2\/categories?post=284638"},{"taxonomy":"post_tag","embeddable":true,"href":"https:\/\/tucomarca.whitekongsoftware.com\/ca\/wp-json\/wp\/v2\/tags?post=284638"}],"curies":[{"name":"wp","href":"https:\/\/api.w.org\/{rel}","templated":true}]}}