{"id":284592,"date":"2025-11-06T09:00:00","date_gmt":"2025-11-06T08:00:00","guid":{"rendered":"https:\/\/www.tucomarca.com\/wordpress\/segunda\/?p=284592"},"modified":"2025-11-06T18:58:55","modified_gmt":"2025-11-06T17:58:55","slug":"bunyol-organitza-la-seua-primera-setmana-de-la-inclusio-sota-el-lema-unint-veus-derrocant-barreres","status":"publish","type":"post","link":"https:\/\/tucomarca.whitekongsoftware.com\/ca\/bunyol-organitza-la-seua-primera-setmana-de-la-inclusio-sota-el-lema-unint-veus-derrocant-barreres\/","title":{"rendered":"Bunyol organitza la seua primera setmana de la inclusi\u00f3 sota el lema \u201cUnint veus, derrocant barreres\u201d"},"content":{"rendered":"\n<h3 class=\"wp-block-heading\">La primera edici\u00f3, que es desenvolupar\u00e0 del 25 de novembre al 3 de desembre, posa el focus en les dones i persones amb discapacitat.<\/h3>\n\n\n\n<p class=\"wp-block-paragraph\">La diversitat \u00e9s una de les majors riqueses de Bunyol. Conscient d&#8217;aix\u00f2, l&#8217;Ajuntament posa en marxa la I Setmana de la Inclusi\u00f3 2025, un projecte pioner que busca recon\u00e9ixer el valor de la difer\u00e8ncia i fomentar la participaci\u00f3 ciutadana des de la igualtat i el respecte. Sota el lema \u201cUnint veus, derrocant barreres\u201d, la iniciativa naix amb la vocaci\u00f3 de consolidar-se com un espai estable de trobada, di\u00e0leg i conviv\u00e8ncia entre generacions, cultures i capacitats.<br>La primera edici\u00f3 de la Setmana de la Inclusi\u00f3 posa el focus en les dones i les persones amb discapacitat, dos col\u00b7lectius que han patit hist\u00f2ricament invisibilitzaci\u00f3 i desigualtat, i que seran els protagonistes d&#8217;aquesta proposta. Tal com assenyala el regidor de Benestar Social, Carlos Avi\u00f1\u00f3, \u201caquesta setmana representa una oportunitat per a donar visibilitat, no sols a les associacions i entitats locals, sin\u00f3 tamb\u00e9 per a mostrar les diferents realitats que conviuen en el nostre municipi i acabar amb l&#8217;estigma i la por\u201d.<br>El projecte naix del treball conjunt de l&#8217;\u00e0rea de Serveis Socials de l&#8217;Ajuntament de Bunyol amb el teixit associatiu local i comarcal, al costat d&#8217;associacions com NEU, Associaci\u00f3 Fam\u00edlies Valentes, La Foia Diversa i Moviment Democr\u00e0tic de Dones. L&#8217;esperit participatiu que la impulsa es veur\u00e0 reflectit en una programaci\u00f3 constru\u00efda al costat d&#8217;entitats culturals, juvenils, ve\u00efnals o de majors, aix\u00ed com altres col\u00b7lectius de dones i de persones amb discapacitat, que han aportat les seues idees, experi\u00e8ncies i comprom\u00eds per a fer d&#8217;aquesta iniciativa una proposta compartida i transformadora.<br>Una programaci\u00f3 diversa i compromesa<br>Al llarg de nou dies, Bunyol es convertir\u00e0 en un punt de trobada intergeneracional amb xarrades, exposicions, teatre, esport inclusiu, m\u00fasica i cinef\u00f3rum. La setmana comen\u00e7ar\u00e0 el dimarts 25 amb la lectura del Manifest per la Inclusi\u00f3 i l&#8217;obertura de l&#8217;exposici\u00f3 fotogr\u00e0fica \u201cAccessibilitat i barreres\u201d a la Sala El Mercat. Hi haur\u00e0 proposades de sensibilitzaci\u00f3 en l&#8217;\u00e0mbit educatiu \u2014com el concurs de relats sobre inclusi\u00f3 en l&#8217;IES\u2014, un f\u00f2rum comarcal per a compartir experi\u00e8ncies i dissenyar millores en pol\u00edtiques inclusives, i una pon\u00e8ncia sobre ocupabilitat de persones amb discapacitat amb participaci\u00f3 d&#8217;entitats especialitzades.<br>Durant el cap de setmana se celebraran diferents activitats culturals i esportives, entre les quals destaca la I Carrera per la Inclusi\u00f3, organitzada en col\u00b7laboraci\u00f3 amb l&#8217;Associaci\u00f3 \u201cCorreores\u201d de Bunyol. La clausura tindr\u00e0 lloc la vesprada del dimecres 3 de desembre \u2014Dia Internacional de les Persones amb Discapacitat\u2014, en el Palau de la M\u00fasica, amb la projecci\u00f3 del documental \u201cBuscant el meu propi nom\u201d, de Pablo Garc\u00eda, i un col\u00b7loqui amb el seu equip. Eixe mateix mat\u00ed, R\u00e0dio Bunyol emetr\u00e0 un especial dedicat a la inclusi\u00f3 i la salut mental, realitzat per l&#8217;alumnat i professorat del Centre Ocupacional \u201cVia Lliure\u201d de Bunyol.<\/p>\n","protected":false},"excerpt":{"rendered":"<div class=\"mh-excerpt\">La primera edici\u00f3, que es desenvolupar\u00e0 del 25 de novembre al 3 de desembre, posa el focus en les dones i persones amb discapacitat. La diversitat \u00e9s una de les majors riqueses de Bunyol. Conscient <a class=\"mh-excerpt-more\" href=\"https:\/\/tucomarca.whitekongsoftware.com\/ca\/bunyol-organitza-la-seua-primera-setmana-de-la-inclusio-sota-el-lema-unint-veus-derrocant-barreres\/\" title=\"Bunyol organitza la seua primera setmana de la inclusi\u00f3 sota el lema \u201cUnint veus, derrocant barreres\u201d\">[+] <\/a><\/div>\n","protected":false},"author":12,"featured_media":284591,"comment_status":"open","ping_status":"open","sticky":false,"template":"","format":"standard","meta":{"footnotes":""},"categories":[11019,10911,10894,10912,11007,10947,10896],"tags":[10913,10914,23310],"class_list":["post-284592","post","type-post","status-publish","format-standard","has-post-thumbnail","category-agenda-ca","category-bunol-ca","category-la-comarca-ca","category-la-hoya-ca","category-ocio-y-cultura-ca","category-politica","category-seccion-ca","tag-bunol-ca","tag-la-hoya-de-bunol-chiva-ca","tag-semana-de-la-inclusion-ca"],"_links":{"self":[{"href":"https:\/\/tucomarca.whitekongsoftware.com\/ca\/wp-json\/wp\/v2\/posts\/284592","targetHints":{"allow":["GET"]}}],"collection":[{"href":"https:\/\/tucomarca.whitekongsoftware.com\/ca\/wp-json\/wp\/v2\/posts"}],"about":[{"href":"https:\/\/tucomarca.whitekongsoftware.com\/ca\/wp-json\/wp\/v2\/types\/post"}],"author":[{"embeddable":true,"href":"https:\/\/tucomarca.whitekongsoftware.com\/ca\/wp-json\/wp\/v2\/users\/12"}],"replies":[{"embeddable":true,"href":"https:\/\/tucomarca.whitekongsoftware.com\/ca\/wp-json\/wp\/v2\/comments?post=284592"}],"version-history":[{"count":0,"href":"https:\/\/tucomarca.whitekongsoftware.com\/ca\/wp-json\/wp\/v2\/posts\/284592\/revisions"}],"wp:featuredmedia":[{"embeddable":true,"href":"https:\/\/tucomarca.whitekongsoftware.com\/ca\/wp-json\/wp\/v2\/media\/284591"}],"wp:attachment":[{"href":"https:\/\/tucomarca.whitekongsoftware.com\/ca\/wp-json\/wp\/v2\/media?parent=284592"}],"wp:term":[{"taxonomy":"category","embeddable":true,"href":"https:\/\/tucomarca.whitekongsoftware.com\/ca\/wp-json\/wp\/v2\/categories?post=284592"},{"taxonomy":"post_tag","embeddable":true,"href":"https:\/\/tucomarca.whitekongsoftware.com\/ca\/wp-json\/wp\/v2\/tags?post=284592"}],"curies":[{"name":"wp","href":"https:\/\/api.w.org\/{rel}","templated":true}]}}