{"id":284505,"date":"2025-11-04T10:30:00","date_gmt":"2025-11-04T09:30:00","guid":{"rendered":"https:\/\/www.tucomarca.com\/wordpress\/segunda\/?p=284505"},"modified":"2025-11-04T20:52:22","modified_gmt":"2025-11-04T19:52:22","slug":"lajuntament-de-benaguasil-dona-la-benvinguda-als-joves-del-programa-talent-jove-garantia-juvenil","status":"publish","type":"post","link":"https:\/\/tucomarca.whitekongsoftware.com\/ca\/lajuntament-de-benaguasil-dona-la-benvinguda-als-joves-del-programa-talent-jove-garantia-juvenil\/","title":{"rendered":"L&#8217;Ajuntament de Benaguasil dona la benvinguda als joves del programa &#8216;Talent Jove Garantia Juvenil&#8217;"},"content":{"rendered":"\n<h3 class=\"wp-block-heading\">Durant 12 mesos formar\u00e0 i emprar\u00e0 20 ve\u00efns en les especialitats de jardineria i obra# de paleta.<\/h3>\n\n\n\n<p class=\"wp-block-paragraph\">L&#8217;Ajuntament de Benaguasil ha donat inici aquesta setmana al programa mixt de formaci\u00f3 i empre \u201cTalent Jove Garantia Juvenil\u201d, una iniciativa que permet a 20 joves del municipi formar-se i treballar durant un any en les especialitats de jardineria i obra# de paleta.<\/p>\n\n\n\n<p class=\"wp-block-paragraph\">L&#8217;alcalde, Ximo Segarra, els ha donat la benvinguda i ha destacat la import\u00e0ncia d&#8217;aquesta mena de programes \u201cque combinen formaci\u00f3 i ocupaci\u00f3, oferint als joves una via efectiva per a per a millorar la seua formaci\u00f3 i la seua experi\u00e8ncia en el m\u00f3n laboral\u201d<\/p>\n\n\n\n<p class=\"wp-block-paragraph\">El programa t\u00e9 com a objectiu millorar l&#8217;ocupabilitat dels joves menors de 30 anys inscrits en el Sistema Nacional de Garantia Juvenil, oferint-los una oportunitat real de formaci\u00f3 pr\u00e0ctica i experi\u00e8ncia laboral remunerada.<\/p>\n\n\n\n<p class=\"wp-block-paragraph\">Durant els pr\u00f2xims dotze mesos, els participants rebran formaci\u00f3 te\u00f2rica relacionada amb les seues especialitats i desenvoluparan treballs en espais p\u00fablics del municipi, contribuint al manteniment i millora d&#8217;infraestructures i zones verdes de Benaguasil.<\/p>\n\n\n\n<p class=\"wp-block-paragraph\">Aquest projecte, impulsat per la Generalitat Valenciana i cofinan\u00e7at pel Fons Social Europeu Plus (FSE+) i el propi Ajuntament de Benaguasil, compta amb un pressupost total de 605.384 euros.<\/p>\n\n\n\n<p class=\"wp-block-paragraph\">Amb aquesta iniciativa, l&#8217;Ajuntament reafirma el seu comprom\u00eds amb el foment de l&#8217;ocupaci\u00f3 juvenil i el desenvolupament sostenible del municipi.<\/p>\n","protected":false},"excerpt":{"rendered":"<div class=\"mh-excerpt\">Durant 12 mesos formar\u00e0 i emprar\u00e0 20 ve\u00efns en les especialitats de jardineria i obra# de paleta. L&#8217;Ajuntament de Benaguasil ha donat inici aquesta setmana al programa mixt de formaci\u00f3 i empre \u201cTalent Jove Garantia <a class=\"mh-excerpt-more\" href=\"https:\/\/tucomarca.whitekongsoftware.com\/ca\/lajuntament-de-benaguasil-dona-la-benvinguda-als-joves-del-programa-talent-jove-garantia-juvenil\/\" title=\"L&#8217;Ajuntament de Benaguasil dona la benvinguda als joves del programa &#8216;Talent Jove Garantia Juvenil&#8217;\">[+] <\/a><\/div>\n","protected":false},"author":1,"featured_media":284503,"comment_status":"open","ping_status":"open","sticky":false,"template":"","format":"standard","meta":{"footnotes":""},"categories":[10952,10892,10948,10894,10947,10896],"tags":[11136,10899],"class_list":["post-284505","post","type-post","status-publish","format-standard","has-post-thumbnail","category-benaguasil-ca","category-camp-de-turia-ca","category-infraestructuras-ca","category-la-comarca-ca","category-politica","category-seccion-ca","tag-benaguasil-ca","tag-camp-de-turia-ca"],"_links":{"self":[{"href":"https:\/\/tucomarca.whitekongsoftware.com\/ca\/wp-json\/wp\/v2\/posts\/284505","targetHints":{"allow":["GET"]}}],"collection":[{"href":"https:\/\/tucomarca.whitekongsoftware.com\/ca\/wp-json\/wp\/v2\/posts"}],"about":[{"href":"https:\/\/tucomarca.whitekongsoftware.com\/ca\/wp-json\/wp\/v2\/types\/post"}],"author":[{"embeddable":true,"href":"https:\/\/tucomarca.whitekongsoftware.com\/ca\/wp-json\/wp\/v2\/users\/1"}],"replies":[{"embeddable":true,"href":"https:\/\/tucomarca.whitekongsoftware.com\/ca\/wp-json\/wp\/v2\/comments?post=284505"}],"version-history":[{"count":0,"href":"https:\/\/tucomarca.whitekongsoftware.com\/ca\/wp-json\/wp\/v2\/posts\/284505\/revisions"}],"wp:featuredmedia":[{"embeddable":true,"href":"https:\/\/tucomarca.whitekongsoftware.com\/ca\/wp-json\/wp\/v2\/media\/284503"}],"wp:attachment":[{"href":"https:\/\/tucomarca.whitekongsoftware.com\/ca\/wp-json\/wp\/v2\/media?parent=284505"}],"wp:term":[{"taxonomy":"category","embeddable":true,"href":"https:\/\/tucomarca.whitekongsoftware.com\/ca\/wp-json\/wp\/v2\/categories?post=284505"},{"taxonomy":"post_tag","embeddable":true,"href":"https:\/\/tucomarca.whitekongsoftware.com\/ca\/wp-json\/wp\/v2\/tags?post=284505"}],"curies":[{"name":"wp","href":"https:\/\/api.w.org\/{rel}","templated":true}]}}