{"id":284244,"date":"2025-10-31T08:40:00","date_gmt":"2025-10-31T06:40:00","guid":{"rendered":"https:\/\/www.tucomarca.com\/wordpress\/segunda\/?p=284244"},"modified":"2025-10-31T19:37:59","modified_gmt":"2025-10-31T17:37:59","slug":"novembre-arriba-replet-dactes-culturals-i-musicals-en-lagenda-cultural-bunyol-actua","status":"publish","type":"post","link":"https:\/\/tucomarca.whitekongsoftware.com\/ca\/novembre-arriba-replet-dactes-culturals-i-musicals-en-lagenda-cultural-bunyol-actua\/","title":{"rendered":"Novembre arriba replet d&#8217;actes culturals i musicals en l&#8217;agenda cultural Bunyol Actua"},"content":{"rendered":"\n<p class=\"wp-block-paragraph\">L\u2019Ajuntament de <strong>Bu\u00f1ol<\/strong> ha presentat una \u00e0mplia programaci\u00f3 cultural per al mes de novembre, dedicat a la m\u00fasica, el teatre i les activitats infantils i juvenils, amb motiu de la celebraci\u00f3 de Santa Cec\u00edlia, mes de la M\u00fasica.<\/p>\n\n\n<div class=\"wp-block-image\">\n<figure class=\"alignleft size-large is-resized\"><img loading=\"lazy\" decoding=\"async\" width=\"705\" height=\"1024\" src=\"http:\/\/www.tucomarca.com\/wordpress\/segunda\/wp-content\/uploads\/2025\/10\/BunolActuaNov25-705x1024.jpg\" alt=\"\" class=\"wp-image-284234\" style=\"width:440px;height:auto\" srcset=\"https:\/\/tucomarca.whitekongsoftware.com\/wp-content\/uploads\/2025\/10\/BunolActuaNov25-705x1024.jpg 705w, https:\/\/tucomarca.whitekongsoftware.com\/wp-content\/uploads\/2025\/10\/BunolActuaNov25-207x300.jpg 207w, https:\/\/tucomarca.whitekongsoftware.com\/wp-content\/uploads\/2025\/10\/BunolActuaNov25-768x1116.jpg 768w, https:\/\/tucomarca.whitekongsoftware.com\/wp-content\/uploads\/2025\/10\/BunolActuaNov25.jpg 886w\" sizes=\"auto, (max-width: 705px) 100vw, 705px\" \/><\/figure>\n<\/div>\n\n\n<p class=\"wp-block-paragraph\">Al llarg de tot el mes, el municipi acollir\u00e0 <strong>concerts, representacions teatrals, tallers, presentacions de llibres i propostes familiars<\/strong>, amb la participaci\u00f3 de les societats musicals locals, associacions culturals i la col\u00b7laboraci\u00f3 de diferents regidories.<\/p>\n\n\n\n<p class=\"wp-block-paragraph\"><strong>Mes de la M\u00fasica<\/strong><\/p>\n\n\n\n<p class=\"wp-block-paragraph\">El programa musical comen\u00e7ar\u00e0 el <strong>divendres 7 de novembre<\/strong> amb l\u2019actuaci\u00f3 d\u2019<strong>\u00c1ngel Merenciano \u201cCanciones que nunca mueren\u201d<\/strong>, a les 18.00 h a la <strong>Sala El Mercado<\/strong>, en un esdeveniment <strong>ben\u00e8fic a favor de l\u2019Asociaci\u00f3n Espa\u00f1ola contra el C\u00e1ncer<\/strong> (entrada gratu\u00efta amb donatiu).<\/p>\n\n\n\n<p class=\"wp-block-paragraph\">El <strong>dissabte 8 de novembre<\/strong>, a les 19.00 h al <strong>Palau de la M\u00fasica<\/strong>, tindr\u00e0 lloc el <strong>concert de la Banda Juvenil del C.I.M. La Arm\u00f3nica<\/strong> amb motiu de la <strong>festivitat de Santa Cec\u00edlia<\/strong>, seguit el <strong>diumenge 9<\/strong>, a les 18.00 h, pel <strong>III Festival Coral Villa de Bu\u00f1ol<\/strong>, amb la participaci\u00f3 del <strong>Coro Orfeos<\/strong> de la S.M. La Art\u00edstica, el <strong>Cor Veus del T\u00faria de Riba-roja<\/strong>, la <strong>Coral Polif\u00f3nica del C.I.M. La Arm\u00f3nica<\/strong> i el <strong>Coro d\u2019Alumnes de l\u2019Escola Oficial d\u2019Idiomes de Val\u00e8ncia<\/strong>.<\/p>\n\n\n\n<p class=\"wp-block-paragraph\">El <strong>dissabte 15 de novembre<\/strong>, a les 19.00 h, el <strong>Teatro Montecarlo<\/strong> acollir\u00e0 el <strong>concert de l\u2019Orquestra i la Banda Juvenil de la S.M. La Art\u00edstica<\/strong>, mentre que el <strong>diumenge 16<\/strong>, des de les 10.00 h, se celebrar\u00e0 el tradicional <strong>passacarrer de recollida de nous m\u00fasics<\/strong> des del barri San Rafael fins a Rosales.<\/p>\n\n\n\n<p class=\"wp-block-paragraph\">El <strong>dimecres 19 de novembre<\/strong>, a les 19.00 h, a l\u2019<strong>Esgl\u00e9sia de San Pedro Ap\u00f3stol<\/strong>, tindr\u00e0 lloc una <strong>missa acompanyada pel Coro Orfeos de la S.M. La Art\u00edstica<\/strong>, seguida d\u2019un passacarrer fins a la seu de la societat musical.<\/p>\n\n\n\n<p class=\"wp-block-paragraph\">El <strong>dissabte 22 de novembre<\/strong>, dia de <strong>Santa Cec\u00edlia<\/strong>, se celebraran diversos actes:<\/p>\n\n\n\n<ul class=\"wp-block-list\">\n<li>A les 10.00 h, <strong>concert de la Coral Polif\u00f3nica del C.I.M. La Arm\u00f3nica<\/strong> a l\u2019Esgl\u00e9sia de San Pedro.<br><\/li>\n\n\n\n<li>A les 19.00 h, <strong>concert de la Banda Sinf\u00f3nica de la S.M. La Art\u00edstica<\/strong> al Teatro Montecarlo.<br><\/li>\n<\/ul>\n\n\n\n<p class=\"wp-block-paragraph\">El cicle musical es completar\u00e0 amb el <strong>concert de m\u00fasica de cambra d\u2019Europa Camerata<\/strong> el <strong>divendres 28 de novembre<\/strong>, a les 19.00 h a l\u2019<strong>Esgl\u00e9sia de San Pedro Ap\u00f3stol<\/strong> (entrada 5 \u20ac, pagament amb targeta), i el <strong>concert de la Banda Sinf\u00f3nica del C.I.M. La Arm\u00f3nica<\/strong> el <strong>dissabte 29<\/strong>, a les 19.00 h al <strong>Palau de la M\u00fasica<\/strong>.<\/p>\n\n\n\n<p class=\"wp-block-paragraph\"><strong>Teatre i cultura<\/strong><\/p>\n\n\n\n<p class=\"wp-block-paragraph\">El <strong>dimarts 4 de novembre<\/strong>, a les 11.30 h, el <strong>Teatro Montecarlo<\/strong> acollir\u00e0 la representaci\u00f3 en valenci\u00e0 <em>\u201cA la llum de la not\u00edcia\u201d<\/em>, de la companyia <strong>Tramant Teatre<\/strong>, dirigida a l\u2019alumnat de 5\u00e9 de Prim\u00e0ria.<\/p>\n\n\n\n<p class=\"wp-block-paragraph\">El <strong>dimarts 25 de novembre<\/strong>, amb motiu del <strong>Dia Internacional per a l\u2019Eliminaci\u00f3 de la Viol\u00e8ncia contra la Dona<\/strong>, es representar\u00e0 a la <strong>Sala El Mercado<\/strong> l\u2019obra <em>\u201cFemenino singular. En contra de la violencia machista\u201d<\/em>, de la companyia <strong>Bini Tui \/ N\u00faria Urioz<\/strong> (entrada: 5 \u20ac).<\/p>\n\n\n\n<p class=\"wp-block-paragraph\">El <strong>dimecres 26 de novembre<\/strong>, a les 11.00 h, el <strong>Palau de la M\u00fasica<\/strong> acollir\u00e0 l\u2019obra en angl\u00e9s <em>\u201cVikings\u201d<\/em>, de la companyia <strong>Forum Teatre i Educaci\u00f3<\/strong>, dirigida a l\u2019alumnat de 6\u00e9 de Prim\u00e0ria.<\/p>\n\n\n\n<p class=\"wp-block-paragraph\"><strong>Activitats infantils i juvenils<\/strong><\/p>\n\n\n\n<p class=\"wp-block-paragraph\">La programaci\u00f3 es completar\u00e0 amb una variada oferta per al p\u00fablic m\u00e9s jove:<\/p>\n\n\n\n<ul class=\"wp-block-list\">\n<li><strong>1 de novembre<\/strong>, a les 18.00 h: <strong>Halloween al C.I.M. La Arm\u00f3nica<\/strong>, amb berenar monstru\u00f3s, t\u00fanels del terror, gimcana, concurs de disfresses i sopar de cabasset per a fam\u00edlies.<br><\/li>\n\n\n\n<li><strong>7 de novembre<\/strong>, de 19.00 h a 22.00 h: <strong>Taller Artfluor<\/strong> a la <strong>Sala Rafael Raga del Molino de Gal\u00e1n<\/strong>, amb dos torns per edats (12\u201316 i 16\u201330 anys).<br><\/li>\n\n\n\n<li><strong>8 de novembre<\/strong>, a les 12.00 h: <strong>Contacontes infantil \u201cA la llum de Sorolla\u201d<\/strong>, a c\u00e0rrec d\u2019<strong>Ameba Teatre<\/strong>.<br><\/li>\n\n\n\n<li><strong>21 de novembre<\/strong>, a les 19.00 h: <strong>Presentaci\u00f3 del llibre infantil \u201cViol\u00edn Chiquit\u00edn y la Corchea Saltarina\u201d<\/strong>, amb la intervenci\u00f3 musical de Jos\u00e9 Guerrero.<br><\/li>\n\n\n\n<li><strong>22 de novembre<\/strong>, a les 12.00 h: <strong>Contacontes musical<\/strong> basat en el mateix llibre, a la <strong>Sala Rafael Raga<\/strong>, amb entrada gratu\u00efta.<br><\/li>\n\n\n\n<li><strong>22 de novembre<\/strong>, de 10.00 h a 14.00 h: <strong>Taller de cuina \u201cGastroxef\u201d<\/strong> a la <strong>Pla\u00e7a del Castell<\/strong>.<br><\/li>\n\n\n\n<li><strong>22 de novembre<\/strong>, de 10.30 h a 18.00 h: jornada familiar al <strong>Sal\u00f3 d\u2019Assaig del C.I.M. La Arm\u00f3nica<\/strong>, amb xocolate, berenar i activitats.<br><\/li>\n<\/ul>\n\n\n\n<p class=\"wp-block-paragraph\"><strong>Altres activitats<\/strong><\/p>\n\n\n\n<ul class=\"wp-block-list\">\n<li><strong>8 de novembre<\/strong>, a les 19.00 h: <strong>Taller de pintura i vi \u201cArt &amp; Wine at Home\u201d<\/strong> a la Sala El Mercado (aforament m\u00e0xim de 25 places, inscripci\u00f3 pr\u00e8via a bunyolcultura@gmail.com).<br><\/li>\n\n\n\n<li><strong>21 de novembre<\/strong>, a les 21.00 h: <strong>Sopar de cabasset<\/strong> al <strong>Sal\u00f3 d\u2019Assaig del C.I.M. La Arm\u00f3nica<\/strong>.<br><\/li>\n\n\n\n<li><strong>28 de novembre<\/strong>, a les 18.00 h: <strong>Club de lectura<\/strong> sobre el llibre <em>\u201cLos hombres me explican las cosas\u201d<\/em> de <strong>Rebecca Solnit<\/strong>, a la <strong>Sala Rafael Raga del Molino de Gal\u00e1n<\/strong>.<br><\/li>\n<\/ul>\n\n\n\n<p class=\"wp-block-paragraph\">Amb aquesta completa agenda, <strong>Bu\u00f1ol<\/strong> ofereix propostes per a totes les edats i gustos al llarg d\u2019un mes ple d\u2019art y m\u00fasica.<\/p>\n","protected":false},"excerpt":{"rendered":"<div class=\"mh-excerpt\">L\u2019Ajuntament de Bu\u00f1ol ha presentat una \u00e0mplia programaci\u00f3 cultural per al mes de novembre, dedicat a la m\u00fasica, el teatre i les activitats infantils i juvenils, amb motiu de la celebraci\u00f3 de Santa Cec\u00edlia, mes <a class=\"mh-excerpt-more\" href=\"https:\/\/tucomarca.whitekongsoftware.com\/ca\/novembre-arriba-replet-dactes-culturals-i-musicals-en-lagenda-cultural-bunyol-actua\/\" title=\"Novembre arriba replet d&#8217;actes culturals i musicals en l&#8217;agenda cultural Bunyol Actua\">[+] <\/a><\/div>\n","protected":false},"author":12,"featured_media":284229,"comment_status":"open","ping_status":"open","sticky":false,"template":"","format":"standard","meta":{"footnotes":""},"categories":[11019,10911,11005,10894,10912,11007,10896],"tags":[13872,10913,14722,10914],"class_list":["post-284244","post","type-post","status-publish","format-standard","has-post-thumbnail","category-agenda-ca","category-bunol-ca","category-canal-musica","category-la-comarca-ca","category-la-hoya-ca","category-ocio-y-cultura-ca","category-seccion-ca","tag-agenda-cultural-ca","tag-bunol-ca","tag-bunol-actua-ca","tag-la-hoya-de-bunol-chiva-ca"],"_links":{"self":[{"href":"https:\/\/tucomarca.whitekongsoftware.com\/ca\/wp-json\/wp\/v2\/posts\/284244","targetHints":{"allow":["GET"]}}],"collection":[{"href":"https:\/\/tucomarca.whitekongsoftware.com\/ca\/wp-json\/wp\/v2\/posts"}],"about":[{"href":"https:\/\/tucomarca.whitekongsoftware.com\/ca\/wp-json\/wp\/v2\/types\/post"}],"author":[{"embeddable":true,"href":"https:\/\/tucomarca.whitekongsoftware.com\/ca\/wp-json\/wp\/v2\/users\/12"}],"replies":[{"embeddable":true,"href":"https:\/\/tucomarca.whitekongsoftware.com\/ca\/wp-json\/wp\/v2\/comments?post=284244"}],"version-history":[{"count":0,"href":"https:\/\/tucomarca.whitekongsoftware.com\/ca\/wp-json\/wp\/v2\/posts\/284244\/revisions"}],"wp:featuredmedia":[{"embeddable":true,"href":"https:\/\/tucomarca.whitekongsoftware.com\/ca\/wp-json\/wp\/v2\/media\/284229"}],"wp:attachment":[{"href":"https:\/\/tucomarca.whitekongsoftware.com\/ca\/wp-json\/wp\/v2\/media?parent=284244"}],"wp:term":[{"taxonomy":"category","embeddable":true,"href":"https:\/\/tucomarca.whitekongsoftware.com\/ca\/wp-json\/wp\/v2\/categories?post=284244"},{"taxonomy":"post_tag","embeddable":true,"href":"https:\/\/tucomarca.whitekongsoftware.com\/ca\/wp-json\/wp\/v2\/tags?post=284244"}],"curies":[{"name":"wp","href":"https:\/\/api.w.org\/{rel}","templated":true}]}}