{"id":284123,"date":"2025-10-30T13:00:00","date_gmt":"2025-10-30T11:00:00","guid":{"rendered":"https:\/\/www.tucomarca.com\/wordpress\/segunda\/?p=284123"},"modified":"2025-10-30T19:22:07","modified_gmt":"2025-10-30T17:22:07","slug":"lobertura-de-dos-ponts-de-la-diputacio-restablix-la-connexio-directa-entre-requena-i-les-pedanies-del-marge-dret-del-magre","status":"publish","type":"post","link":"https:\/\/tucomarca.whitekongsoftware.com\/ca\/lobertura-de-dos-ponts-de-la-diputacio-restablix-la-connexio-directa-entre-requena-i-les-pedanies-del-marge-dret-del-magre\/","title":{"rendered":"L&#8217;obertura de dos ponts de la Diputaci\u00f3 restablix la connexi\u00f3 directa entre Requena i les pedanies del marge dret del Magre\u00a0"},"content":{"rendered":"\n<h3 class=\"wp-block-heading\">El president de la instituci\u00f3 provincial, Vicent Momp\u00f3, i la diputada de Carreteres, Reme Mazzolari, acompanyats per l&#8217;alcalde Mario S\u00e1nchez, assistixen a la posada en servici de les dos infraestructures.<\/h3>\n\n\n\n<h3 class=\"wp-block-heading\">La intervenci\u00f3 ha comptat amb un pressupost de 3,8 milions d&#8217;euros i s&#8217;ha finalitzat un mes abans del termini previst.<\/h3>\n\n\n\n<p class=\"wp-block-paragraph\">La Diputaci\u00f3 de Val\u00e8ncia ha posat en servici els ponts de Jalance (CV-431) i Sant Joan (CV-448) en el terme municipal de Requena, retornant aix\u00ed la connexi\u00f3 directa entre el nucli urb\u00e0 del municipi i les pedanies situades en el marge dret del riu Magre, que van quedar incomunicades a causa de la dana d&#8217;octubre de 2024.<\/p>\n\n\n\n<p class=\"wp-block-paragraph\">El president Vicent Momp\u00f3, que ha estat present en l&#8217;obertura de les dos infraestructures ha assenyalat que \u201cs\u00f3n un exemple que la reconstrucci\u00f3 continua i avan\u00e7a\u201d. De fet, esta actuaci\u00f3, amb una inversi\u00f3 total de 3,8 milions d&#8217;euros, s&#8217;ha completat en 11 mesos, un abans del que es preveu.&nbsp;<\/p>\n\n\n\n<p class=\"wp-block-paragraph\">En este sentit, el president de la Diputaci\u00f3, ha explicat que \u201cs&#8217;ha fet molta faena i en queda molta per fer\u201d. \u201cEstarem fins a l&#8217;\u00faltim segon al costat dels pobles que tenen problemes i que continuen somiant a tornar a la rutina i la normalitat, hem d&#8217;ajudar perqu\u00e8 els servicis puguen arribar als municipis\u201d, ha recalcat.&nbsp;<\/p>\n\n\n\n<p class=\"wp-block-paragraph\">Per part seua, la diputada de Carreteres i vicepresidenta segona de la Diputaci\u00f3, Reme Mazzolari, ha indicat que &#8220;en este cas, com en altres ponts que van col\u00b7lapsar per la dana, l&#8217;\u00e0rea de Carreteres va habilitar passos provisionals sobre el riu mitjan\u00e7ant marcs de formig\u00f3, que van permetre mantindre el tr\u00e0nsit diari i l&#8217;acc\u00e9s a les pedanies mentres s&#8217;executaven les obres principals&#8221; i incidix que &#8220;com a instituci\u00f3 p\u00fablica, la Diputaci\u00f3 no podia deixar de costat als ve\u00efns de les pedanies, que han de despla\u00e7ar-se de manera freq\u00fcent al nucli urb\u00e0 de Requena i necessitaven recuperar la connexi\u00f3 directa per a rec\u00f3rrer el trajecte de manera m\u00e9s r\u00e0pida i m\u00e9s segura&#8221;.<\/p>\n\n\n\n<p class=\"wp-block-paragraph\">A m\u00e9s, l&#8217;alcalde de Requena, Mario S\u00e1nchez, ha destacat la col\u00b7laboraci\u00f3 institucional: \u201cla reconstrucci\u00f3 est\u00e0 sent molt important, totes les administracions estan posant tot de la seua part per a tornar no sols a la situaci\u00f3 inicial, sin\u00f3 per a tornar millor, amb les infraestructures estiguen m\u00e9s preparades i que no torne a oc\u00f3rrer; este pont \u00e9s un exemple de col\u00b7laboraci\u00f3 entre administracions, tots hem de fer el que s&#8217;est\u00e0 fent en la pr\u00e0ctica: coordinar-nos, col\u00b7laborar i posar en primer lloc els interessos dels nostres ve\u00efns i ve\u00efnes\u201d.<\/p>\n\n\n\n<figure class=\"wp-block-gallery has-nested-images columns-2 is-cropped wp-block-gallery-1 is-layout-flex wp-block-gallery-is-layout-flex\">\n<figure class=\"wp-block-image size-large\"><img loading=\"lazy\" decoding=\"async\" width=\"1024\" height=\"683\" data-id=\"284114\" src=\"https:\/\/www.tucomarca.com\/wordpress\/segunda\/wp-content\/uploads\/2025\/10\/AlcaldesaPedaneaSanJuan-1024x683.jpg\" alt=\"\" class=\"wp-image-284114\" srcset=\"https:\/\/tucomarca.whitekongsoftware.com\/wp-content\/uploads\/2025\/10\/AlcaldesaPedaneaSanJuan-1024x683.jpg 1024w, https:\/\/tucomarca.whitekongsoftware.com\/wp-content\/uploads\/2025\/10\/AlcaldesaPedaneaSanJuan-300x200.jpg 300w, https:\/\/tucomarca.whitekongsoftware.com\/wp-content\/uploads\/2025\/10\/AlcaldesaPedaneaSanJuan-768x512.jpg 768w, https:\/\/tucomarca.whitekongsoftware.com\/wp-content\/uploads\/2025\/10\/AlcaldesaPedaneaSanJuan-1536x1024.jpg 1536w, https:\/\/tucomarca.whitekongsoftware.com\/wp-content\/uploads\/2025\/10\/AlcaldesaPedaneaSanJuan-2048x1365.jpg 2048w\" sizes=\"auto, (max-width: 1024px) 100vw, 1024px\" \/><\/figure>\n\n\n\n<figure class=\"wp-block-image size-large\"><img loading=\"lazy\" decoding=\"async\" width=\"1024\" height=\"683\" data-id=\"284120\" src=\"https:\/\/www.tucomarca.com\/wordpress\/segunda\/wp-content\/uploads\/2025\/10\/PuenteSanJuan2-1024x683.jpg\" alt=\"\" class=\"wp-image-284120\" srcset=\"https:\/\/tucomarca.whitekongsoftware.com\/wp-content\/uploads\/2025\/10\/PuenteSanJuan2-1024x683.jpg 1024w, https:\/\/tucomarca.whitekongsoftware.com\/wp-content\/uploads\/2025\/10\/PuenteSanJuan2-300x200.jpg 300w, https:\/\/tucomarca.whitekongsoftware.com\/wp-content\/uploads\/2025\/10\/PuenteSanJuan2-768x512.jpg 768w, https:\/\/tucomarca.whitekongsoftware.com\/wp-content\/uploads\/2025\/10\/PuenteSanJuan2-1536x1024.jpg 1536w, https:\/\/tucomarca.whitekongsoftware.com\/wp-content\/uploads\/2025\/10\/PuenteSanJuan2-2048x1365.jpg 2048w\" sizes=\"auto, (max-width: 1024px) 100vw, 1024px\" \/><\/figure>\n\n\n\n<figure class=\"wp-block-image size-large\"><img loading=\"lazy\" decoding=\"async\" width=\"1024\" height=\"683\" data-id=\"284118\" src=\"https:\/\/www.tucomarca.com\/wordpress\/segunda\/wp-content\/uploads\/2025\/10\/DipuPuenteSanJuan-1024x683.jpg\" alt=\"\" class=\"wp-image-284118\" srcset=\"https:\/\/tucomarca.whitekongsoftware.com\/wp-content\/uploads\/2025\/10\/DipuPuenteSanJuan-1024x683.jpg 1024w, https:\/\/tucomarca.whitekongsoftware.com\/wp-content\/uploads\/2025\/10\/DipuPuenteSanJuan-300x200.jpg 300w, https:\/\/tucomarca.whitekongsoftware.com\/wp-content\/uploads\/2025\/10\/DipuPuenteSanJuan-768x512.jpg 768w, https:\/\/tucomarca.whitekongsoftware.com\/wp-content\/uploads\/2025\/10\/DipuPuenteSanJuan-1536x1024.jpg 1536w, https:\/\/tucomarca.whitekongsoftware.com\/wp-content\/uploads\/2025\/10\/DipuPuenteSanJuan-2048x1365.jpg 2048w\" sizes=\"auto, (max-width: 1024px) 100vw, 1024px\" \/><\/figure>\n<\/figure>\n\n\n\n<p class=\"wp-block-paragraph\"><strong>Dos noves infraestructures m\u00e9s segures i adaptades al llit del riu<\/strong><\/p>\n\n\n\n<p class=\"wp-block-paragraph\">En el pont de Jalance (CV-431), la Diputaci\u00f3 ha reconstru\u00eft l&#8217;estructura despr\u00e9s dels danys en els estreps causats per la for\u00e7a de l&#8217;aigua. S&#8217;ha constru\u00eft un nou suport profund amb pilotes de fins a 14 metres, sobre el que s&#8217;han col\u00b7locat cinc bigues de formig\u00f3 pretesat que conformen la nova obertura del pont.<\/p>\n\n\n\n<p class=\"wp-block-paragraph\">A m\u00e9s, s&#8217;ha incorporat una passarel\u00b7la per als vianants independent formada per tres trams de bigues prefabricades, que permet travessar el riu de manera segura sense compartir espai amb el tr\u00e0nsit rodat. L&#8217;entorn s&#8217;ha protegit amb murs d&#8217;escullera per a refor\u00e7ar els m\u00e0rgens del riu i previndre futures erosions, i s&#8217;ha repavimentat i millorat la senyalitzaci\u00f3 del tram.<\/p>\n\n\n\n<p class=\"wp-block-paragraph\">Per part seua, el pont de Sant Joan (CV-448) ha sigut reconstru\u00eft quasi per complet, mantenint part de l&#8217;estructura original de pedra, per\u00f2 incorporant un nou arc de formig\u00f3 armat de 16 metres que s&#8217;adapta al llit modificat despr\u00e9s de la dana.<\/p>\n\n\n\n<p class=\"wp-block-paragraph\">El tauler del pont s&#8217;ha ampliat de 4 a 6,5 metres, eliminant un antic estrenyiment que dificultava el pas de vehicles. Per a refor\u00e7ar la fonamentaci\u00f3 s&#8217;han executat 48 micropilotes de fins a 28 metres de profunditat, i s&#8217;ha completat el conjunt amb nous sistemes de contenci\u00f3, asfaltat i murs de protecci\u00f3 en els dos m\u00e0rgens.<\/p>\n","protected":false},"excerpt":{"rendered":"<div class=\"mh-excerpt\">El president de la instituci\u00f3 provincial, Vicent Momp\u00f3, i la diputada de Carreteres, Reme Mazzolari, acompanyats per l&#8217;alcalde Mario S\u00e1nchez, assistixen a la posada en servici de les dos infraestructures. La intervenci\u00f3 ha comptat amb <a class=\"mh-excerpt-more\" href=\"https:\/\/tucomarca.whitekongsoftware.com\/ca\/lobertura-de-dos-ponts-de-la-diputacio-restablix-la-connexio-directa-entre-requena-i-les-pedanies-del-marge-dret-del-magre\/\" title=\"L&#8217;obertura de dos ponts de la Diputaci\u00f3 restablix la connexi\u00f3 directa entre Requena i les pedanies del marge dret del Magre\u00a0\">[+] <\/a><\/div>\n","protected":false},"author":1,"featured_media":284117,"comment_status":"open","ping_status":"open","sticky":false,"template":"","format":"gallery","meta":{"footnotes":""},"categories":[21466,10898,10948,10894,10904,10903,10947,10908,10909,10896,10897],"tags":[15409,11246,11199,11099,10910],"class_list":["post-284123","post","type-post","status-publish","format-gallery","has-post-thumbnail","category-dana-ca","category-ventana-ca","category-infraestructuras-ca","category-la-comarca-ca","category-sin-categorizar-ca","category-medio-ambiente-la-comarca-ca","category-politica","category-requena-ca","category-requena-utiel-ca","category-seccion-ca","category-sucesos-la-comarca-ca","tag-dana-2-ca","tag-diputacio-de-valencia-ca","tag-la-comunitat-ca","tag-requena-ca","tag-requena-utiel-ca","post_format-post-format-gallery"],"_links":{"self":[{"href":"https:\/\/tucomarca.whitekongsoftware.com\/ca\/wp-json\/wp\/v2\/posts\/284123","targetHints":{"allow":["GET"]}}],"collection":[{"href":"https:\/\/tucomarca.whitekongsoftware.com\/ca\/wp-json\/wp\/v2\/posts"}],"about":[{"href":"https:\/\/tucomarca.whitekongsoftware.com\/ca\/wp-json\/wp\/v2\/types\/post"}],"author":[{"embeddable":true,"href":"https:\/\/tucomarca.whitekongsoftware.com\/ca\/wp-json\/wp\/v2\/users\/1"}],"replies":[{"embeddable":true,"href":"https:\/\/tucomarca.whitekongsoftware.com\/ca\/wp-json\/wp\/v2\/comments?post=284123"}],"version-history":[{"count":0,"href":"https:\/\/tucomarca.whitekongsoftware.com\/ca\/wp-json\/wp\/v2\/posts\/284123\/revisions"}],"wp:featuredmedia":[{"embeddable":true,"href":"https:\/\/tucomarca.whitekongsoftware.com\/ca\/wp-json\/wp\/v2\/media\/284117"}],"wp:attachment":[{"href":"https:\/\/tucomarca.whitekongsoftware.com\/ca\/wp-json\/wp\/v2\/media?parent=284123"}],"wp:term":[{"taxonomy":"category","embeddable":true,"href":"https:\/\/tucomarca.whitekongsoftware.com\/ca\/wp-json\/wp\/v2\/categories?post=284123"},{"taxonomy":"post_tag","embeddable":true,"href":"https:\/\/tucomarca.whitekongsoftware.com\/ca\/wp-json\/wp\/v2\/tags?post=284123"}],"curies":[{"name":"wp","href":"https:\/\/api.w.org\/{rel}","templated":true}]}}