{"id":284006,"date":"2025-10-29T09:31:00","date_gmt":"2025-10-29T07:31:00","guid":{"rendered":"https:\/\/www.tucomarca.com\/wordpress\/segunda\/?p=284006"},"modified":"2025-10-29T20:58:00","modified_gmt":"2025-10-29T18:58:00","slug":"la-diputacio-se-suma-al-minut-de-silenci-en-record-de-les-victimes-de-la-dana","status":"publish","type":"post","link":"https:\/\/tucomarca.whitekongsoftware.com\/ca\/la-diputacio-se-suma-al-minut-de-silenci-en-record-de-les-victimes-de-la-dana\/","title":{"rendered":"La Diputaci\u00f3 se suma al minut de silenci en record de les v\u00edctimes de la DANA"},"content":{"rendered":"\n<h3 class=\"wp-block-heading\">El president de la Diputaci\u00f3 de Val\u00e8ncia, Vicent Momp\u00f3, guarda el minut de silenci a Utiel.<\/h3>\n\n\n\n<p class=\"wp-block-paragraph\">El president de la Diputaci\u00f3 de Val\u00e8ncia, Vicent Momp\u00f3, s&#8217;ha traslladat a Utiel per a guardar el minut de silenci per les v\u00edctimes de la dana al costat del diputat i alcalde del municipi, Ricardo Gabald\u00f3n, la resta de la corporaci\u00f3 municipal i ve\u00efns i ve\u00efnes de la localitat arrasada per la riuada de fa un any.&nbsp;<\/p>\n\n\n\n<p class=\"wp-block-paragraph\">Per part seua, la vicepresidenta segona, Reme Mazzolari i la diputada de Benestar Social, Imma Gonz\u00e1lez, al costat de treballadors i treballadores de la corporaci\u00f3 provincial tamb\u00e9 s&#8217;han sumat a este minut en mem\u00f2ria de les v\u00edctimes en pla\u00e7a Manises, a les portes de la seu de la Diputaci\u00f3, on les banderes onegen a mitja asta com a senyal de dol.&nbsp;<\/p>\n\n\n\n<p class=\"wp-block-paragraph\">\u201cHui recordem a les v\u00edctimes, m\u00e9s si cap, perqu\u00e8 s\u00f3n la verdadera trag\u00e8dia que ens ha deixat la dana; sabem que no hi ha homenatge que puga reconfortar a les seues fam\u00edlies, nom\u00e9s volem expressar el nostre profund respecte a la seua mem\u00f2ria i a qui els volien\u201d, destaca Momp\u00f3.<\/p>\n\n\n\n<figure class=\"wp-block-gallery has-nested-images columns-1 is-cropped wp-block-gallery-1 is-layout-flex wp-block-gallery-is-layout-flex\">\n<figure class=\"wp-block-image size-large\"><img loading=\"lazy\" decoding=\"async\" width=\"1024\" height=\"691\" data-id=\"284003\" src=\"https:\/\/www.tucomarca.com\/wordpress\/segunda\/wp-content\/uploads\/2025\/10\/DipuMinutoSilencio2-1024x691.jpg\" alt=\"\" class=\"wp-image-284003\" srcset=\"https:\/\/tucomarca.whitekongsoftware.com\/wp-content\/uploads\/2025\/10\/DipuMinutoSilencio2-1024x691.jpg 1024w, https:\/\/tucomarca.whitekongsoftware.com\/wp-content\/uploads\/2025\/10\/DipuMinutoSilencio2-300x202.jpg 300w, https:\/\/tucomarca.whitekongsoftware.com\/wp-content\/uploads\/2025\/10\/DipuMinutoSilencio2-768x518.jpg 768w, https:\/\/tucomarca.whitekongsoftware.com\/wp-content\/uploads\/2025\/10\/DipuMinutoSilencio2.jpg 1181w\" sizes=\"auto, (max-width: 1024px) 100vw, 1024px\" \/><\/figure>\n\n\n\n<figure class=\"wp-block-image size-large\"><img loading=\"lazy\" decoding=\"async\" width=\"1024\" height=\"691\" data-id=\"283999\" src=\"https:\/\/www.tucomarca.com\/wordpress\/segunda\/wp-content\/uploads\/2025\/10\/Minuto-silencio_4-1024x691.jpg\" alt=\"\" class=\"wp-image-283999\" srcset=\"https:\/\/tucomarca.whitekongsoftware.com\/wp-content\/uploads\/2025\/10\/Minuto-silencio_4-1024x691.jpg 1024w, https:\/\/tucomarca.whitekongsoftware.com\/wp-content\/uploads\/2025\/10\/Minuto-silencio_4-300x202.jpg 300w, https:\/\/tucomarca.whitekongsoftware.com\/wp-content\/uploads\/2025\/10\/Minuto-silencio_4-768x518.jpg 768w, https:\/\/tucomarca.whitekongsoftware.com\/wp-content\/uploads\/2025\/10\/Minuto-silencio_4.jpg 1181w\" sizes=\"auto, (max-width: 1024px) 100vw, 1024px\" \/><\/figure>\n<\/figure>\n","protected":false},"excerpt":{"rendered":"<div class=\"mh-excerpt\">El president de la Diputaci\u00f3 de Val\u00e8ncia, Vicent Momp\u00f3, guarda el minut de silenci a Utiel. El president de la Diputaci\u00f3 de Val\u00e8ncia, Vicent Momp\u00f3, s&#8217;ha traslladat a Utiel per a guardar el minut de <a class=\"mh-excerpt-more\" href=\"https:\/\/tucomarca.whitekongsoftware.com\/ca\/la-diputacio-se-suma-al-minut-de-silenci-en-record-de-les-victimes-de-la-dana\/\" title=\"La Diputaci\u00f3 se suma al minut de silenci en record de les v\u00edctimes de la DANA\">[+] <\/a><\/div>\n","protected":false},"author":12,"featured_media":284002,"comment_status":"open","ping_status":"open","sticky":false,"template":"","format":"image","meta":{"footnotes":""},"categories":[21466,10898,10948,10894,10904,10903,10947,10909,10896,10897,11059],"tags":[15409,11246,18863,10910],"class_list":["post-284006","post","type-post","status-publish","format-image","has-post-thumbnail","category-dana-ca","category-ventana-ca","category-infraestructuras-ca","category-la-comarca-ca","category-sin-categorizar-ca","category-medio-ambiente-la-comarca-ca","category-politica","category-requena-utiel-ca","category-seccion-ca","category-sucesos-la-comarca-ca","category-utiel-ca","tag-dana-2-ca","tag-diputacio-de-valencia-ca","tag-minuto-de-silencio-ca","tag-requena-utiel-ca","post_format-post-format-image"],"_links":{"self":[{"href":"https:\/\/tucomarca.whitekongsoftware.com\/ca\/wp-json\/wp\/v2\/posts\/284006","targetHints":{"allow":["GET"]}}],"collection":[{"href":"https:\/\/tucomarca.whitekongsoftware.com\/ca\/wp-json\/wp\/v2\/posts"}],"about":[{"href":"https:\/\/tucomarca.whitekongsoftware.com\/ca\/wp-json\/wp\/v2\/types\/post"}],"author":[{"embeddable":true,"href":"https:\/\/tucomarca.whitekongsoftware.com\/ca\/wp-json\/wp\/v2\/users\/12"}],"replies":[{"embeddable":true,"href":"https:\/\/tucomarca.whitekongsoftware.com\/ca\/wp-json\/wp\/v2\/comments?post=284006"}],"version-history":[{"count":0,"href":"https:\/\/tucomarca.whitekongsoftware.com\/ca\/wp-json\/wp\/v2\/posts\/284006\/revisions"}],"wp:featuredmedia":[{"embeddable":true,"href":"https:\/\/tucomarca.whitekongsoftware.com\/ca\/wp-json\/wp\/v2\/media\/284002"}],"wp:attachment":[{"href":"https:\/\/tucomarca.whitekongsoftware.com\/ca\/wp-json\/wp\/v2\/media?parent=284006"}],"wp:term":[{"taxonomy":"category","embeddable":true,"href":"https:\/\/tucomarca.whitekongsoftware.com\/ca\/wp-json\/wp\/v2\/categories?post=284006"},{"taxonomy":"post_tag","embeddable":true,"href":"https:\/\/tucomarca.whitekongsoftware.com\/ca\/wp-json\/wp\/v2\/tags?post=284006"}],"curies":[{"name":"wp","href":"https:\/\/api.w.org\/{rel}","templated":true}]}}