{"id":283981,"date":"2025-10-29T09:44:00","date_gmt":"2025-10-29T07:44:00","guid":{"rendered":"https:\/\/www.tucomarca.com\/wordpress\/segunda\/?p=283981"},"modified":"2025-10-29T20:51:15","modified_gmt":"2025-10-29T18:51:15","slug":"xest-guarda-un-minut-de-silenci-per-les-victimes-de-la-dana-en-el-primer-aniversari-de-la-catastrofe","status":"publish","type":"post","link":"https:\/\/tucomarca.whitekongsoftware.com\/ca\/xest-guarda-un-minut-de-silenci-per-les-victimes-de-la-dana-en-el-primer-aniversari-de-la-catastrofe\/","title":{"rendered":"Xest guarda un minut de silenci per les v\u00edctimes de la DANA en el primer aniversari de la cat\u00e0strofe"},"content":{"rendered":"\n<p class=\"wp-block-paragraph\">Aquest mat\u00ed, a les 12.00, desenes de ve\u00efns i ve\u00efnes de Xest s&#8217;han concentrat en la pla\u00e7a Doctor Cajal amb motiu del primer aniversari de la DANA.<\/p>\n\n\n\n<p class=\"wp-block-paragraph\">\u201cJa ha passat un any des d&#8217;aquell passat 29 d&#8217;octubre de 2024 i crec que cap de nosaltres ha pogut oblidar la por, l&#8217;angoixa, la soledat, el desastre, la desesperaci\u00f3, el dolor i la tristesa viscuts en aquells fat\u00eddics dies en qu\u00e8 les fosques i torrencials aig\u00fces es van emportar la vida de 229 persones i van deixar sense casa, negocis, recursos, a milers de valencians i valencianes. Des d&#8217;aquell 29 d&#8217;octubre es respira en l&#8217;aire un lament col\u00b7lectiu, un desassossec que tardar\u00e0 a desapar\u00e9ixer\u201d, manifestava la primera tinenta d&#8217;alcalde, M\u00aa \u00c1ngeles Llorente. \u201cVolem agrair a tots els serveis p\u00fablics, municipals, auton\u00f2mics i estatals que van estar i estan al peu del can\u00f3 gestionant la reconstrucci\u00f3; per\u00f2 costa, perqu\u00e8 l&#8217;administraci\u00f3 \u00e9s lenta. Molt\u00edssimes gr\u00e0cies a tots els professionals que continuen fent el seu treball en silenci. Tamb\u00e9 volem recordar a aquella altra riuada lluminosa i salvadora de persones volunt\u00e0ries que amb la seua immensa generositat van sembrar d&#8217;amor els cors, i d&#8217;esperan\u00e7a i humanitat el futur\u201d.<\/p>\n\n\n\n<p class=\"wp-block-paragraph\">Per part seua, l&#8217;alcalde, Jos\u00e9 Morell, ha dedicat tamb\u00e9 unes paraules en record de les v\u00edctimes abans donar pas el minut de silenci. \u201cHui, en aquest primer aniversari de la Dana, ens reunim per a recordar als qui van patir les conseq\u00fc\u00e8ncies d&#8217;aquella trag\u00e8dia, per a retre homenatge a les v\u00edctimes i a totes les persones que van ajudar sense descans. La pluja ens va posar a prova, per\u00f2 tamb\u00e9 ens va unir, moltes persones van donar el millor de si i tindrem l&#8217;ocasi\u00f3 d&#8217;honrar-los i homenatjar-los en unes setmanes amb un gran acte de reconeixement i altres accions paral\u00b7leles, ho comunicarem m\u00e9s endavant\u201d.<\/p>\n\n\n\n<figure class=\"wp-block-gallery has-nested-images columns-2 is-cropped wp-block-gallery-1 is-layout-flex wp-block-gallery-is-layout-flex\">\n<figure class=\"wp-block-image size-large\"><img loading=\"lazy\" decoding=\"async\" width=\"1024\" height=\"691\" data-id=\"283973\" src=\"https:\/\/www.tucomarca.com\/wordpress\/segunda\/wp-content\/uploads\/2025\/10\/Cheste_HomenajeDANA_4-1024x691.jpg\" alt=\"\" class=\"wp-image-283973\" srcset=\"https:\/\/tucomarca.whitekongsoftware.com\/wp-content\/uploads\/2025\/10\/Cheste_HomenajeDANA_4-1024x691.jpg 1024w, https:\/\/tucomarca.whitekongsoftware.com\/wp-content\/uploads\/2025\/10\/Cheste_HomenajeDANA_4-300x202.jpg 300w, https:\/\/tucomarca.whitekongsoftware.com\/wp-content\/uploads\/2025\/10\/Cheste_HomenajeDANA_4-768x518.jpg 768w, https:\/\/tucomarca.whitekongsoftware.com\/wp-content\/uploads\/2025\/10\/Cheste_HomenajeDANA_4.jpg 1181w\" sizes=\"auto, (max-width: 1024px) 100vw, 1024px\" \/><\/figure>\n\n\n\n<figure class=\"wp-block-image size-large\"><img loading=\"lazy\" decoding=\"async\" width=\"1024\" height=\"691\" data-id=\"283975\" src=\"https:\/\/www.tucomarca.com\/wordpress\/segunda\/wp-content\/uploads\/2025\/10\/Cheste_HomenajeDANA_5-1024x691.jpg\" alt=\"\" class=\"wp-image-283975\" srcset=\"https:\/\/tucomarca.whitekongsoftware.com\/wp-content\/uploads\/2025\/10\/Cheste_HomenajeDANA_5-1024x691.jpg 1024w, https:\/\/tucomarca.whitekongsoftware.com\/wp-content\/uploads\/2025\/10\/Cheste_HomenajeDANA_5-300x202.jpg 300w, https:\/\/tucomarca.whitekongsoftware.com\/wp-content\/uploads\/2025\/10\/Cheste_HomenajeDANA_5-768x518.jpg 768w, https:\/\/tucomarca.whitekongsoftware.com\/wp-content\/uploads\/2025\/10\/Cheste_HomenajeDANA_5.jpg 1181w\" sizes=\"auto, (max-width: 1024px) 100vw, 1024px\" \/><\/figure>\n\n\n\n<figure class=\"wp-block-image size-large\"><img loading=\"lazy\" decoding=\"async\" width=\"1024\" height=\"691\" data-id=\"283977\" src=\"https:\/\/www.tucomarca.com\/wordpress\/segunda\/wp-content\/uploads\/2025\/10\/Cheste_HomenajeDANA_6-1024x691.jpg\" alt=\"\" class=\"wp-image-283977\" srcset=\"https:\/\/tucomarca.whitekongsoftware.com\/wp-content\/uploads\/2025\/10\/Cheste_HomenajeDANA_6-1024x691.jpg 1024w, https:\/\/tucomarca.whitekongsoftware.com\/wp-content\/uploads\/2025\/10\/Cheste_HomenajeDANA_6-300x202.jpg 300w, https:\/\/tucomarca.whitekongsoftware.com\/wp-content\/uploads\/2025\/10\/Cheste_HomenajeDANA_6-768x518.jpg 768w, https:\/\/tucomarca.whitekongsoftware.com\/wp-content\/uploads\/2025\/10\/Cheste_HomenajeDANA_6.jpg 1181w\" sizes=\"auto, (max-width: 1024px) 100vw, 1024px\" \/><\/figure>\n\n\n\n<figure class=\"wp-block-image size-large\"><img loading=\"lazy\" decoding=\"async\" width=\"1024\" height=\"691\" data-id=\"283971\" src=\"https:\/\/www.tucomarca.com\/wordpress\/segunda\/wp-content\/uploads\/2025\/10\/Cheste_HomenajeDANA_3-1024x691.jpg\" alt=\"\" class=\"wp-image-283971\" srcset=\"https:\/\/tucomarca.whitekongsoftware.com\/wp-content\/uploads\/2025\/10\/Cheste_HomenajeDANA_3-1024x691.jpg 1024w, https:\/\/tucomarca.whitekongsoftware.com\/wp-content\/uploads\/2025\/10\/Cheste_HomenajeDANA_3-300x202.jpg 300w, https:\/\/tucomarca.whitekongsoftware.com\/wp-content\/uploads\/2025\/10\/Cheste_HomenajeDANA_3-768x518.jpg 768w, https:\/\/tucomarca.whitekongsoftware.com\/wp-content\/uploads\/2025\/10\/Cheste_HomenajeDANA_3.jpg 1181w\" sizes=\"auto, (max-width: 1024px) 100vw, 1024px\" \/><\/figure>\n\n\n\n<figure class=\"wp-block-image size-large\"><img loading=\"lazy\" decoding=\"async\" width=\"1024\" height=\"691\" data-id=\"283969\" src=\"https:\/\/www.tucomarca.com\/wordpress\/segunda\/wp-content\/uploads\/2025\/10\/Cheste_HomenajeDANA_2-1024x691.jpg\" alt=\"\" class=\"wp-image-283969\" srcset=\"https:\/\/tucomarca.whitekongsoftware.com\/wp-content\/uploads\/2025\/10\/Cheste_HomenajeDANA_2-1024x691.jpg 1024w, https:\/\/tucomarca.whitekongsoftware.com\/wp-content\/uploads\/2025\/10\/Cheste_HomenajeDANA_2-300x202.jpg 300w, https:\/\/tucomarca.whitekongsoftware.com\/wp-content\/uploads\/2025\/10\/Cheste_HomenajeDANA_2-768x518.jpg 768w, https:\/\/tucomarca.whitekongsoftware.com\/wp-content\/uploads\/2025\/10\/Cheste_HomenajeDANA_2.jpg 1181w\" sizes=\"auto, (max-width: 1024px) 100vw, 1024px\" \/><\/figure>\n\n\n\n<figure class=\"wp-block-image size-large\"><img loading=\"lazy\" decoding=\"async\" width=\"1024\" height=\"691\" data-id=\"283979\" src=\"https:\/\/www.tucomarca.com\/wordpress\/segunda\/wp-content\/uploads\/2025\/10\/Cheste_HomenajeDANA_7-1024x691.jpg\" alt=\"\" class=\"wp-image-283979\" srcset=\"https:\/\/tucomarca.whitekongsoftware.com\/wp-content\/uploads\/2025\/10\/Cheste_HomenajeDANA_7-1024x691.jpg 1024w, https:\/\/tucomarca.whitekongsoftware.com\/wp-content\/uploads\/2025\/10\/Cheste_HomenajeDANA_7-300x202.jpg 300w, https:\/\/tucomarca.whitekongsoftware.com\/wp-content\/uploads\/2025\/10\/Cheste_HomenajeDANA_7-768x518.jpg 768w, https:\/\/tucomarca.whitekongsoftware.com\/wp-content\/uploads\/2025\/10\/Cheste_HomenajeDANA_7.jpg 1181w\" sizes=\"auto, (max-width: 1024px) 100vw, 1024px\" \/><\/figure>\n<\/figure>\n","protected":false},"excerpt":{"rendered":"<div class=\"mh-excerpt\">Aquest mat\u00ed, a les 12.00, desenes de ve\u00efns i ve\u00efnes de Xest s&#8217;han concentrat en la pla\u00e7a Doctor Cajal amb motiu del primer aniversari de la DANA. \u201cJa ha passat un any des d&#8217;aquell passat <a class=\"mh-excerpt-more\" href=\"https:\/\/tucomarca.whitekongsoftware.com\/ca\/xest-guarda-un-minut-de-silenci-per-les-victimes-de-la-dana-en-el-primer-aniversari-de-la-catastrofe\/\" title=\"Xest guarda un minut de silenci per les v\u00edctimes de la DANA en el primer aniversari de la cat\u00e0strofe\">[+] <\/a><\/div>\n","protected":false},"author":12,"featured_media":283968,"comment_status":"open","ping_status":"open","sticky":false,"template":"","format":"gallery","meta":{"footnotes":""},"categories":[21466,10898,10948,10894,10904,10912,10903,10947,10896,10897,10974],"tags":[11071,15409,10914,18863],"class_list":["post-283981","post","type-post","status-publish","format-gallery","has-post-thumbnail","category-dana-ca","category-ventana-ca","category-infraestructuras-ca","category-la-comarca-ca","category-sin-categorizar-ca","category-la-hoya-ca","category-medio-ambiente-la-comarca-ca","category-politica","category-seccion-ca","category-sucesos-la-comarca-ca","category-cheste-ca","tag-cheste","tag-dana-2-ca","tag-la-hoya-de-bunol-chiva-ca","tag-minuto-de-silencio-ca","post_format-post-format-gallery"],"_links":{"self":[{"href":"https:\/\/tucomarca.whitekongsoftware.com\/ca\/wp-json\/wp\/v2\/posts\/283981","targetHints":{"allow":["GET"]}}],"collection":[{"href":"https:\/\/tucomarca.whitekongsoftware.com\/ca\/wp-json\/wp\/v2\/posts"}],"about":[{"href":"https:\/\/tucomarca.whitekongsoftware.com\/ca\/wp-json\/wp\/v2\/types\/post"}],"author":[{"embeddable":true,"href":"https:\/\/tucomarca.whitekongsoftware.com\/ca\/wp-json\/wp\/v2\/users\/12"}],"replies":[{"embeddable":true,"href":"https:\/\/tucomarca.whitekongsoftware.com\/ca\/wp-json\/wp\/v2\/comments?post=283981"}],"version-history":[{"count":0,"href":"https:\/\/tucomarca.whitekongsoftware.com\/ca\/wp-json\/wp\/v2\/posts\/283981\/revisions"}],"wp:featuredmedia":[{"embeddable":true,"href":"https:\/\/tucomarca.whitekongsoftware.com\/ca\/wp-json\/wp\/v2\/media\/283968"}],"wp:attachment":[{"href":"https:\/\/tucomarca.whitekongsoftware.com\/ca\/wp-json\/wp\/v2\/media?parent=283981"}],"wp:term":[{"taxonomy":"category","embeddable":true,"href":"https:\/\/tucomarca.whitekongsoftware.com\/ca\/wp-json\/wp\/v2\/categories?post=283981"},{"taxonomy":"post_tag","embeddable":true,"href":"https:\/\/tucomarca.whitekongsoftware.com\/ca\/wp-json\/wp\/v2\/tags?post=283981"}],"curies":[{"name":"wp","href":"https:\/\/api.w.org\/{rel}","templated":true}]}}