{"id":283855,"date":"2025-10-30T09:05:00","date_gmt":"2025-10-30T07:05:00","guid":{"rendered":"https:\/\/www.tucomarca.com\/wordpress\/segunda\/?p=283855"},"modified":"2025-10-30T15:43:19","modified_gmt":"2025-10-30T13:43:19","slug":"la-generalitat-programa-per-al-2-de-novembre-els-concerts-amb-motiu-del-centenari-de-lhimne-regional-en-els-quals-participaran-8-000-musicos-de-la-comunitat-valenciana","status":"publish","type":"post","link":"https:\/\/tucomarca.whitekongsoftware.com\/ca\/la-generalitat-programa-per-al-2-de-novembre-els-concerts-amb-motiu-del-centenari-de-lhimne-regional-en-els-quals-participaran-8-000-musicos-de-la-comunitat-valenciana\/","title":{"rendered":"La Generalitat programa per al 2 de novembre els concerts amb motiu del centenari de l&#8217;Himne Regional en els quals participar\u00e1n 8.000 m\u00fasicos de la Comunitat Valenciana"},"content":{"rendered":"\n<h3 class=\"wp-block-heading\">Es tracta dels concerts organitzats juntament amb la Federaci\u00f3 de Societats Musicals de la Comunitat Valenciana (FSMCV), previstos per al 9 d\u2019Octubre i que van ser ajornats per l&#8217;alerta meteorol\u00f2gica.<\/h3>\n\n\n\n<h3 class=\"wp-block-heading\">Les actuacions tindran lloc de manera simult\u00e0nia a Alacant, Castell\u00f3, Elx i Val\u00e8ncia i en ells participaran m\u00fasics pertanyents a 177 societats valencianes.<\/h3>\n\n\n\n<p class=\"wp-block-paragraph\">La Generalitat ha programat per al diumenge 2 de novembre els concerts organitzats juntament amb la Federaci\u00f3 de Societats Musicals de la Comunitat Valenciana (FSMCV) amb els quals es commemora el centenari de la declaraci\u00f3 com a Himne Regional de l&#8217;himne compost per Jos\u00e9 Serrano per a l&#8217;Exposici\u00f3 Regional de 1909.<br>Els concerts, en els quals tamb\u00e9 se celebrar\u00e0 el centenari de l&#8217;estrena dels pasdobles Val\u00e8ncia de Jos\u00e9 Padilla i Amparito Roca de Jaume Texidor, tindran lloc de manera simult\u00e0nia a Alacant, Castell\u00f3, Elx i Val\u00e8ncia i en ells participaran 8.000 m\u00fasics pertanyents a 177 societats musicals valencianes.<br>Es tracta de les actuacions musicals que estaven previstes per al passat 9 d\u2019Octubre, Dia de la Comunitat Valenciana, i que van ser ajornades a causa de l&#8217;alerta meteorol\u00f2gica.<br>En concret, es duran a terme a partir de les 12 hores a l&#8217;Esplanada del port d&#8217;Alacant, en la pla\u00e7a Major de Castell\u00f3, en la pla\u00e7a de Baix d&#8217;Elx i a l&#8217;esplanada de la Ciutat de les Arts i les Ci\u00e8ncies, entre el Museu de les Ci\u00e8ncies Pr\u00edncep Felip i l&#8217;\u00c0gora, de Val\u00e8ncia.&nbsp;<br>Aquest acte multitudinari t\u00e9 com a objectiu visibilitzar la import\u00e0ncia de la m\u00fasica tradicional valenciana, refor\u00e7ant el seu paper com a element essencial de la identitat cultural i patrimonial de la Comunitat Valenciana. A m\u00e9s, marca l&#8217;inici del mes de la m\u00fasica, en el qual les societats musicals celebraran Santa Cecilia amb una extensa programaci\u00f3 d&#8217;activitats per tot el territori valenci\u00e0.<br>Els concerts estaran dirigits per reconeguts directors musicals com Jer\u00f3nimo Castell\u00f3, que estar\u00e0 al capdavant de la interpretaci\u00f3 a Val\u00e8ncia; \u00c1lex Puchades, a la batuta a Castell\u00f3; Celia Tor\u00e0, a Alacant, i \u00c1ngel Mart\u00ednez, a Elx.<br>Quant al repertori, els m\u00fasics interpretaran peces populars com Amparito Roca, de Jaume Texidor; Festa a Benidorm, de Rafael Domenech; Rag\u00f3n Falez, d&#8217;Emilio Cebri\u00e1n; L&#8217;Oncle Ram\u00f3n, de Salvador Salv\u00e0; P\u00e9rez Barcel\u00f3, de Bernab\u00e9 Sanch\u00eds; X\u00e0bia, de Salvador Salv\u00e0, i Paquito el Xocolater, de Gustavo Pascual.<br>Abans del tancament, en cada ciutat s&#8217;interpretar\u00e0 una pe\u00e7a tradicional local. Aix\u00ed, a Castell\u00f3 ser\u00e0 Rollo y Ca\u00f1a; a Alacant, Les Fogueres de Sant Chuan; a Elx, El Abanico, i a Val\u00e8ncia, El Faller. Els concerts finalitzaran amb la interpretaci\u00f3 de Val\u00e8ncia, de Jos\u00e9 Padilla i l&#8217;Himne Regional Valenci\u00e0 de Jos\u00e9 Serrano.<\/p>\n","protected":false},"excerpt":{"rendered":"<div class=\"mh-excerpt\">Es tracta dels concerts organitzats juntament amb la Federaci\u00f3 de Societats Musicals de la Comunitat Valenciana (FSMCV), previstos per al 9 d\u2019Octubre i que van ser ajornats per l&#8217;alerta meteorol\u00f2gica. Les actuacions tindran lloc de <a class=\"mh-excerpt-more\" href=\"https:\/\/tucomarca.whitekongsoftware.com\/ca\/la-generalitat-programa-per-al-2-de-novembre-els-concerts-amb-motiu-del-centenari-de-lhimne-regional-en-els-quals-participaran-8-000-musicos-de-la-comunitat-valenciana\/\" title=\"La Generalitat programa per al 2 de novembre els concerts amb motiu del centenari de l&#8217;Himne Regional en els quals participar\u00e1n 8.000 m\u00fasicos de la Comunitat Valenciana\">[+] <\/a><\/div>\n","protected":false},"author":12,"featured_media":283854,"comment_status":"open","ping_status":"open","sticky":false,"template":"","format":"standard","meta":{"footnotes":""},"categories":[11019,11005,10898,10894,10904,11007,10896],"tags":[23262,11210,11498,23263],"class_list":["post-283855","post","type-post","status-publish","format-standard","has-post-thumbnail","category-agenda-ca","category-canal-musica","category-ventana-ca","category-la-comarca-ca","category-sin-categorizar-ca","category-ocio-y-cultura-ca","category-seccion-ca","tag-centenario-ca","tag-fsmcv-ca","tag-generalitat-valenciana-ca","tag-himno-regional-ca"],"_links":{"self":[{"href":"https:\/\/tucomarca.whitekongsoftware.com\/ca\/wp-json\/wp\/v2\/posts\/283855","targetHints":{"allow":["GET"]}}],"collection":[{"href":"https:\/\/tucomarca.whitekongsoftware.com\/ca\/wp-json\/wp\/v2\/posts"}],"about":[{"href":"https:\/\/tucomarca.whitekongsoftware.com\/ca\/wp-json\/wp\/v2\/types\/post"}],"author":[{"embeddable":true,"href":"https:\/\/tucomarca.whitekongsoftware.com\/ca\/wp-json\/wp\/v2\/users\/12"}],"replies":[{"embeddable":true,"href":"https:\/\/tucomarca.whitekongsoftware.com\/ca\/wp-json\/wp\/v2\/comments?post=283855"}],"version-history":[{"count":0,"href":"https:\/\/tucomarca.whitekongsoftware.com\/ca\/wp-json\/wp\/v2\/posts\/283855\/revisions"}],"wp:featuredmedia":[{"embeddable":true,"href":"https:\/\/tucomarca.whitekongsoftware.com\/ca\/wp-json\/wp\/v2\/media\/283854"}],"wp:attachment":[{"href":"https:\/\/tucomarca.whitekongsoftware.com\/ca\/wp-json\/wp\/v2\/media?parent=283855"}],"wp:term":[{"taxonomy":"category","embeddable":true,"href":"https:\/\/tucomarca.whitekongsoftware.com\/ca\/wp-json\/wp\/v2\/categories?post=283855"},{"taxonomy":"post_tag","embeddable":true,"href":"https:\/\/tucomarca.whitekongsoftware.com\/ca\/wp-json\/wp\/v2\/tags?post=283855"}],"curies":[{"name":"wp","href":"https:\/\/api.w.org\/{rel}","templated":true}]}}