{"id":283766,"date":"2025-10-28T11:00:00","date_gmt":"2025-10-28T09:00:00","guid":{"rendered":"https:\/\/www.tucomarca.com\/wordpress\/segunda\/?p=283766"},"modified":"2025-10-29T00:03:09","modified_gmt":"2025-10-28T22:03:09","slug":"lassociacio-en-defensa-del-sector-primari-dutiel-requena-denuncia-el-mal-estat-dinfraestructures-a-requena-despres-de-la-dana","status":"publish","type":"post","link":"https:\/\/tucomarca.whitekongsoftware.com\/ca\/lassociacio-en-defensa-del-sector-primari-dutiel-requena-denuncia-el-mal-estat-dinfraestructures-a-requena-despres-de-la-dana\/","title":{"rendered":"L&#8217;Associaci\u00f3 en Defensa del Sector Primari d&#8217;Utiel-Requena denuncia el mal estat d&#8217;infraestructures a Requena despr\u00e9s de la DANA"},"content":{"rendered":"\n<h3 class=\"wp-block-heading\">Representants de l&#8217;Associaci\u00f3 en Defensa del Sector Primari d&#8217;Utiel-Requena han expressat el seu malestar per l&#8217;estat en qu\u00e8 es troben algunes infraestructures del municipi de Requena danyades per la DANA.<\/h3>\n\n\n\n<p class=\"wp-block-paragraph\">Des de l&#8217;Associaci\u00f3 en Defensa del Sector Primari de la comarca Utiel-Requena volen traslladar el seu malestar \u201cper l&#8217;estat en el qual es troben, tant camins com accessos a parcel\u00b7les agr\u00edcoles del terme municipal de Requena danyats per la Dana\u201d. \u201cTamb\u00e9 ho fem extensiu al pont conegut com a \u00abPont de Roma\u00bb, que enlla\u00e7a la carretera V-810 amb la poblaci\u00f3 de Sant Antoni i els llogarets confrontants\u201d agreguen.<br>En tots dos casos fan responsable a l&#8217;Ajuntament de Requena, i asseguren que \u201cno ocorre el mateix amb els altres ponts i passos que ja estan reparats o finalitzant l&#8217;execuci\u00f3 de les obres, per\u00f2 donant servei a la ciutadania\u201d afirmen les fonts.<br>Per tant des de l&#8217;associaci\u00f3 insisteixen que al cap d&#8217;un any \u201ces prenguen en consideraci\u00f3 les nostres queixes, i es finalitzen les obres en execuci\u00f3, pel b\u00e9 de tots els ve\u00efns\u201d manifesten. Informa, <strong>Luis Ib\u00e1\u00f1ez.<\/strong><\/p>\n","protected":false},"excerpt":{"rendered":"<div class=\"mh-excerpt\">Representants de l&#8217;Associaci\u00f3 en Defensa del Sector Primari d&#8217;Utiel-Requena han expressat el seu malestar per l&#8217;estat en qu\u00e8 es troben algunes infraestructures del municipi de Requena danyades per la DANA. Des de l&#8217;Associaci\u00f3 en Defensa <a class=\"mh-excerpt-more\" href=\"https:\/\/tucomarca.whitekongsoftware.com\/ca\/lassociacio-en-defensa-del-sector-primari-dutiel-requena-denuncia-el-mal-estat-dinfraestructures-a-requena-despres-de-la-dana\/\" title=\"L&#8217;Associaci\u00f3 en Defensa del Sector Primari d&#8217;Utiel-Requena denuncia el mal estat d&#8217;infraestructures a Requena despr\u00e9s de la DANA\">[+] <\/a><\/div>\n","protected":false},"author":12,"featured_media":283765,"comment_status":"open","ping_status":"open","sticky":false,"template":"","format":"standard","meta":{"footnotes":""},"categories":[10905,21466,10948,10894,10904,10903,10947,10908,10909,10896],"tags":[15409,11099,10910],"class_list":["post-283766","post","type-post","status-publish","format-standard","has-post-thumbnail","category-agricultura-la-comarca-ca","category-dana-ca","category-infraestructuras-ca","category-la-comarca-ca","category-sin-categorizar-ca","category-medio-ambiente-la-comarca-ca","category-politica","category-requena-ca","category-requena-utiel-ca","category-seccion-ca","tag-dana-2-ca","tag-requena-ca","tag-requena-utiel-ca"],"_links":{"self":[{"href":"https:\/\/tucomarca.whitekongsoftware.com\/ca\/wp-json\/wp\/v2\/posts\/283766","targetHints":{"allow":["GET"]}}],"collection":[{"href":"https:\/\/tucomarca.whitekongsoftware.com\/ca\/wp-json\/wp\/v2\/posts"}],"about":[{"href":"https:\/\/tucomarca.whitekongsoftware.com\/ca\/wp-json\/wp\/v2\/types\/post"}],"author":[{"embeddable":true,"href":"https:\/\/tucomarca.whitekongsoftware.com\/ca\/wp-json\/wp\/v2\/users\/12"}],"replies":[{"embeddable":true,"href":"https:\/\/tucomarca.whitekongsoftware.com\/ca\/wp-json\/wp\/v2\/comments?post=283766"}],"version-history":[{"count":0,"href":"https:\/\/tucomarca.whitekongsoftware.com\/ca\/wp-json\/wp\/v2\/posts\/283766\/revisions"}],"wp:featuredmedia":[{"embeddable":true,"href":"https:\/\/tucomarca.whitekongsoftware.com\/ca\/wp-json\/wp\/v2\/media\/283765"}],"wp:attachment":[{"href":"https:\/\/tucomarca.whitekongsoftware.com\/ca\/wp-json\/wp\/v2\/media?parent=283766"}],"wp:term":[{"taxonomy":"category","embeddable":true,"href":"https:\/\/tucomarca.whitekongsoftware.com\/ca\/wp-json\/wp\/v2\/categories?post=283766"},{"taxonomy":"post_tag","embeddable":true,"href":"https:\/\/tucomarca.whitekongsoftware.com\/ca\/wp-json\/wp\/v2\/tags?post=283766"}],"curies":[{"name":"wp","href":"https:\/\/api.w.org\/{rel}","templated":true}]}}