{"id":283681,"date":"2025-10-28T10:15:00","date_gmt":"2025-10-28T08:15:00","guid":{"rendered":"https:\/\/www.tucomarca.com\/wordpress\/segunda\/?p=283681"},"modified":"2025-10-28T23:58:43","modified_gmt":"2025-10-28T21:58:43","slug":"la-diputacio-reconeix-el-treball-el-talent-i-la-forca-de-12-dones-rurals-de-municipis-afectats-per-la-dana","status":"publish","type":"post","link":"https:\/\/tucomarca.whitekongsoftware.com\/ca\/la-diputacio-reconeix-el-treball-el-talent-i-la-forca-de-12-dones-rurals-de-municipis-afectats-per-la-dana\/","title":{"rendered":"La Diputaci\u00f3 reconeix el treball, el talent i la for\u00e7a de 12 dones rurals de municipis afectats per la dana"},"content":{"rendered":"\n<h3 class=\"wp-block-heading\">El president, Vicent Momp\u00f3, i la vicepresidenta primera, Nat\u00e0lia Enguix, entreguen els premis \u2018Fem que les Dones Compten\u2019, organitzats per l&#8217;\u00e0rea d&#8217;Igualtat i la Federaci\u00f3 d&#8217;Associacions de Dones Rurals.<\/h3>\n\n\n\n<h3 class=\"wp-block-heading\">Nat\u00e0lia Enguix, responsable d&#8217;Igualtat: \u201cEste projecte, ja consolidat, \u00e9s un humil homenatge que fem junt amb Fademur a dones referents i emprenedores que s\u00f3n protagonistes en el dia a dia dels seus municipis.<\/h3>\n\n\n\n<h3 class=\"wp-block-heading\">Momp\u00f3 destaca el \u201clideratge femen\u00ed als nostres pobles i comarques\u201d. Entre les premiades, la policia Laura Cervera, l&#8217;actriu Maruja Riera, l&#8217;enginyera Paula Nuevalos, la futbolista Laia Alepuz, la matrona Amparo Navarro i la creadora d&#8217;Albufera Natural Experience, Carola Felip.<\/h3>\n\n\n\n<p class=\"wp-block-paragraph\">La Diputaci\u00f3 de Val\u00e8ncia ha reconegut este dilluns el treball, el talent i la for\u00e7a de 12 dones rurals en la quarta edici\u00f3 dels premis \u2018Fem que les Dones Compten\u2019, una iniciativa de l&#8217;\u00e0rea provincial d&#8217;Igualtat i FADEMUR. El president, Vicent Momp\u00f3, i la vicepresidenta primera, Nat\u00e0lia Enguix, han coincidit en destacar \u201cel treball silenci\u00f3s i la implicaci\u00f3 personal de dones que, amb el seu coratge, mantenen vius els nostres pobles, en este cas municipis afectats per la dana\u201d. Els dos han participat en l&#8217;entrega dels reconeixements al costat d&#8217;Amparo Mart\u00ednez, presidenta de la Federaci\u00f3 d&#8217;Associacions de Dones Rurals.<\/p>\n\n\n\n<p class=\"wp-block-paragraph\">La vicepresidenta Enguix, responsable d&#8217;Igualtat, ha obert l&#8217;acte celebrat en la Benefic\u00e8ncia posant en valor \u201cla for\u00e7a vital, emprenedora, inspiradora i valenta de les dones protagonistes d&#8217;estos reconeixements i del dia a dia als seus pobles\u201d. Nat\u00e0lia Enguix ha assenyalat que en esta quarta edici\u00f3 s&#8217;ha volgut premiar el treball de dones de municipis afectats per la riuada, visibilitzant \u201chist\u00f2ries de vida que mereixen ser contades i que exercixen un paper fonamental en el desenvolupament econ\u00f2mic, social i cultural dels seus municipis\u201d.<\/p>\n\n\n\n<figure class=\"wp-block-image size-large\"><img loading=\"lazy\" decoding=\"async\" width=\"1024\" height=\"691\" src=\"https:\/\/www.tucomarca.com\/wordpress\/segunda\/wp-content\/uploads\/2025\/10\/DipuMujerRuralEnguix-1024x691.jpg\" alt=\"\" class=\"wp-image-283678\" srcset=\"https:\/\/tucomarca.whitekongsoftware.com\/wp-content\/uploads\/2025\/10\/DipuMujerRuralEnguix-1024x691.jpg 1024w, https:\/\/tucomarca.whitekongsoftware.com\/wp-content\/uploads\/2025\/10\/DipuMujerRuralEnguix-300x202.jpg 300w, https:\/\/tucomarca.whitekongsoftware.com\/wp-content\/uploads\/2025\/10\/DipuMujerRuralEnguix-768x518.jpg 768w, https:\/\/tucomarca.whitekongsoftware.com\/wp-content\/uploads\/2025\/10\/DipuMujerRuralEnguix.jpg 1181w\" sizes=\"auto, (max-width: 1024px) 100vw, 1024px\" \/><\/figure>\n\n\n\n<p class=\"wp-block-paragraph\">Dones com la pescadora de Sollana Carola Felip; la subcampiona mundial de Crossfit Raquel Oliver, natural d&#8217;Albalat de la Ribera; la futbolista d&#8217;Almussafes Laia Alepuz; l&#8217;emprenedora de Benimuslem Estela Moreno; la matrona Amparo Navarro, ex alcaldessa d&#8217;Aldaia; la policia local de Paiporta Laura Cervera; la farmac\u00e8utica de Massanassa Mar\u00eda Wanda; l&#8217;agent de desenvolupament local de Calles M\u00aa Jos\u00e9 Esteban; l&#8217;agricultora de Tu\u00e9jar Aitana Camps; la comunicadora de Gestalgar Clementina Domingo; l&#8217;actriu de Ll\u00edria Maruja Riera; i la jove enginyera Paula Nuevalos, qui dirigix la seua pr\u00f2pia explotaci\u00f3 agr\u00edcola a Utiel.<\/p>\n\n\n\n<p class=\"wp-block-paragraph\">A totes elles, reconegudes en la quarta edici\u00f3 de \u2018Fem que les Dones Compten\u2019, s&#8217;ha dirigit el president Momp\u00f3: \u201cheu fet gran el vostre entorn, apostant pels vostres pobles mentre altres preferixen anar-se&#8217;n, demostrant que des de l&#8217;\u00e0mbit m\u00e9s xicotet es pot iniciar el canvi cap a una cosa m\u00e9s gran\u201d. \u201cSou l&#8217;orgull de les vostres comarques i l&#8217;espill on mirar-se per a entendre que el futur tamb\u00e9 parla en femen\u00ed\u201d, ha expressat Momp\u00f3, qui ha agra\u00eft a Fademur \u201cel treball per una igualtat real que encara est\u00e0 lluny d&#8217;aconseguir-se en sectors com el camp, on nom\u00e9s el 3,6% de les dones s\u00f3n cotitulars d&#8217;explotacions agr\u00edcoles amb les seues parelles\u201d.<\/p>\n\n\n\n<p class=\"wp-block-paragraph\"><strong>Referents i emprenedores<\/strong><\/p>\n\n\n\n<p class=\"wp-block-paragraph\">La vicepresidenta Enguix tamb\u00e9 s&#8217;ha dirigit a les grans protagonistes de la gala abans de con\u00e9ixer una per una les seues hist\u00f2ries. I ho ha fet mantenint la sorpresa que ha acompanyat a les homenatjades fins al moment en qu\u00e8 han escoltat el seu nom. \u201cMalgrat les barreres que continuem tenint les dones pel simple fet de ser-ho, heu destacat per la vostra implicaci\u00f3 social o pol\u00edtica; heu impulsat el teixit associatiu dels vostres territoris, accedint a c\u00e0rrecs de responsabilitat i presa de decisions que estaven en mans d&#8217;homes; i heu creat empreses, investigat, educat i tingut una traject\u00f2ria vital o esportiva de lluita i sacrifici\u201d.<\/p>\n\n\n\n<p class=\"wp-block-paragraph\">Les paraules de la diputada d&#8217;Igualtat han servit per a introduir el moment \u00e0lgid de la gala, amb l&#8217;entrega dels reconeixements. La primera en pujar a l&#8217;escenari de la sala Alfons el Magn\u00e0nim ha sigut Carola Felip, la pescadora de Sollana, \u00fanica dona en actiu que pesca en l&#8217;Albufera, que va complir el somni de crear al costat del seu marit el projecte Albufera Natural Experience, recorrent cada dia el parc natural i explicant els seus tresors a qui el visita. Despr\u00e9s d&#8217;ella han sigut reconegudes dos esportistes, tamb\u00e9 de la Ribera Baixa: la subcampiona del m\u00f3n de Crossfit Raquel Oliver, natural d&#8217;Albalat de la Ribera, i la futbolista d&#8217;Almussafes Laia Alepuz, a qui el seu salt al primer equip del Val\u00e8ncia CF li ha obert les portes de la Selecci\u00f3 sub-17.<\/p>\n\n\n\n<p class=\"wp-block-paragraph\">A la Ribera Alta, Estela Moreno destaca per la visi\u00f3 innovadora que ha transm\u00e9s al negoci familiar en Benimuslem, on participa activament en el teixit associatiu i cultural del municipi. D&#8217;ac\u00ed saltem a l&#8217;Horta Sud, on Fademur ha seleccionat les hist\u00f2ries vitals de la matrona Amparo Navarro, alcaldessa d&#8217;Aldaia entre 1997 i 2011, per\u00edode en el qual va impulsar pol\u00edtiques pioneres en servicis socials, accessibilitat i igualtat; l&#8217;agent de la Policia Local de Paiporta Laura Cervera, primera dona amb el rang d&#8217;oficial en els 52 anys d&#8217;hist\u00f2ria del cos; i la farmac\u00e8utica de Massanassa Mar\u00eda Wanda, que participa activament en la vida social del poble, amb c\u00e0rrecs com el de presidenta de la Junta Local Fallera.<\/p>\n\n\n\n<p class=\"wp-block-paragraph\">En la Serran\u00eda trobem a altres tres dones referents, comen\u00e7ant per l&#8217;agent d&#8217;ocupaci\u00f3 i desenvolupament local M\u00aa Jos\u00e9 Esteban, que va deixar arrere la ciutat per a complir el seu somni de viure a Calles, on ha impulsat el &#8216;Merendero Marina&#8217;. Aitana Camps tamb\u00e9 demostra la seua implicaci\u00f3 amb el medi rural i el desenvolupament dels xicotets municipis des de Tu\u00e9jar, en el seu cas com a gerent del Grup d&#8217;Acci\u00f3 Local T\u00faria-Calderona. Al costat d&#8217;elles ha sigut reconeguda la comunicadora de Gestalgar Clementina Domingo, que dona veu als pobles de la comarca en el p\u00f2dcast \u2018Los Domingos en Marte\u2019 que dirigix al costat del seu pare.<\/p>\n\n\n\n<p class=\"wp-block-paragraph\">Dos dones m\u00e9s, pertanyents a generacions molt distintes, s&#8217;han sumat a l&#8217;elenc de la present edici\u00f3 dels reconeixements. Maruja Riera t\u00e9 87 anys i va n\u00e0ixer a Ll\u00edria, des d&#8217;on ha projectat una traject\u00f2ria dedicada a l&#8217;associacionisme, la cultura i la promoci\u00f3 de la dona, destacant com a actriu en sarsueles i teatre i integrant de diferents cors i agrupacions musicals. Paula Nuevalos, als seus 27 anys, s&#8217;ha convertit en referent en la visibilitat de la dona en el sector agr\u00edcola, deixant la seua carrera com a enginyera per a tornar a Utiel i encarregar-se d&#8217;una explotaci\u00f3 rural amb una visi\u00f3 innovadora i sostenible.<\/p>\n\n\n\n<p class=\"wp-block-paragraph\"><strong>Esperit de lluita<\/strong><\/p>\n\n\n\n<p class=\"wp-block-paragraph\">La presidenta de Fademur, Amparo Mart\u00ednez, ha agra\u00eft \u201cl&#8217;ajuda que sempre ens presta la Diputaci\u00f3 i que ha perm\u00e9s consolidar estos reconeixements\u201d, al mateix temps que ha destacat \u201cl&#8217;esperit de lluita que acompanya a la dona i, molt especialment, a les dones rurals, acostumades a sobreposar-se als reptes i obstacles d&#8217;un entorn masculinitzat\u201d.<\/p>\n\n\n\n<p class=\"wp-block-paragraph\">En un acte que ha comptat amb l&#8217;assist\u00e8ncia de la vicepresidenta segona de la Diputaci\u00f3, Reme Mazzolari, els diputats Ricardo Gabald\u00f3n, Paco Comes i Paco Teruel, la diputada Empar Folgado, alcaldes i alcaldesses, representants de les corporacions locals i integrants de Fademur, Nat\u00e0lia Enguix ha concl\u00f2s que \u201csi alguna cosa tenim molt clara les dones \u00e9s eixe esperit de lluita davant l&#8217;adversitat, de cuidar als que patixen i de fer m\u00e9s habitables els nostres pobles i ciutats; qualitats totes que han cobrat especial rellev\u00e0ncia amb una dana que ha posat de manifest la nostra vulnerabilitat i la necessitat que totes i tots actuem junts per a recuperar la normalitat i estar millor preparats davant futures cat\u00e0strofes\u201d.<\/p>\n","protected":false},"excerpt":{"rendered":"<div class=\"mh-excerpt\">El president, Vicent Momp\u00f3, i la vicepresidenta primera, Nat\u00e0lia Enguix, entreguen els premis \u2018Fem que les Dones Compten\u2019, organitzats per l&#8217;\u00e0rea d&#8217;Igualtat i la Federaci\u00f3 d&#8217;Associacions de Dones Rurals. Nat\u00e0lia Enguix, responsable d&#8217;Igualtat: \u201cEste projecte, <a class=\"mh-excerpt-more\" href=\"https:\/\/tucomarca.whitekongsoftware.com\/ca\/la-diputacio-reconeix-el-treball-el-talent-i-la-forca-de-12-dones-rurals-de-municipis-afectats-per-la-dana\/\" title=\"La Diputaci\u00f3 reconeix el treball, el talent i la for\u00e7a de 12 dones rurals de municipis afectats per la dana\">[+] <\/a><\/div>\n","protected":false},"author":12,"featured_media":283677,"comment_status":"open","ping_status":"open","sticky":false,"template":"","format":"standard","meta":{"footnotes":""},"categories":[11038,10892,21466,11046,10898,11034,10894,10904,10928,10947,10909,10896,11028,11059],"tags":[11923,10899,15409,11246,11663,11070,11080,12800,10910,11173,11174],"class_list":["post-283681","post","type-post","status-publish","format-standard","has-post-thumbnail","category-calles-ca","category-camp-de-turia-ca","category-dana-ca","category-los-serranos-ca","category-ventana-ca","category-gestalgar-ca","category-la-comarca-ca","category-sin-categorizar-ca","category-lliria-ca","category-politica","category-requena-utiel-ca","category-seccion-ca","category-tuejar-ca","category-utiel-ca","tag-calles-2-ca","tag-camp-de-turia-ca","tag-dana-2-ca","tag-diputacio-de-valencia-ca","tag-gestalgar-ca","tag-lliria-ca","tag-los-serranos-ca","tag-mujer-rural-ca","tag-requena-utiel-ca","tag-tuejar-ca","tag-utiel-ca"],"_links":{"self":[{"href":"https:\/\/tucomarca.whitekongsoftware.com\/ca\/wp-json\/wp\/v2\/posts\/283681","targetHints":{"allow":["GET"]}}],"collection":[{"href":"https:\/\/tucomarca.whitekongsoftware.com\/ca\/wp-json\/wp\/v2\/posts"}],"about":[{"href":"https:\/\/tucomarca.whitekongsoftware.com\/ca\/wp-json\/wp\/v2\/types\/post"}],"author":[{"embeddable":true,"href":"https:\/\/tucomarca.whitekongsoftware.com\/ca\/wp-json\/wp\/v2\/users\/12"}],"replies":[{"embeddable":true,"href":"https:\/\/tucomarca.whitekongsoftware.com\/ca\/wp-json\/wp\/v2\/comments?post=283681"}],"version-history":[{"count":0,"href":"https:\/\/tucomarca.whitekongsoftware.com\/ca\/wp-json\/wp\/v2\/posts\/283681\/revisions"}],"wp:featuredmedia":[{"embeddable":true,"href":"https:\/\/tucomarca.whitekongsoftware.com\/ca\/wp-json\/wp\/v2\/media\/283677"}],"wp:attachment":[{"href":"https:\/\/tucomarca.whitekongsoftware.com\/ca\/wp-json\/wp\/v2\/media?parent=283681"}],"wp:term":[{"taxonomy":"category","embeddable":true,"href":"https:\/\/tucomarca.whitekongsoftware.com\/ca\/wp-json\/wp\/v2\/categories?post=283681"},{"taxonomy":"post_tag","embeddable":true,"href":"https:\/\/tucomarca.whitekongsoftware.com\/ca\/wp-json\/wp\/v2\/tags?post=283681"}],"curies":[{"name":"wp","href":"https:\/\/api.w.org\/{rel}","templated":true}]}}