{"id":283669,"date":"2025-10-27T10:25:00","date_gmt":"2025-10-27T08:25:00","guid":{"rendered":"https:\/\/www.tucomarca.com\/wordpress\/segunda\/?p=283669"},"modified":"2025-10-27T21:40:08","modified_gmt":"2025-10-27T19:40:08","slug":"la-diputacio-impulsa-la-recuperacio-de-la-ribera-del-riu-turia-afectada-per-la-dana-a-vilamarxant","status":"publish","type":"post","link":"https:\/\/tucomarca.whitekongsoftware.com\/ca\/la-diputacio-impulsa-la-recuperacio-de-la-ribera-del-riu-turia-afectada-per-la-dana-a-vilamarxant\/","title":{"rendered":"La Diputaci\u00f3 impulsa la recuperaci\u00f3 de la ribera del riu T\u00faria afectada per la dana a Vilamarxant"},"content":{"rendered":"\n<h3 class=\"wp-block-heading\">L&#8217;\u00e0rea de Turisme que dirigix el diputat Pedro Cuesta col\u00b7labora amb l&#8217;ajuntament en el projecte MARES Circulares, que t\u00e9 com a objectiu la neteja especial de la zona i retornar la vida al seu ecosistema.<\/h3>\n\n\n\n<p class=\"wp-block-paragraph\">La Diputaci\u00f3 de Val\u00e8ncia, a trav\u00e9s de l&#8217;\u00e0rea de Turisme que dirigix el diputat Pedro Cuesta, ha possibilitat que Vilamarxant recupere la ribera del riu T\u00faria afectada per la dana en el seu terme municipal, gr\u00e0cies a la col\u00b7laboraci\u00f3 entre la corporaci\u00f3 provincial i l&#8217;ajuntament dins projecte MARES Circulares, impulsat per l&#8217;Asociaci\u00f3n Chelonia, una associaci\u00f3 que treballa per a la conservaci\u00f3 de la biodiversitat i la sostenibilitat. La posada en marxa d&#8217;esta iniciativa ha possibilitat la neteja de la zona i ha retornat la vida al seu ecosistema.<\/p>\n\n\n\n<p class=\"wp-block-paragraph\">El diputat de Turisme i Esports de la Diputaci\u00f3 de Val\u00e8ncia, Pedro Cuesta, que ha visitat la zona recuperada, ha destacat la import\u00e0ncia de l&#8217;actuaci\u00f3 realitzada \u201cen rehabilitar i condicionar una zona d&#8217;especial inter\u00e9s local, tant per als ve\u00efns del municipi com per als practicants de la pesca sense mort, caracter\u00edstica en este tram del T\u00faria\u201d.<\/p>\n\n\n\n<p class=\"wp-block-paragraph\">Durant el passat estiu, s&#8217;ha estat executant el projecte de recuperaci\u00f3 del riu T\u00faria a Vilamarxant, on, amb ajuda de maquin\u00e0ria especial, s&#8217;han realitzat labors de retirada i apilament d&#8217;unes 310 tones de canyar sec (canya brava) acumulat despr\u00e9s de la dana, aix\u00ed com de canyar de rebrot d&#8217;uns tres metres d&#8217;altura, al llarg de dos quil\u00f2metres de longitud i arribant a cobrir una \u00e0rea de 1,60 hect\u00e0rees.<\/p>\n\n\n\n<p class=\"wp-block-paragraph\">La canya brava suposava una invasi\u00f3 biol\u00f2gica que amena\u00e7ava la flora, la fauna, els h\u00e0bitats i les activitats econ\u00f2miques de la zona (com la pesca), aix\u00ed com altres activitats d&#8217;\u00fas p\u00fablic. La retirada del canyar ha perm\u00e9s evitar la seua arribada a la mar i recuperar la funcionalitat ecosist\u00e8mica del riu, la qual cosa al seu torn ha possibilitat la recuperaci\u00f3 de l&#8217;activitat en la zona.<\/p>\n","protected":false},"excerpt":{"rendered":"<div class=\"mh-excerpt\">L&#8217;\u00e0rea de Turisme que dirigix el diputat Pedro Cuesta col\u00b7labora amb l&#8217;ajuntament en el projecte MARES Circulares, que t\u00e9 com a objectiu la neteja especial de la zona i retornar la vida al seu ecosistema. <a class=\"mh-excerpt-more\" href=\"https:\/\/tucomarca.whitekongsoftware.com\/ca\/la-diputacio-impulsa-la-recuperacio-de-la-ribera-del-riu-turia-afectada-per-la-dana-a-vilamarxant\/\" title=\"La Diputaci\u00f3 impulsa la recuperaci\u00f3 de la ribera del riu T\u00faria afectada per la dana a Vilamarxant\">[+] <\/a><\/div>\n","protected":false},"author":12,"featured_media":283668,"comment_status":"open","ping_status":"open","sticky":false,"template":"","format":"standard","meta":{"footnotes":""},"categories":[10892,21466,10898,10948,10894,10904,10903,10947,10896,10897,10927],"tags":[10899,15409,11246,23247,11090],"class_list":["post-283669","post","type-post","status-publish","format-standard","has-post-thumbnail","category-camp-de-turia-ca","category-dana-ca","category-ventana-ca","category-infraestructuras-ca","category-la-comarca-ca","category-sin-categorizar-ca","category-medio-ambiente-la-comarca-ca","category-politica","category-seccion-ca","category-sucesos-la-comarca-ca","category-vilamarxant-ca","tag-camp-de-turia-ca","tag-dana-2-ca","tag-diputacio-de-valencia-ca","tag-mares-circulares-ca","tag-vilamarxant-ca"],"_links":{"self":[{"href":"https:\/\/tucomarca.whitekongsoftware.com\/ca\/wp-json\/wp\/v2\/posts\/283669","targetHints":{"allow":["GET"]}}],"collection":[{"href":"https:\/\/tucomarca.whitekongsoftware.com\/ca\/wp-json\/wp\/v2\/posts"}],"about":[{"href":"https:\/\/tucomarca.whitekongsoftware.com\/ca\/wp-json\/wp\/v2\/types\/post"}],"author":[{"embeddable":true,"href":"https:\/\/tucomarca.whitekongsoftware.com\/ca\/wp-json\/wp\/v2\/users\/12"}],"replies":[{"embeddable":true,"href":"https:\/\/tucomarca.whitekongsoftware.com\/ca\/wp-json\/wp\/v2\/comments?post=283669"}],"version-history":[{"count":0,"href":"https:\/\/tucomarca.whitekongsoftware.com\/ca\/wp-json\/wp\/v2\/posts\/283669\/revisions"}],"wp:featuredmedia":[{"embeddable":true,"href":"https:\/\/tucomarca.whitekongsoftware.com\/ca\/wp-json\/wp\/v2\/media\/283668"}],"wp:attachment":[{"href":"https:\/\/tucomarca.whitekongsoftware.com\/ca\/wp-json\/wp\/v2\/media?parent=283669"}],"wp:term":[{"taxonomy":"category","embeddable":true,"href":"https:\/\/tucomarca.whitekongsoftware.com\/ca\/wp-json\/wp\/v2\/categories?post=283669"},{"taxonomy":"post_tag","embeddable":true,"href":"https:\/\/tucomarca.whitekongsoftware.com\/ca\/wp-json\/wp\/v2\/tags?post=283669"}],"curies":[{"name":"wp","href":"https:\/\/api.w.org\/{rel}","templated":true}]}}