{"id":283603,"date":"2025-10-27T10:45:00","date_gmt":"2025-10-27T08:45:00","guid":{"rendered":"https:\/\/www.tucomarca.com\/wordpress\/segunda\/?p=283603"},"modified":"2025-10-27T20:58:38","modified_gmt":"2025-10-27T18:58:38","slug":"el-projecte-adaptt-de-la-mancomunitat-de-linterior-tierra-del-vino-inaugura-un-espai-divulgatiu-en-les-radios-comarcals","status":"publish","type":"post","link":"https:\/\/tucomarca.whitekongsoftware.com\/ca\/el-projecte-adaptt-de-la-mancomunitat-de-linterior-tierra-del-vino-inaugura-un-espai-divulgatiu-en-les-radios-comarcals\/","title":{"rendered":"El Projecte Adapt@+t de la Mancomunitat de l\u2019Interior Tierra del Vino inaugura un espai divulgatiu en les r\u00e0dios comarcals"},"content":{"rendered":"\n<h3 class=\"wp-block-heading\">L\u2019equip t\u00e8cnic del projecte participa peri\u00f2dicament en la programaci\u00f3 de les r\u00e0dios locals amb l\u2019objectiu d\u2019apropar a la ciutadania tota la informaci\u00f3 relacionada amb l\u2019ocupaci\u00f3, la formaci\u00f3 i l\u2019emprenedoria a la comarca.<\/h3>\n\n\n\n<p class=\"wp-block-paragraph\">La <strong>Mancomunitat de l\u2019Interior Tierra del Vino (MITV)<\/strong>, a trav\u00e9s del seu <strong>Projecte d\u2019Ocupaci\u00f3 i Desenvolupament Comarcal, Adapt@+t<\/strong>, ha posat en marxa un nou espai divulgatiu en les tres emissores locals de la comarca: <strong>Radio Requena<\/strong>, <strong>Onda Requena<\/strong> i <strong>Radio Utiel<\/strong>.<\/p>\n\n\n\n<p class=\"wp-block-paragraph\">Des del mes de setembre, l\u2019equip t\u00e8cnic del projecte participa peri\u00f2dicament en la programaci\u00f3 d\u2019estes emissores amb l\u2019objectiu d\u2019acostar a la ciutadania tota la informaci\u00f3 relacionada amb l\u2019ocupaci\u00f3, la formaci\u00f3 i l\u2019emprenedoria al territori.<\/p>\n\n\n\n<p class=\"wp-block-paragraph\">En estos espais radiof\u00f2nics, l\u2019equip d\u2019<strong>Adapt@+t<\/strong> explica en profunditat els servicis que ofereix a la poblaci\u00f3, com ara:<\/p>\n\n\n\n<ul class=\"wp-block-list\">\n<li>L\u2019orientaci\u00f3 per a la cerca d\u2019ocupaci\u00f3 i la millora de l\u2019ocupabilitat.<\/li>\n\n\n\n<li>L\u2019assessorament a persones emprenedores i el suport en la creaci\u00f3 d\u2019empreses.<\/li>\n\n\n\n<li>La formaci\u00f3 de qualitat per a l\u2019ocupaci\u00f3.<\/li>\n\n\n\n<li>La informaci\u00f3 sobre ajudes i subvencions disponibles en mat\u00e8ria d\u2019ocupaci\u00f3 i empresa.<\/li>\n\n\n\n<li>L\u2019assist\u00e8ncia en la contractaci\u00f3 de personal qualificat per a les empreses.<\/li>\n\n\n\n<li>L\u2019acompanyament en el relleu i el trasp\u00e0s d\u2019empreses i comer\u00e7os viables, a trav\u00e9s del <strong>Programa Reactivem<\/strong>.<\/li>\n<\/ul>\n\n\n\n<p class=\"wp-block-paragraph\">D\u2019esta manera, cada mes la ciutadania pot sintonitzar les seues r\u00e0dios locals per a mantindre\u2019s informada sobre els recursos i oportunitats que ofereix el <strong>Projecte Adapt@+t<\/strong>, obtenint informaci\u00f3 \u00fatil i actualitzada.<\/p>\n\n\n\n<p class=\"wp-block-paragraph\">Els programes s\u2019integren dins de la programaci\u00f3 habitual de les tres emissores locals, garantint aix\u00ed un ampli abast entre la poblaci\u00f3 de la comarca. A m\u00e9s, tots els programes ja emesos estan disponibles en l\u2019enlla\u00e7 al web de la <strong>MITV<\/strong>.<\/p>\n\n\n\n<p class=\"wp-block-paragraph\">El <strong>Projecte Adapt@+t<\/strong> forma part del <strong>Programa Empace 2025-2026<\/strong> del <strong>Servici Valenci\u00e0 d\u2019Ocupaci\u00f3 i Formaci\u00f3 (Labora)<\/strong> i s\u2019emmarca dins de l\u2019<strong>Acord Territorial per l\u2019Ocupaci\u00f3 i el Desenvolupament Local<\/strong>, signat per la <strong>MITV<\/strong> juntament amb els nou municipis que la integren: <strong>Camporrobles, Caudete de las Fuentes, Chera, Fuenterrobles, Requena, Sinarcas, Utiel, Venta del Moro<\/strong> i <strong>Villargordo del Cabriel<\/strong>.<\/p>\n","protected":false},"excerpt":{"rendered":"<div class=\"mh-excerpt\">L\u2019equip t\u00e8cnic del projecte participa peri\u00f2dicament en la programaci\u00f3 de les r\u00e0dios locals amb l\u2019objectiu d\u2019apropar a la ciutadania tota la informaci\u00f3 relacionada amb l\u2019ocupaci\u00f3, la formaci\u00f3 i l\u2019emprenedoria a la comarca. La Mancomunitat de <a class=\"mh-excerpt-more\" href=\"https:\/\/tucomarca.whitekongsoftware.com\/ca\/el-projecte-adaptt-de-la-mancomunitat-de-linterior-tierra-del-vino-inaugura-un-espai-divulgatiu-en-les-radios-comarcals\/\" title=\"El Projecte Adapt@+t de la Mancomunitat de l\u2019Interior Tierra del Vino inaugura un espai divulgatiu en les r\u00e0dios comarcals\">[+] <\/a><\/div>\n","protected":false},"author":12,"featured_media":283602,"comment_status":"open","ping_status":"open","sticky":false,"template":"","format":"standard","meta":{"footnotes":""},"categories":[11031,11032,11054,11055,10894,11007,10947,10908,10909,10896,11058,11059,11060,11061],"tags":[20458,12387,10910],"class_list":["post-283603","post","type-post","status-publish","format-standard","has-post-thumbnail","category-camporrobles-ca","category-caudete-ca","category-chera-ca","category-fuenterrobles-ca","category-la-comarca-ca","category-ocio-y-cultura-ca","category-politica","category-requena-ca","category-requena-utiel-ca","category-seccion-ca","category-sinarcas-ca","category-utiel-ca","category-venta-del-moro-ca","category-villargordo-del-cabriel-ca","tag-adaptt-ca","tag-mancomunidad-del-interior-tierra-del-vino-ca","tag-requena-utiel-ca"],"_links":{"self":[{"href":"https:\/\/tucomarca.whitekongsoftware.com\/ca\/wp-json\/wp\/v2\/posts\/283603","targetHints":{"allow":["GET"]}}],"collection":[{"href":"https:\/\/tucomarca.whitekongsoftware.com\/ca\/wp-json\/wp\/v2\/posts"}],"about":[{"href":"https:\/\/tucomarca.whitekongsoftware.com\/ca\/wp-json\/wp\/v2\/types\/post"}],"author":[{"embeddable":true,"href":"https:\/\/tucomarca.whitekongsoftware.com\/ca\/wp-json\/wp\/v2\/users\/12"}],"replies":[{"embeddable":true,"href":"https:\/\/tucomarca.whitekongsoftware.com\/ca\/wp-json\/wp\/v2\/comments?post=283603"}],"version-history":[{"count":0,"href":"https:\/\/tucomarca.whitekongsoftware.com\/ca\/wp-json\/wp\/v2\/posts\/283603\/revisions"}],"wp:featuredmedia":[{"embeddable":true,"href":"https:\/\/tucomarca.whitekongsoftware.com\/ca\/wp-json\/wp\/v2\/media\/283602"}],"wp:attachment":[{"href":"https:\/\/tucomarca.whitekongsoftware.com\/ca\/wp-json\/wp\/v2\/media?parent=283603"}],"wp:term":[{"taxonomy":"category","embeddable":true,"href":"https:\/\/tucomarca.whitekongsoftware.com\/ca\/wp-json\/wp\/v2\/categories?post=283603"},{"taxonomy":"post_tag","embeddable":true,"href":"https:\/\/tucomarca.whitekongsoftware.com\/ca\/wp-json\/wp\/v2\/tags?post=283603"}],"curies":[{"name":"wp","href":"https:\/\/api.w.org\/{rel}","templated":true}]}}