{"id":283420,"date":"2025-10-24T13:00:00","date_gmt":"2025-10-24T11:00:00","guid":{"rendered":"https:\/\/www.tucomarca.com\/wordpress\/segunda\/?p=283420"},"modified":"2025-10-24T19:51:53","modified_gmt":"2025-10-24T17:51:53","slug":"la-diputacio-de-valencia-reobrira-el-pont-de-xest-este-diumenge-baix-el-nom-de-pont-de-la-memoria","status":"publish","type":"post","link":"https:\/\/tucomarca.whitekongsoftware.com\/ca\/la-diputacio-de-valencia-reobrira-el-pont-de-xest-este-diumenge-baix-el-nom-de-pont-de-la-memoria\/","title":{"rendered":"La Diputaci\u00f3 de Val\u00e8ncia reobrir\u00e0 el pont de Xest este diumenge baix el nom de Pont de la Mem\u00f2ria"},"content":{"rendered":"\n<h3 class=\"wp-block-heading\">El projecte de demolici\u00f3 i reconstrucci\u00f3 integral, de 5,4 milions d&#8217;euros, aglutina les t\u00e8cniques m\u00e9s avan\u00e7ades per a major seguretat i capacitat hidr\u00e0ulica.<\/h3>\n\n\n\n<h3 class=\"wp-block-heading\">Momp\u00f3: \u201cdesitge que este lloc quede com a s\u00edmbol del que podem aconseguir les valencianes i els valencians si ens escoltem, ens respectem i ens centrem en all\u00f2 que de veritat importa\u201d.<\/h3>\n\n\n\n<p class=\"wp-block-paragraph\">La Diputaci\u00f3 de Val\u00e8ncia reobrir\u00e0 al tr\u00e0nsit el pont de Cheste afectat per la dana este diumenge al mat\u00ed despr\u00e9s de 10 mesos de treball i un pressupost de 5,4 milions d&#8217;euros. Es conclou aix\u00ed una infraestructura estrat\u00e8gica, ara rebatejada com a Pont de la Mem\u00f2ria, que \u00e9s vital per a la comarca i la prov\u00edncia: \u00e9s el principal acc\u00e9s de Cheste des de l&#8217;autovia A-3 i \u00e9s necessari per a l&#8217;activitat industrial i log\u00edstica de la zona, la qual genera un flux continu de vehicles. A m\u00e9s de facilitar la connectivitat segura i fluida entre l&#8217;autovia i el nucli urb\u00e0, era molt important per a la Diputaci\u00f3 tindre&#8217;l obert per al Gran Premi de Motociclisme que comen\u00e7a el 14 de novembre.\u00a0<\/p>\n\n\n\n<p class=\"wp-block-paragraph\">Les primeres inspeccions, poques hores despr\u00e9s de les pluges, feien pensar que el pont es podria reparar; per\u00f2 els informes dels enginyers van concloure que esta opci\u00f3 no era viable: les fonamentacions i els formigons estaven molt deteriorats. Per aix\u00f2, es va decidir demolir i reconstruir per complet l&#8217;estructura, aplicant les t\u00e8cniques m\u00e9s avan\u00e7ades. El nou pont, la vida \u00fatil del qual s&#8217;estima en 100 anys, oferix major seguretat, durabilitat i capacitat hidr\u00e0ulica davant pluges torrencials.&nbsp;<\/p>\n\n\n\n<p class=\"wp-block-paragraph\">T\u00e8cnicament, el pont est\u00e0 compost per tres obertures de 32 metres cada un, amb tauler mixt de bigues arteses d&#8217;acer i llosa de formig\u00f3 armat. Nom\u00e9s t\u00e9 dos piles en el llit, cosa que millora la resposta hidr\u00e0ulica. Cada biga pesa unes 45 tones, que s&#8217;han acoblat i col\u00b7locat amb grues de gran capacitat.<\/p>\n\n\n\n<p class=\"wp-block-paragraph\">\u201cEl valor d&#8217;este pont no es mesura ni en euros ni en terminis. Representa molt m\u00e9s. Per aix\u00f2, es diu el Pont de la Mem\u00f2ria: perqu\u00e8 volem recordar que no tot val en pol\u00edtica, que l&#8217;\u00fanica manera d&#8217;avan\u00e7ar \u00e9s sumar\u201d, ha destacat el president de la Diputaci\u00f3 de Val\u00e8ncia, Vicent Momp\u00f3, en un acte que la corporaci\u00f3 provincial ha celebrat este divendres en l&#8217;entorn del pont.<\/p>\n\n\n\n<p class=\"wp-block-paragraph\">En la mateixa l\u00ednia, ha subratllat, \u201cdesitge que este lloc quede com a s\u00edmbol del que podem aconseguir les valencianes i els valencians si ens escoltem, ens respectem i ens centrem en all\u00f2 que de veritat importa\u201d. \u201cAc\u00ed calia comen\u00e7ar de zero i aix\u00f2 ho vam fer junts. Davant el soroll i les trinxeres pol\u00edtiques, ac\u00ed triem cooperar\u201d, ha recalcat Momp\u00f3, qui ha def\u00e9s que \u201ceixa \u00e9s la lli\u00e7\u00f3 m\u00e9s gran que deixa este pont; la Diputaci\u00f3, els ajuntaments, les empreses, els t\u00e8cnics, els treballadors\u2026 tots hem remat en la mateixa direcci\u00f3. Ning\u00fa ha preguntat de quin color era l&#8217;alcalde del municipi, ni de quin partit depenia el contracte, ni a qui li corresponia el m\u00e8rit\u201d.<\/p>\n\n\n\n<p class=\"wp-block-paragraph\">Per aix\u00f2, m\u00e9s enll\u00e0 de la col\u00b7laboraci\u00f3 institucional, Momp\u00f3 ha agra\u00eft a les empreses constructores el seu treball en la reconstrucci\u00f3 dels 29 ponts i els 1.100 km de carreteres afectades. \u201cVau entendre que la reconstrucci\u00f3 no era nom\u00e9s complir un contracte, sin\u00f3 retornar als pobles la seua connexi\u00f3, vau treballar amb rigor, rapidesa i professionalitat\u201d. Un agra\u00efment que ha est\u00e9s a l&#8217;equip de carreteres de la Diputaci\u00f3: \u201csou un exemple de servici p\u00fablic, vau ser els primers a eixir, els \u00faltims en descansar, els que vau aportar criteri t\u00e8cnic, serenitat i solucions\u201d.<\/p>\n\n\n\n<p class=\"wp-block-paragraph\">En este aspecte, la diputada de Carreteres i vicepresidenta segona de la Diputaci\u00f3, Reme Mazzolari, ha qualificat &#8220;l&#8217;exemplar coordinaci\u00f3 que hi ha hagut entre el gabinet t\u00e8cnic de l&#8217;\u00e0rea de Carreteres i les empreses contractistes&#8221; com &#8220;la clau que hui, un any despr\u00e9s de la que ha sigut la major cat\u00e0strofe natural que es recorda a la prov\u00edncia de Val\u00e8ncia, s&#8217;haja recuperat m\u00e9s del 80% de la xarxa de carreteres afectada&#8221;.&nbsp;<\/p>\n\n\n\n<p class=\"wp-block-paragraph\">Aix\u00ed mateix, Mazzolari ha incidit en qu\u00e8 &#8220;la labor de reconstrucci\u00f3 l&#8217;hem abordat com una oportunitat per a millorar la resist\u00e8ncia de la nostra xarxa de comunicacions de cara futurs fen\u00f2mens meteorol\u00f2gics extrems, que no sabem quan arribaran, per\u00f2 que de ben segur ho faran&#8221;, i ha posat com a exemple &#8220;este pont de Cheste que gr\u00e0cies a la redefinici\u00f3 de les obertures incrementar\u00e0 \u00e0mpliament la seua capacitat per a canalitzar el pas d&#8217;aigua&#8221;.&nbsp;<\/p>\n\n\n\n<p class=\"wp-block-paragraph\">Un reconeixement a la col\u00b7laboraci\u00f3 institucional i un agra\u00efment als professionals que igualment han recolzat el conseller d&#8217;Infraestructures, Vicente Mart\u00ednez Mus i l&#8217;alcalde de Cheste, Jos\u00e9 Morell. A l&#8217;acte tamb\u00e9 han assistit la Directora General d&#8217;Infraestructures i Medi Ambient, M\u00aa Jos\u00e9 Ruzafa; aix\u00ed com alcaldes i alcaldesses de la comarca i empresaris del sector.<\/p>\n\n\n\n<figure class=\"wp-block-gallery has-nested-images columns-2 is-cropped wp-block-gallery-1 is-layout-flex wp-block-gallery-is-layout-flex\">\n<figure class=\"wp-block-image size-large\"><img loading=\"lazy\" decoding=\"async\" width=\"1024\" height=\"683\" data-id=\"283417\" src=\"https:\/\/www.tucomarca.com\/wordpress\/segunda\/wp-content\/uploads\/2025\/10\/DipuPuenteEmpresas2-1024x683.jpeg\" alt=\"\" class=\"wp-image-283417\" srcset=\"https:\/\/tucomarca.whitekongsoftware.com\/wp-content\/uploads\/2025\/10\/DipuPuenteEmpresas2-1024x683.jpeg 1024w, https:\/\/tucomarca.whitekongsoftware.com\/wp-content\/uploads\/2025\/10\/DipuPuenteEmpresas2-300x200.jpeg 300w, https:\/\/tucomarca.whitekongsoftware.com\/wp-content\/uploads\/2025\/10\/DipuPuenteEmpresas2-768x512.jpeg 768w, https:\/\/tucomarca.whitekongsoftware.com\/wp-content\/uploads\/2025\/10\/DipuPuenteEmpresas2-1536x1024.jpeg 1536w, https:\/\/tucomarca.whitekongsoftware.com\/wp-content\/uploads\/2025\/10\/DipuPuenteEmpresas2-2048x1365.jpeg 2048w\" sizes=\"auto, (max-width: 1024px) 100vw, 1024px\" \/><\/figure>\n\n\n\n<figure class=\"wp-block-image size-large\"><img loading=\"lazy\" decoding=\"async\" width=\"1024\" height=\"691\" data-id=\"283413\" src=\"https:\/\/www.tucomarca.com\/wordpress\/segunda\/wp-content\/uploads\/2025\/10\/DipuPresident-1024x691.jpg\" alt=\"\" class=\"wp-image-283413\" srcset=\"https:\/\/tucomarca.whitekongsoftware.com\/wp-content\/uploads\/2025\/10\/DipuPresident-1024x691.jpg 1024w, https:\/\/tucomarca.whitekongsoftware.com\/wp-content\/uploads\/2025\/10\/DipuPresident-300x202.jpg 300w, https:\/\/tucomarca.whitekongsoftware.com\/wp-content\/uploads\/2025\/10\/DipuPresident-768x518.jpg 768w, https:\/\/tucomarca.whitekongsoftware.com\/wp-content\/uploads\/2025\/10\/DipuPresident-1536x1036.jpg 1536w, https:\/\/tucomarca.whitekongsoftware.com\/wp-content\/uploads\/2025\/10\/DipuPresident-2048x1382.jpg 2048w\" sizes=\"auto, (max-width: 1024px) 100vw, 1024px\" \/><\/figure>\n\n\n\n<figure class=\"wp-block-image size-large\"><img loading=\"lazy\" decoding=\"async\" width=\"1024\" height=\"543\" data-id=\"283411\" src=\"https:\/\/www.tucomarca.com\/wordpress\/segunda\/wp-content\/uploads\/2025\/10\/Dipufamilia-1024x543.jpg\" alt=\"\" class=\"wp-image-283411\" srcset=\"https:\/\/tucomarca.whitekongsoftware.com\/wp-content\/uploads\/2025\/10\/Dipufamilia-1024x543.jpg 1024w, https:\/\/tucomarca.whitekongsoftware.com\/wp-content\/uploads\/2025\/10\/Dipufamilia-300x159.jpg 300w, https:\/\/tucomarca.whitekongsoftware.com\/wp-content\/uploads\/2025\/10\/Dipufamilia-768x407.jpg 768w, https:\/\/tucomarca.whitekongsoftware.com\/wp-content\/uploads\/2025\/10\/Dipufamilia-1536x814.jpg 1536w, https:\/\/tucomarca.whitekongsoftware.com\/wp-content\/uploads\/2025\/10\/Dipufamilia-2048x1085.jpg 2048w\" sizes=\"auto, (max-width: 1024px) 100vw, 1024px\" \/><\/figure>\n<\/figure>\n","protected":false},"excerpt":{"rendered":"<div class=\"mh-excerpt\">El projecte de demolici\u00f3 i reconstrucci\u00f3 integral, de 5,4 milions d&#8217;euros, aglutina les t\u00e8cniques m\u00e9s avan\u00e7ades per a major seguretat i capacitat hidr\u00e0ulica. Momp\u00f3: \u201cdesitge que este lloc quede com a s\u00edmbol del que podem <a class=\"mh-excerpt-more\" href=\"https:\/\/tucomarca.whitekongsoftware.com\/ca\/la-diputacio-de-valencia-reobrira-el-pont-de-xest-este-diumenge-baix-el-nom-de-pont-de-la-memoria\/\" title=\"La Diputaci\u00f3 de Val\u00e8ncia reobrir\u00e0 el pont de Xest este diumenge baix el nom de Pont de la Mem\u00f2ria\">[+] <\/a><\/div>\n","protected":false},"author":1,"featured_media":283416,"comment_status":"open","ping_status":"open","sticky":false,"template":"","format":"gallery","meta":{"footnotes":""},"categories":[21466,10898,10948,10894,10904,10912,10903,10947,10896,10897,10974],"tags":[11071,11246,10914],"class_list":["post-283420","post","type-post","status-publish","format-gallery","has-post-thumbnail","category-dana-ca","category-ventana-ca","category-infraestructuras-ca","category-la-comarca-ca","category-sin-categorizar-ca","category-la-hoya-ca","category-medio-ambiente-la-comarca-ca","category-politica","category-seccion-ca","category-sucesos-la-comarca-ca","category-cheste-ca","tag-cheste","tag-diputacio-de-valencia-ca","tag-la-hoya-de-bunol-chiva-ca","post_format-post-format-gallery"],"_links":{"self":[{"href":"https:\/\/tucomarca.whitekongsoftware.com\/ca\/wp-json\/wp\/v2\/posts\/283420","targetHints":{"allow":["GET"]}}],"collection":[{"href":"https:\/\/tucomarca.whitekongsoftware.com\/ca\/wp-json\/wp\/v2\/posts"}],"about":[{"href":"https:\/\/tucomarca.whitekongsoftware.com\/ca\/wp-json\/wp\/v2\/types\/post"}],"author":[{"embeddable":true,"href":"https:\/\/tucomarca.whitekongsoftware.com\/ca\/wp-json\/wp\/v2\/users\/1"}],"replies":[{"embeddable":true,"href":"https:\/\/tucomarca.whitekongsoftware.com\/ca\/wp-json\/wp\/v2\/comments?post=283420"}],"version-history":[{"count":0,"href":"https:\/\/tucomarca.whitekongsoftware.com\/ca\/wp-json\/wp\/v2\/posts\/283420\/revisions"}],"wp:featuredmedia":[{"embeddable":true,"href":"https:\/\/tucomarca.whitekongsoftware.com\/ca\/wp-json\/wp\/v2\/media\/283416"}],"wp:attachment":[{"href":"https:\/\/tucomarca.whitekongsoftware.com\/ca\/wp-json\/wp\/v2\/media?parent=283420"}],"wp:term":[{"taxonomy":"category","embeddable":true,"href":"https:\/\/tucomarca.whitekongsoftware.com\/ca\/wp-json\/wp\/v2\/categories?post=283420"},{"taxonomy":"post_tag","embeddable":true,"href":"https:\/\/tucomarca.whitekongsoftware.com\/ca\/wp-json\/wp\/v2\/tags?post=283420"}],"curies":[{"name":"wp","href":"https:\/\/api.w.org\/{rel}","templated":true}]}}