{"id":283364,"date":"2025-10-24T10:00:00","date_gmt":"2025-10-24T08:00:00","guid":{"rendered":"https:\/\/www.tucomarca.com\/wordpress\/segunda\/?p=283364"},"modified":"2025-10-24T19:13:54","modified_gmt":"2025-10-24T17:13:54","slug":"bunyol-celebra-este-divendres-la-gala-del-comerc-local-2025-amb-reconeixements-i-humor-al-palau-de-la-musica","status":"publish","type":"post","link":"https:\/\/tucomarca.whitekongsoftware.com\/ca\/bunyol-celebra-este-divendres-la-gala-del-comerc-local-2025-amb-reconeixements-i-humor-al-palau-de-la-musica\/","title":{"rendered":"Bunyol celebra este divendres la Gala del Comer\u00e7 Local 2025 amb reconeixements i humor al Palau de la M\u00fasica"},"content":{"rendered":"\n<p class=\"wp-block-paragraph\">L\u2019Associaci\u00f3 de Comerciants i Empresaris de Bunyol i Comarca (ACYEB) celebrar\u00e0 este divendres 24 d\u2019octubre la Gala del Comer\u00e7 Local de Bunyol 2025, un esdeveniment que s\u2019ha convertit en una cita imprescindible per a recon\u00e9ixer la tasca dels comer\u00e7os, empreses i professionals del municipi.<\/p>\n\n\n\n<p class=\"wp-block-paragraph\">La gala tindr\u00e0 lloc al Palacio de la M\u00fasica i comen\u00e7ar\u00e0 a partir de les 22.00 hores, amb el lliurament de reconeixements als associats que han destacat per la seua traject\u00f2ria, innovaci\u00f3 o contribuci\u00f3 al teixit econ\u00f2mic local.<\/p>\n\n\n\n<p class=\"wp-block-paragraph\">Despr\u00e9s de l\u2019acte institucional, el p\u00fablic podr\u00e0 gaudir d\u2019una sessi\u00f3 d\u2019humor amb el c\u00f2mic Manu Baeza, que posar\u00e0 el fermall d\u2019or a una vetlada dedicada a celebrar l\u2019esfor\u00e7 i la vitalitat del comer\u00e7 de Bu\u00f1ol.<\/p>\n\n\n\n<p class=\"wp-block-paragraph\">Des d\u2019ACYEB destaquen que esta gala \u201c\u00e9s una manera d\u2019agrair a tots els comerciants el seu comprom\u00eds amb el poble, la seua capacitat d\u2019adaptaci\u00f3 i el seu paper fonamental en la vida quotidiana de la localitat\u201d.<\/p>\n\n\n\n<p class=\"wp-block-paragraph\">L\u2019entrada \u00e9s lliure i gratu\u00efta, i l\u2019Ajuntament de Bu\u00f1ol convida tota la ciutadania a participar en esta cita especial de reconeixement i conviv\u00e8ncia.<\/p>\n","protected":false},"excerpt":{"rendered":"<div class=\"mh-excerpt\">L\u2019Associaci\u00f3 de Comerciants i Empresaris de Bunyol i Comarca (ACYEB) celebrar\u00e0 este divendres 24 d\u2019octubre la Gala del Comer\u00e7 Local de Bunyol 2025, un esdeveniment que s\u2019ha convertit en una cita imprescindible per a recon\u00e9ixer <a class=\"mh-excerpt-more\" href=\"https:\/\/tucomarca.whitekongsoftware.com\/ca\/bunyol-celebra-este-divendres-la-gala-del-comerc-local-2025-amb-reconeixements-i-humor-al-palau-de-la-musica\/\" title=\"Bunyol celebra este divendres la Gala del Comer\u00e7 Local 2025 amb reconeixements i humor al Palau de la M\u00fasica\">[+] <\/a><\/div>\n","protected":false},"author":12,"featured_media":283363,"comment_status":"open","ping_status":"open","sticky":false,"template":"","format":"standard","meta":{"footnotes":""},"categories":[11019,10911,10894,10912,11007,10896],"tags":[13339,10913,10914],"class_list":["post-283364","post","type-post","status-publish","format-standard","has-post-thumbnail","category-agenda-ca","category-bunol-ca","category-la-comarca-ca","category-la-hoya-ca","category-ocio-y-cultura-ca","category-seccion-ca","tag-acyeb-ca","tag-bunol-ca","tag-la-hoya-de-bunol-chiva-ca"],"_links":{"self":[{"href":"https:\/\/tucomarca.whitekongsoftware.com\/ca\/wp-json\/wp\/v2\/posts\/283364","targetHints":{"allow":["GET"]}}],"collection":[{"href":"https:\/\/tucomarca.whitekongsoftware.com\/ca\/wp-json\/wp\/v2\/posts"}],"about":[{"href":"https:\/\/tucomarca.whitekongsoftware.com\/ca\/wp-json\/wp\/v2\/types\/post"}],"author":[{"embeddable":true,"href":"https:\/\/tucomarca.whitekongsoftware.com\/ca\/wp-json\/wp\/v2\/users\/12"}],"replies":[{"embeddable":true,"href":"https:\/\/tucomarca.whitekongsoftware.com\/ca\/wp-json\/wp\/v2\/comments?post=283364"}],"version-history":[{"count":0,"href":"https:\/\/tucomarca.whitekongsoftware.com\/ca\/wp-json\/wp\/v2\/posts\/283364\/revisions"}],"wp:featuredmedia":[{"embeddable":true,"href":"https:\/\/tucomarca.whitekongsoftware.com\/ca\/wp-json\/wp\/v2\/media\/283363"}],"wp:attachment":[{"href":"https:\/\/tucomarca.whitekongsoftware.com\/ca\/wp-json\/wp\/v2\/media?parent=283364"}],"wp:term":[{"taxonomy":"category","embeddable":true,"href":"https:\/\/tucomarca.whitekongsoftware.com\/ca\/wp-json\/wp\/v2\/categories?post=283364"},{"taxonomy":"post_tag","embeddable":true,"href":"https:\/\/tucomarca.whitekongsoftware.com\/ca\/wp-json\/wp\/v2\/tags?post=283364"}],"curies":[{"name":"wp","href":"https:\/\/api.w.org\/{rel}","templated":true}]}}