{"id":283315,"date":"2025-10-23T11:30:00","date_gmt":"2025-10-23T09:30:00","guid":{"rendered":"https:\/\/www.tucomarca.com\/wordpress\/segunda\/?p=283315"},"modified":"2025-10-23T21:02:58","modified_gmt":"2025-10-23T19:02:58","slug":"lfvmp-i-presidencia-de-la-generalitat-premien-sis-ajuntaments-per-la-seua-capacitat-dinnovar-en-la-comunicacio-local","status":"publish","type":"post","link":"https:\/\/tucomarca.whitekongsoftware.com\/ca\/lfvmp-i-presidencia-de-la-generalitat-premien-sis-ajuntaments-per-la-seua-capacitat-dinnovar-en-la-comunicacio-local\/","title":{"rendered":"L\u2019FVMP i Presid\u00e8ncia de la Generalitat premien sis ajuntaments per la seua capacitat d\u2019innovar en la comunicaci\u00f3 local\u00a0"},"content":{"rendered":"\n<h3 class=\"wp-block-heading\">La Federaci\u00f3 Valenciana de Municipis i Prov\u00edncies i Presid\u00e8ncia de la Generalitat reforcen la comunicaci\u00f3 de proximitat amb un impuls conjunt que reconeix els millors projectes municipals.\u00a0<\/h3>\n\n\n\n<p class=\"wp-block-paragraph\">L\u2019FVMP ha celebrat l\u2019Acte de Comunicaci\u00f3 Local amb l\u2019objectiu d\u2019impulsar una comunicaci\u00f3 p\u00fablica m\u00e9s clara, pr\u00f2xima i participativa i recon\u00e9ixer l\u2019esfor\u00e7 dels equips municipals per innovar i connectar millor amb la seua ciutadania. En este marc s\u2019han concedit els <strong>Premis FVMP 2025 a la Innovaci\u00f3 en la Comunicaci\u00f3 Local<\/strong>, que distingixen sis ajuntaments pels seus projectes.&nbsp;<\/p>\n\n\n\n<p class=\"wp-block-paragraph\"><strong>Participaci\u00f3&nbsp;<\/strong><\/p>\n\n\n\n<p class=\"wp-block-paragraph\">Hi han concorregut 12 ajuntaments amb 13 projectes i 20 candidatures (algunes iniciatives s\u2019han presentat a m\u00e9s d\u2019una categoria).&nbsp;<\/p>\n\n\n\n<p class=\"wp-block-paragraph\"><strong>Veredicte del jurat&nbsp;<\/strong><\/p>\n\n\n\n<ul class=\"wp-block-list\">\n<li><strong>Categoria 1 \u2013 Innovaci\u00f3 tecnol\u00f2gica en emissores<\/strong><br><strong>municipals: <\/strong>Deserta.<br><\/li>\n\n\n\n<li><strong>Categoria 2 \u2013 Projectes de comunicaci\u00f3 transparents, inclusius i participatius (premis): <\/strong>Riba-roja de T\u00faria \u2013 <em>\u201cTinc un p\u00f2dcast en R\u00e0dio Riba-roja\u201d<\/em>; Cortes de Arenoso \u2013 <em>\u201cComunicant amb proximitat, un model<\/em> <em>local\u201d<\/em>; Alberic \u2013 <em>\u201cEntre el paper i el digital\u201d<\/em>.&nbsp;<\/li>\n\n\n\n<li><strong>Categoria 3 \u2013 Formats multiplataforma amb impacte social (premis):&nbsp;<\/strong>Gandia \u2013 <em>\u201cTots els colors del verd\u201d<\/em>; Elx \u2013 <em>\u201cInnovaci\u00f3 en les xarxes socials de l\u2019Ajuntament\u201d<\/em>; Algemes\u00ed \u2013 <em>\u201cDel paper a la pantalla\u201d<\/em>.&nbsp;<\/li>\n<\/ul>\n\n\n\n<p class=\"wp-block-paragraph\"><strong>Declaracions&nbsp;<\/strong><\/p>\n\n\n\n<p class=\"wp-block-paragraph\">La presidenta de l\u2019FVMP, Paqui Bartual, ha afirmat: \u00abLa innovaci\u00f3 tamb\u00e9 est\u00e0 en el to i en saber arribar a la ciutadania. Tots els alcaldes i totes les alcaldesses coincidixen que all\u00f2 que no es comunica no existix\u00bb.&nbsp;<\/p>\n\n\n\n<p class=\"wp-block-paragraph\"><strong>Presentaci\u00f3 de la plataforma ConnectaLocal <\/strong>En l\u2019acte s\u2019ha presentat <strong>ConnectaLocal<\/strong>, una plataforma de suport que centralitza informaci\u00f3 amb impacte municipal, ordena els missatges entre administracions i oferix recursos (v\u00eddeo, \u00e0udio i documentaci\u00f3) per a emissores i p\u00f2dcasts locals, amb busques intel\u00b7ligents i avisos en temps real. La seua missi\u00f3: fer m\u00e9s \u00e0gil i \u00fatil la coordinaci\u00f3 institucional.&nbsp;<\/p>\n\n\n\n<p class=\"wp-block-paragraph\">Despr\u00e9s del lliurament dels guardons, s\u2019ha realitzat la foto de fam\u00edlia amb els 12 ajuntaments participants i un c\u00f2ctel de <em>networking<\/em>.<\/p>\n\n\n\n<figure class=\"wp-block-image size-large\"><img loading=\"lazy\" decoding=\"async\" width=\"1024\" height=\"683\" src=\"http:\/\/www.tucomarca.com\/wordpress\/segunda\/wp-content\/uploads\/2025\/10\/ActoComunicacion_FVMP_GVA-1024x683.jpg\" alt=\"\" class=\"wp-image-283309\" srcset=\"https:\/\/tucomarca.whitekongsoftware.com\/wp-content\/uploads\/2025\/10\/ActoComunicacion_FVMP_GVA-1024x683.jpg 1024w, https:\/\/tucomarca.whitekongsoftware.com\/wp-content\/uploads\/2025\/10\/ActoComunicacion_FVMP_GVA-300x200.jpg 300w, https:\/\/tucomarca.whitekongsoftware.com\/wp-content\/uploads\/2025\/10\/ActoComunicacion_FVMP_GVA-768x512.jpg 768w, https:\/\/tucomarca.whitekongsoftware.com\/wp-content\/uploads\/2025\/10\/ActoComunicacion_FVMP_GVA-1536x1024.jpg 1536w, https:\/\/tucomarca.whitekongsoftware.com\/wp-content\/uploads\/2025\/10\/ActoComunicacion_FVMP_GVA-2048x1365.jpg 2048w\" sizes=\"auto, (max-width: 1024px) 100vw, 1024px\" \/><\/figure>\n\n\n\n<p class=\"wp-block-paragraph\"><\/p>\n","protected":false},"excerpt":{"rendered":"<div class=\"mh-excerpt\">La Federaci\u00f3 Valenciana de Municipis i Prov\u00edncies i Presid\u00e8ncia de la Generalitat reforcen la comunicaci\u00f3 de proximitat amb un impuls conjunt que reconeix els millors projectes municipals.\u00a0 L\u2019FVMP ha celebrat l\u2019Acte de Comunicaci\u00f3 Local amb <a class=\"mh-excerpt-more\" href=\"https:\/\/tucomarca.whitekongsoftware.com\/ca\/lfvmp-i-presidencia-de-la-generalitat-premien-sis-ajuntaments-per-la-seua-capacitat-dinnovar-en-la-comunicacio-local\/\" title=\"L\u2019FVMP i Presid\u00e8ncia de la Generalitat premien sis ajuntaments per la seua capacitat d\u2019innovar en la comunicaci\u00f3 local\u00a0\">[+] <\/a><\/div>\n","protected":false},"author":12,"featured_media":283308,"comment_status":"open","ping_status":"open","sticky":false,"template":"","format":"standard","meta":{"footnotes":""},"categories":[10983,10892,10898,10894,10904,10902,10947,10906,10896],"tags":[12242,14393,11498,23236],"class_list":["post-283315","post","type-post","status-publish","format-standard","has-post-thumbnail","category-algemesi-ca","category-camp-de-turia-ca","category-ventana-ca","category-la-comarca-ca","category-sin-categorizar-ca","category-la-ribera-ca","category-politica","category-riba-roja-ca","category-seccion-ca","tag-federacion-valenciana-de-municipios-y-provincias-ca","tag-fvmp-ca","tag-generalitat-valenciana-ca","tag-presidencia-de-la-generalitat-ca"],"_links":{"self":[{"href":"https:\/\/tucomarca.whitekongsoftware.com\/ca\/wp-json\/wp\/v2\/posts\/283315","targetHints":{"allow":["GET"]}}],"collection":[{"href":"https:\/\/tucomarca.whitekongsoftware.com\/ca\/wp-json\/wp\/v2\/posts"}],"about":[{"href":"https:\/\/tucomarca.whitekongsoftware.com\/ca\/wp-json\/wp\/v2\/types\/post"}],"author":[{"embeddable":true,"href":"https:\/\/tucomarca.whitekongsoftware.com\/ca\/wp-json\/wp\/v2\/users\/12"}],"replies":[{"embeddable":true,"href":"https:\/\/tucomarca.whitekongsoftware.com\/ca\/wp-json\/wp\/v2\/comments?post=283315"}],"version-history":[{"count":0,"href":"https:\/\/tucomarca.whitekongsoftware.com\/ca\/wp-json\/wp\/v2\/posts\/283315\/revisions"}],"wp:featuredmedia":[{"embeddable":true,"href":"https:\/\/tucomarca.whitekongsoftware.com\/ca\/wp-json\/wp\/v2\/media\/283308"}],"wp:attachment":[{"href":"https:\/\/tucomarca.whitekongsoftware.com\/ca\/wp-json\/wp\/v2\/media?parent=283315"}],"wp:term":[{"taxonomy":"category","embeddable":true,"href":"https:\/\/tucomarca.whitekongsoftware.com\/ca\/wp-json\/wp\/v2\/categories?post=283315"},{"taxonomy":"post_tag","embeddable":true,"href":"https:\/\/tucomarca.whitekongsoftware.com\/ca\/wp-json\/wp\/v2\/tags?post=283315"}],"curies":[{"name":"wp","href":"https:\/\/api.w.org\/{rel}","templated":true}]}}