{"id":283121,"date":"2025-10-22T10:30:00","date_gmt":"2025-10-22T08:30:00","guid":{"rendered":"https:\/\/www.tucomarca.com\/wordpress\/segunda\/?p=283121"},"modified":"2025-10-22T13:09:41","modified_gmt":"2025-10-22T11:09:41","slug":"la-policia-local-de-bunyol-interve-en-diversos-accidents-de-transit-amb-ferits-en-els-ultims-dies-i-anuncia-un-reforc-dels-controls-de-velocitat-i-alcoholemia","status":"publish","type":"post","link":"https:\/\/tucomarca.whitekongsoftware.com\/ca\/la-policia-local-de-bunyol-interve-en-diversos-accidents-de-transit-amb-ferits-en-els-ultims-dies-i-anuncia-un-reforc-dels-controls-de-velocitat-i-alcoholemia\/","title":{"rendered":"La Policia Local de Bunyol interv\u00e9 en diversos accidents de tr\u00e0nsit amb ferits en els \u00faltims dies i anuncia un refor\u00e7 dels controls de velocitat i alcoholemia"},"content":{"rendered":"\n<p class=\"wp-block-paragraph\">Durant els \u00faltims dies, la <strong>Policia Local de Bu\u00f1ol<\/strong> ha hagut d\u2019intervindre en <strong>diversos accidents de tr\u00e0nsit amb ferits<\/strong> ocorreguts dins del nucli urb\u00e0 del municipi, segons ha informat el mateix cos policial.<\/p>\n\n\n\n<p class=\"wp-block-paragraph\">El primer dels sinistres es va registrar el <strong>divendres al mat\u00ed<\/strong> a l\u2019<strong>Avinguda Beltr\u00e1n B\u00e1guena<\/strong>, on es va produir una <strong>col\u00b7lisi\u00f3 entre un ciclomotor i una furgoneta<\/strong>.<\/p>\n\n\n\n<p class=\"wp-block-paragraph\">Un dia despr\u00e9s, el <strong>dissabte al mat\u00ed<\/strong>, els agents van haver d\u2019actuar novament en un altre accident, esta vegada a la <strong>conflu\u00e8ncia de l\u2019Avinguda P\u00e9rez Gald\u00f3s amb el Carrer La Hoguera<\/strong>, on una <strong>dona va resultar atropellada<\/strong>.<\/p>\n\n\n\n<p class=\"wp-block-paragraph\">L\u2019<strong>\u00faltim incident<\/strong> va tindre lloc <strong>ahir a la vesprada al Carrer Ruiz Pons<\/strong>, quan un <strong>ciclista va col\u00b7lidir frontalment amb un turisme<\/strong>. En tots els casos, els agents van realitzar les <strong>proves d\u2019alcoholemia i detecci\u00f3 de drogues (Drogotest)<\/strong> als implicats, amb <strong>resultat negatiu<\/strong>.<\/p>\n\n\n\n<p class=\"wp-block-paragraph\">Des de la <strong>Policia Local de Bu\u00f1ol<\/strong> recorden que la <strong>velocitat m\u00e0xima permesa dins del nucli urb\u00e0 \u00e9s de 30 km\/h<\/strong>, i insisteixen en la <strong>import\u00e0ncia de l\u2019atenci\u00f3 i la responsabilitat<\/strong>, tant per part dels conductors com dels vianants, en el compliment de la <strong>senyalitzaci\u00f3 i les normes de tr\u00e0nsit<\/strong>.<\/p>\n\n\n\n<p class=\"wp-block-paragraph\">Aix\u00ed mateix, el cos policial ha anunciat que <strong>pr\u00f2ximament s\u2019intensificaran els controls de velocitat, d\u2019alcoholemia i del compliment de les normes de circulaci\u00f3<\/strong>, amb l\u2019objectiu de <strong>reduir el risc d\u2019accidents i evitar la reiteraci\u00f3 de successos com els ocorreguts en els \u00faltims dies<\/strong>.<\/p>\n\n\n\n<blockquote class=\"wp-block-quote is-layout-flow wp-block-quote-is-layout-flow\">\n<p class=\"wp-block-paragraph\">\u201cLa seguretat vi\u00e0ria \u00e9s cosa de tots; respectar les normes pot evitar conseq\u00fc\u00e8ncies greus\u201d, han recordat des de la Policia Local.<\/p>\n<\/blockquote>\n","protected":false},"excerpt":{"rendered":"<div class=\"mh-excerpt\">Durant els \u00faltims dies, la Policia Local de Bu\u00f1ol ha hagut d\u2019intervindre en diversos accidents de tr\u00e0nsit amb ferits ocorreguts dins del nucli urb\u00e0 del municipi, segons ha informat el mateix cos policial. El primer <a class=\"mh-excerpt-more\" href=\"https:\/\/tucomarca.whitekongsoftware.com\/ca\/la-policia-local-de-bunyol-interve-en-diversos-accidents-de-transit-amb-ferits-en-els-ultims-dies-i-anuncia-un-reforc-dels-controls-de-velocitat-i-alcoholemia\/\" title=\"La Policia Local de Bunyol interv\u00e9 en diversos accidents de tr\u00e0nsit amb ferits en els \u00faltims dies i anuncia un refor\u00e7 dels controls de velocitat i alcoholemia\">[+] <\/a><\/div>\n","protected":false},"author":12,"featured_media":283120,"comment_status":"open","ping_status":"open","sticky":false,"template":"","format":"standard","meta":{"footnotes":""},"categories":[10911,10898,10948,10894,10912,10896,10897],"tags":[10913,10914,13976],"class_list":["post-283121","post","type-post","status-publish","format-standard","has-post-thumbnail","category-bunol-ca","category-ventana-ca","category-infraestructuras-ca","category-la-comarca-ca","category-la-hoya-ca","category-seccion-ca","category-sucesos-la-comarca-ca","tag-bunol-ca","tag-la-hoya-de-bunol-chiva-ca","tag-policia-local-de-bunol-ca"],"_links":{"self":[{"href":"https:\/\/tucomarca.whitekongsoftware.com\/ca\/wp-json\/wp\/v2\/posts\/283121","targetHints":{"allow":["GET"]}}],"collection":[{"href":"https:\/\/tucomarca.whitekongsoftware.com\/ca\/wp-json\/wp\/v2\/posts"}],"about":[{"href":"https:\/\/tucomarca.whitekongsoftware.com\/ca\/wp-json\/wp\/v2\/types\/post"}],"author":[{"embeddable":true,"href":"https:\/\/tucomarca.whitekongsoftware.com\/ca\/wp-json\/wp\/v2\/users\/12"}],"replies":[{"embeddable":true,"href":"https:\/\/tucomarca.whitekongsoftware.com\/ca\/wp-json\/wp\/v2\/comments?post=283121"}],"version-history":[{"count":0,"href":"https:\/\/tucomarca.whitekongsoftware.com\/ca\/wp-json\/wp\/v2\/posts\/283121\/revisions"}],"wp:featuredmedia":[{"embeddable":true,"href":"https:\/\/tucomarca.whitekongsoftware.com\/ca\/wp-json\/wp\/v2\/media\/283120"}],"wp:attachment":[{"href":"https:\/\/tucomarca.whitekongsoftware.com\/ca\/wp-json\/wp\/v2\/media?parent=283121"}],"wp:term":[{"taxonomy":"category","embeddable":true,"href":"https:\/\/tucomarca.whitekongsoftware.com\/ca\/wp-json\/wp\/v2\/categories?post=283121"},{"taxonomy":"post_tag","embeddable":true,"href":"https:\/\/tucomarca.whitekongsoftware.com\/ca\/wp-json\/wp\/v2\/tags?post=283121"}],"curies":[{"name":"wp","href":"https:\/\/api.w.org\/{rel}","templated":true}]}}