{"id":283086,"date":"2025-10-21T10:30:00","date_gmt":"2025-10-21T08:30:00","guid":{"rendered":"https:\/\/www.tucomarca.com\/wordpress\/segunda\/?p=283086"},"modified":"2025-10-21T19:45:36","modified_gmt":"2025-10-21T17:45:36","slug":"ava-asaja-estima-que-un-any-despres-de-la-dana-encara-queda-un-40-del-sector-agrari-per-recuperar","status":"publish","type":"post","link":"https:\/\/tucomarca.whitekongsoftware.com\/ca\/ava-asaja-estima-que-un-any-despres-de-la-dana-encara-queda-un-40-del-sector-agrari-per-recuperar\/","title":{"rendered":"AVA-Asaja estima que un any despr\u00e9s de la DANA encara queda un 40% del sector agrari per recuperar"},"content":{"rendered":"\n<h3 class=\"wp-block-heading\">Aigualit: \u201cLes obres de reconstrucci\u00f3 van per a llarg, pese a l&#8217;esfor\u00e7 de l&#8217;Administraci\u00f3, i segueixen pendents les infraestructures hidr\u00e0uliques davant futures riuades\u201d.<\/h3>\n\n\n\n<p class=\"wp-block-paragraph\">Quan es complir\u00e0 un any de la devastadora DANA del 29 d&#8217;octubre de 2024, l&#8217;Associaci\u00f3 Valenciana d&#8217;Agricultors (AVA-Asaja) estima que encara queda m\u00e9s del 40% de les explotacions, empreses i infraestructures agr\u00e0ries per recuperar el seu estat previ al temporal. L&#8217;organitzaci\u00f3 presidida per Crist\u00f3bal Aguado remarca que \u201cles obres de reconstrucci\u00f3 van per a llarg, pese a l&#8217;esfor\u00e7 de les administracions -sobretot del Ministeri i la Conselleria d&#8217;Agricultura- i segueixen pendents les infraestructures hidr\u00e0uliques que la DANA ha evidenciat que feien falta per a minimitzar l&#8217;impacte davant futures riuades\u201d.<br>Les explotacions ramaderes van ser les primeres a ser reparades, quasi \u00edntegrament, a causa de la urg\u00e8ncia de continuar alimentant als animals. De la mateixa manera els principals accessos a les finques i les entitats de reg van rebre una atenci\u00f3 priorit\u00e0ria a fi de garantir el reg i labors essencials dels cultius. No obstant aix\u00f2, milers de camps (principalment de vinyes, c\u00edtrics, olivar, etc.) encara no han sigut completament reconstru\u00efts, aix\u00ed com hivernacles, vivers, instal\u00b7lacions de reg i infraestructures particulars i col\u00b7lectives (camins rurals, murs, s\u00e9quies, tanques, etc.)<br>En la majoria dels casos, els agricultors han optat per sol\u00b7licitar l&#8217;ajuda del Ministeri -peritada per l&#8217;empresa p\u00fablica Tragsa- per a agilitzar les reparacions de les seues explotacions pels seus propis mitjans o contractant tercers. No obstant aix\u00f2, la tardan\u00e7a a rebre aquestes compensacions est\u00e0 retardant aquestes obres, en cas de tindre-les concedides, ja que molts afectats no han sigut ni tan sols inclosos en els llistats de beneficiaris. Quant als agricultors que han decidit esperar que Tragsa realitze les reparacions, el termini d&#8217;espera pot prolongar-se durant mesos i fins i tot anys, donat l&#8217;ingent treball que t\u00e9 per davant. Un exemple \u00e9s l&#8217;arr\u00f2s, on unes 120 hect\u00e0rees de cultiu no van poder ser sembrades i es preveu que les reparacions concloguen a temps per a tornar a ser productives de cara a la campanya que ve.<br>A m\u00e9s, m\u00e9s de 300 hect\u00e0rees de cultiu, segons va informar la Confederaci\u00f3 Hidrogr\u00e0fica del X\u00faquer (CHJ) al sector, continuen arrasades al costat de llits i passaran a Domini P\u00fablic Hidr\u00e0ulic (DPH), per la qual cosa no tornaran a ser productives. AVA-Asaja insisteix al Ministeri per a la Transici\u00f3 Ecol\u00f2gica (Miteco) que aprove una l\u00ednia addicional d&#8217;ajudes a aquests damnificats per a compensar la p\u00e8rdua de la propietat dels seus terrenys.<br>Aguado subratlla que \u201cun any despr\u00e9s de la DANA creix la preocupaci\u00f3 per la lenta reconstrucci\u00f3 en les \u00e0rees rurals m\u00e9s greument afectades. A pesar que Tragsa empra tots els recursos que ha pogut trobar, est\u00e0 m\u00e9s centrat en la xarxa de camins i hi ha camps que tardaran un o dos anys a reiniciar la recuperaci\u00f3 de l&#8217;arbratge i, en alguns casos, s&#8217;hauran perdut. Les canyes arrossegades dels barrancs als camps tamb\u00e9 estan brollant pertot arreu i la seua erradicaci\u00f3 ser\u00e0 un gran problema. La rendibilitat agr\u00e0ria ja era complicada i ara despr\u00e9s de la DANA, si no s&#8217;actua r\u00e0pidament, condir\u00e0 el descoratjament i l&#8217;aband\u00f3 sobretot en agricultors d&#8217;edat molt avan\u00e7ada o amb parcel\u00b7les xicotetes\u201d.<br><br><strong>Infraestructures hidr\u00e0uliques<\/strong><\/p>\n\n\n\n<p class=\"wp-block-paragraph\">El president de AVA-Asaja reitera que \u201cla prioritat continua sent accelerar la recuperaci\u00f3 al m\u00e0xim i realitzar aquelles infraestructures hidr\u00e0uliques que venim reivindicant des de fa quaranta anys i que s\u00f3n necess\u00e0ries per a evitar tants danys materials i vides humanes. Cal construir m\u00e9s preses, dics, connexions de llits, canalitzacions des de les desembocadures dels rius d&#8217;aig\u00fces sobrants a cap\u00e7alera i autopistes de l&#8217;aigua. Paral\u00b7lelament, cal mantindre una gesti\u00f3 m\u00e9s raonable dels llits i barrancs que contemple una major neteja -en lloc de multar als agricultors que lleven canyes per a donar-los un \u00fas tradicional- per a donar eixida als cabals sobtats i atenuar desbordaments. Hem d&#8217;aprendre les lli\u00e7ons de la DANA perqu\u00e8, quan hi haja unes altres, no torne a succeir una trag\u00e8dia d&#8217;aquestes dimensions tan catastr\u00f2fiques\u201d.<\/p>\n","protected":false},"excerpt":{"rendered":"<div class=\"mh-excerpt\">Aigualit: \u201cLes obres de reconstrucci\u00f3 van per a llarg, pese a l&#8217;esfor\u00e7 de l&#8217;Administraci\u00f3, i segueixen pendents les infraestructures hidr\u00e0uliques davant futures riuades\u201d. Quan es complir\u00e0 un any de la devastadora DANA del 29 d&#8217;octubre <a class=\"mh-excerpt-more\" href=\"https:\/\/tucomarca.whitekongsoftware.com\/ca\/ava-asaja-estima-que-un-any-despres-de-la-dana-encara-queda-un-40-del-sector-agrari-per-recuperar\/\" title=\"AVA-Asaja estima que un any despr\u00e9s de la DANA encara queda un 40% del sector agrari per recuperar\">[+] <\/a><\/div>\n","protected":false},"author":12,"featured_media":283085,"comment_status":"open","ping_status":"open","sticky":false,"template":"","format":"standard","meta":{"footnotes":""},"categories":[10905,21466,10898,10948,10894,10904,10903,10947,10896],"tags":[11924,15409],"class_list":["post-283086","post","type-post","status-publish","format-standard","has-post-thumbnail","category-agricultura-la-comarca-ca","category-dana-ca","category-ventana-ca","category-infraestructuras-ca","category-la-comarca-ca","category-sin-categorizar-ca","category-medio-ambiente-la-comarca-ca","category-politica","category-seccion-ca","tag-ava-asaja-ca","tag-dana-2-ca"],"_links":{"self":[{"href":"https:\/\/tucomarca.whitekongsoftware.com\/ca\/wp-json\/wp\/v2\/posts\/283086","targetHints":{"allow":["GET"]}}],"collection":[{"href":"https:\/\/tucomarca.whitekongsoftware.com\/ca\/wp-json\/wp\/v2\/posts"}],"about":[{"href":"https:\/\/tucomarca.whitekongsoftware.com\/ca\/wp-json\/wp\/v2\/types\/post"}],"author":[{"embeddable":true,"href":"https:\/\/tucomarca.whitekongsoftware.com\/ca\/wp-json\/wp\/v2\/users\/12"}],"replies":[{"embeddable":true,"href":"https:\/\/tucomarca.whitekongsoftware.com\/ca\/wp-json\/wp\/v2\/comments?post=283086"}],"version-history":[{"count":0,"href":"https:\/\/tucomarca.whitekongsoftware.com\/ca\/wp-json\/wp\/v2\/posts\/283086\/revisions"}],"wp:featuredmedia":[{"embeddable":true,"href":"https:\/\/tucomarca.whitekongsoftware.com\/ca\/wp-json\/wp\/v2\/media\/283085"}],"wp:attachment":[{"href":"https:\/\/tucomarca.whitekongsoftware.com\/ca\/wp-json\/wp\/v2\/media?parent=283086"}],"wp:term":[{"taxonomy":"category","embeddable":true,"href":"https:\/\/tucomarca.whitekongsoftware.com\/ca\/wp-json\/wp\/v2\/categories?post=283086"},{"taxonomy":"post_tag","embeddable":true,"href":"https:\/\/tucomarca.whitekongsoftware.com\/ca\/wp-json\/wp\/v2\/tags?post=283086"}],"curies":[{"name":"wp","href":"https:\/\/api.w.org\/{rel}","templated":true}]}}