{"id":283080,"date":"2025-10-21T08:45:00","date_gmt":"2025-10-21T06:45:00","guid":{"rendered":"https:\/\/www.tucomarca.com\/wordpress\/segunda\/?p=283080"},"modified":"2025-10-21T19:17:07","modified_gmt":"2025-10-21T17:17:07","slug":"cortes-de-pallas-obri-les-inscripcions-per-al-taller-cantar-i-comptar-dins-del-programa-hivern-viu-2025-26","status":"publish","type":"post","link":"https:\/\/tucomarca.whitekongsoftware.com\/ca\/cortes-de-pallas-obri-les-inscripcions-per-al-taller-cantar-i-comptar-dins-del-programa-hivern-viu-2025-26\/","title":{"rendered":"Cortes de Pall\u00e1s obri les inscripcions per al taller \u201cCantar i Comptar\u201d dins del programa Hivern Viu 2025\/26"},"content":{"rendered":"\n<p class=\"wp-block-paragraph\">L&#8217;Ajuntament de Cortes de Pall\u00e1s, a trav\u00e9s de l&#8217;\u00c0rea de Benestar Social i Igualtat, ha posat en marxa una nova edici\u00f3 del taller \u201cCantar i Comptar\u201d, una proposta creativa que combina expressi\u00f3 art\u00edstica, creixement personal i diversi\u00f3, emmarcada dins del programa Hivern Viu 2025\/26.<\/p>\n\n\n<div class=\"wp-block-image\">\n<figure class=\"alignleft size-large is-resized\"><img loading=\"lazy\" decoding=\"async\" width=\"725\" height=\"1024\" src=\"http:\/\/www.tucomarca.com\/wordpress\/segunda\/wp-content\/uploads\/2025\/10\/CortesdePallas-725x1024.jpg\" alt=\"\" class=\"wp-image-283076\" style=\"width:363px;height:auto\" srcset=\"https:\/\/tucomarca.whitekongsoftware.com\/wp-content\/uploads\/2025\/10\/CortesdePallas-725x1024.jpg 725w, https:\/\/tucomarca.whitekongsoftware.com\/wp-content\/uploads\/2025\/10\/CortesdePallas-212x300.jpg 212w, https:\/\/tucomarca.whitekongsoftware.com\/wp-content\/uploads\/2025\/10\/CortesdePallas-768x1085.jpg 768w, https:\/\/tucomarca.whitekongsoftware.com\/wp-content\/uploads\/2025\/10\/CortesdePallas.jpg 1080w\" sizes=\"auto, (max-width: 725px) 100vw, 725px\" \/><\/figure>\n<\/div>\n\n\n<p class=\"wp-block-paragraph\">El curs, que es desenvolupar\u00e0 en el Centre Social de Cortes de Pallars, s&#8217;impartir\u00e0 tots els dimarts de 17.00 a 19.00 hores i donar\u00e0 principi el 4 de novembre.<br>\u201cCantar i Comptar\u201d convida als participants a crear la seua pr\u00f2pia hist\u00f2ria a trav\u00e9s de la m\u00fasica, la interpretaci\u00f3 i la narraci\u00f3, fomentant la creativitat, la connexi\u00f3 emocional i el treball en grup. Aquest taller es consolida com una de les activitats m\u00e9s esperades del programa municipal per la seua capacitat d&#8217;unir a ve\u00efns i ve\u00efnes en un entorn din\u00e0mic i enriquidor.<br>Les persones interessades poden reservar la seua pla\u00e7a telefonant al 962 51 70 01 o enviant un correu electr\u00f2nic a serviciossociales@cortesdepallas.es.<br>Des del consistori, han animat a la ciutadania a participar en aquesta iniciativa cultural i social, que contribueix al benestar col\u00b7lectiu i a l&#8217;enfortiment del teixit comunitari del municipi.<br>\u201cCantar i Comptar\u201d forma part del comprom\u00eds de l&#8217;Ajuntament de Cortes de Pall\u00e1s amb la igualtat, la creativitat i el desenvolupament personal a trav\u00e9s de la cultura.<\/p>\n","protected":false},"excerpt":{"rendered":"<div class=\"mh-excerpt\">L&#8217;Ajuntament de Cortes de Pall\u00e1s, a trav\u00e9s de l&#8217;\u00c0rea de Benestar Social i Igualtat, ha posat en marxa una nova edici\u00f3 del taller \u201cCantar i Comptar\u201d, una proposta creativa que combina expressi\u00f3 art\u00edstica, creixement personal <a class=\"mh-excerpt-more\" href=\"https:\/\/tucomarca.whitekongsoftware.com\/ca\/cortes-de-pallas-obri-les-inscripcions-per-al-taller-cantar-i-comptar-dins-del-programa-hivern-viu-2025-26\/\" title=\"Cortes de Pall\u00e1s obri les inscripcions per al taller \u201cCantar i Comptar\u201d dins del programa Hivern Viu 2025\/26\">[+] <\/a><\/div>\n","protected":false},"author":12,"featured_media":283077,"comment_status":"open","ping_status":"open","sticky":false,"template":"","format":"standard","meta":{"footnotes":""},"categories":[11019,10951,10953,10894,11007,10896],"tags":[23208,11230,11934],"class_list":["post-283080","post","type-post","status-publish","format-standard","has-post-thumbnail","category-agenda-ca","category-ayora-cofrentes-ca","category-cortes-de-pallas-ca","category-la-comarca-ca","category-ocio-y-cultura-ca","category-seccion-ca","tag-cantar-y-contar-ca","tag-cortes-de-pallas-ca","tag-el-valle-de-ayora-cofrentes-ca"],"_links":{"self":[{"href":"https:\/\/tucomarca.whitekongsoftware.com\/ca\/wp-json\/wp\/v2\/posts\/283080","targetHints":{"allow":["GET"]}}],"collection":[{"href":"https:\/\/tucomarca.whitekongsoftware.com\/ca\/wp-json\/wp\/v2\/posts"}],"about":[{"href":"https:\/\/tucomarca.whitekongsoftware.com\/ca\/wp-json\/wp\/v2\/types\/post"}],"author":[{"embeddable":true,"href":"https:\/\/tucomarca.whitekongsoftware.com\/ca\/wp-json\/wp\/v2\/users\/12"}],"replies":[{"embeddable":true,"href":"https:\/\/tucomarca.whitekongsoftware.com\/ca\/wp-json\/wp\/v2\/comments?post=283080"}],"version-history":[{"count":0,"href":"https:\/\/tucomarca.whitekongsoftware.com\/ca\/wp-json\/wp\/v2\/posts\/283080\/revisions"}],"wp:featuredmedia":[{"embeddable":true,"href":"https:\/\/tucomarca.whitekongsoftware.com\/ca\/wp-json\/wp\/v2\/media\/283077"}],"wp:attachment":[{"href":"https:\/\/tucomarca.whitekongsoftware.com\/ca\/wp-json\/wp\/v2\/media?parent=283080"}],"wp:term":[{"taxonomy":"category","embeddable":true,"href":"https:\/\/tucomarca.whitekongsoftware.com\/ca\/wp-json\/wp\/v2\/categories?post=283080"},{"taxonomy":"post_tag","embeddable":true,"href":"https:\/\/tucomarca.whitekongsoftware.com\/ca\/wp-json\/wp\/v2\/tags?post=283080"}],"curies":[{"name":"wp","href":"https:\/\/api.w.org\/{rel}","templated":true}]}}