{"id":282803,"date":"2025-10-17T12:00:00","date_gmt":"2025-10-17T10:00:00","guid":{"rendered":"https:\/\/www.tucomarca.com\/wordpress\/segunda\/?p=282803"},"modified":"2025-10-17T13:38:52","modified_gmt":"2025-10-17T11:38:52","slug":"la-diputacio-de-valencia-millora-la-seguretat-en-la-travessia-de-leliana-i-facilita-lacces-a-entrepins","status":"publish","type":"post","link":"https:\/\/tucomarca.whitekongsoftware.com\/ca\/la-diputacio-de-valencia-millora-la-seguretat-en-la-travessia-de-leliana-i-facilita-lacces-a-entrepins\/","title":{"rendered":"La Diputaci\u00f3 de Val\u00e8ncia millora la seguretat en la travessia de L&#8217;Eliana i facilita l&#8217;acc\u00e9s a Entrepins"},"content":{"rendered":"\n<h3 class=\"wp-block-heading\">La intervenci\u00f3 de l&#8217;\u00e0rea de Carreteres que dirigix Reme Mazzolari se centra en dos trams de la CV-336, inclou la construcci\u00f3 d&#8217;una glorieta en la intersecci\u00f3 amb el carrer Ram\u00f3n Navarrete i acc\u00e9s directe a la carretera des dels carrers Simone de Beauvoir i Pilar Mateo Herrero.<\/h3>\n\n\n\n<h3 class=\"wp-block-heading\">L&#8217;actuaci\u00f3 tamb\u00e9 preveu la millora de la parada d&#8217;autob\u00fas situada enfront del col\u00b7legi Helios, per a evitar l&#8217;ocupaci\u00f3 de la cal\u00e7ada principal i millorar aix\u00ed la flu\u00efdesa del tr\u00e0nsit.<\/h3>\n\n\n\n<p class=\"wp-block-paragraph\">L&#8217;\u00e0rea provincial de Carreteres de la Diputaci\u00f3 de Val\u00e8ncia treballa ja en la millora de dos trams de la travessia de L&#8217;Eliana, concretament els compresos entre els punts quilom\u00e8trics 4,6 i 5,5, aix\u00ed com entre el 6,6 i el 7,1 de la carretera CV-336.<\/p>\n\n\n\n<p class=\"wp-block-paragraph\">L&#8217;actuaci\u00f3, la qual suposa una inversi\u00f3 superior als 2 milions d&#8217;euros, t\u00e9 com a objectiu refor\u00e7ar la seguretat vi\u00e0ria i l&#8217;accessibilitat en esta via que presenta una important intensitat de tr\u00e0nsit per connectar els municipis de Riba-roja de T\u00faria, L&#8217;Eliana i San Antonio de Benag\u00e9ber amb la CV-35.<\/p>\n\n\n\n<p class=\"wp-block-paragraph\">La diputada de Carreteres i vicepresidenta segona de la Diputaci\u00f3, Reme Mazzolari, explica que &#8220;en esta intervenci\u00f3 cal fer especial menci\u00f3, a m\u00e9s de la humanitzaci\u00f3 i pacificaci\u00f3 del tr\u00e0nsit en la travessia, a la millora de l&#8217;acc\u00e9s a la urbanitzaci\u00f3 d&#8217;Entrepins, un tema que es venia demandant des de fa temps ja que \u00e9s una zona molt freq\u00fcentada pels ve\u00efns de la poblaci\u00f3&#8221;.&nbsp;<\/p>\n\n\n\n<p class=\"wp-block-paragraph\">&#8220;Esta millora -continua Reme Mazzolari- es tradu\u00efx en la construcci\u00f3 d&#8217;una nova glorieta en la intersecci\u00f3 amb el carrer Ram\u00f3n Navarrete que resoldr\u00e0 els actuals problemes de visibilitat i facilitar\u00e0 a m\u00e9s la connexi\u00f3 amb la l\u00ednia 2 de Metrovalencia i amb el Club de Tenis Las Vegas&#8221;. &#8220;A m\u00e9s -conclou la diputada- els ve\u00efns dels carrers Simone de Beauvoir i Pilar Mateo Herrero disposaran d&#8217;un acc\u00e9s directe a la carretera, que era una necessitat que ens va traslladar l&#8217;ajuntament de L&#8217;Eliana a la qual donaran resposta les obres que ja estan en marxa&#8221;.<\/p>\n\n\n\n<figure class=\"wp-block-image size-large\"><img loading=\"lazy\" decoding=\"async\" width=\"1024\" height=\"768\" src=\"http:\/\/www.tucomarca.com\/wordpress\/segunda\/wp-content\/uploads\/2025\/10\/LEliana_reunio-1024x768.jpeg\" alt=\"\" class=\"wp-image-282798\" srcset=\"https:\/\/tucomarca.whitekongsoftware.com\/wp-content\/uploads\/2025\/10\/LEliana_reunio-1024x768.jpeg 1024w, https:\/\/tucomarca.whitekongsoftware.com\/wp-content\/uploads\/2025\/10\/LEliana_reunio-300x225.jpeg 300w, https:\/\/tucomarca.whitekongsoftware.com\/wp-content\/uploads\/2025\/10\/LEliana_reunio-768x576.jpeg 768w, https:\/\/tucomarca.whitekongsoftware.com\/wp-content\/uploads\/2025\/10\/LEliana_reunio-1536x1152.jpeg 1536w, https:\/\/tucomarca.whitekongsoftware.com\/wp-content\/uploads\/2025\/10\/LEliana_reunio-678x509.jpeg 678w, https:\/\/tucomarca.whitekongsoftware.com\/wp-content\/uploads\/2025\/10\/LEliana_reunio-326x245.jpeg 326w, https:\/\/tucomarca.whitekongsoftware.com\/wp-content\/uploads\/2025\/10\/LEliana_reunio-80x60.jpeg 80w, https:\/\/tucomarca.whitekongsoftware.com\/wp-content\/uploads\/2025\/10\/LEliana_reunio.jpeg 1600w\" sizes=\"auto, (max-width: 1024px) 100vw, 1024px\" \/><\/figure>\n\n\n\n<p class=\"wp-block-paragraph\">En paral\u00b7lel, el projecte contempla la reconfiguraci\u00f3 de la travessia de L&#8217;Eliana, ampliant les voreres, reduint l&#8217;ample dels carrils de circulaci\u00f3 i creant una mitjana central que permetr\u00e0 disposar de passos de vianants m\u00e9s segurs i accessibles.<\/p>\n\n\n\n<p class=\"wp-block-paragraph\">L&#8217;actuaci\u00f3 tamb\u00e9 preveu la millora de la parada d&#8217;autob\u00fas situada enfront del col\u00b7legi Helios, amb un nou carril espec\u00edfic que evitar\u00e0 l&#8217;ocupaci\u00f3 de la cal\u00e7ada principal i millorar\u00e0 la flu\u00efdesa del tr\u00e0nsit.<\/p>\n\n\n\n<p class=\"wp-block-paragraph\">Les obres, amb un termini d&#8217;execuci\u00f3 de 10 mesos, inclouen a m\u00e9s la renovaci\u00f3 de la senyalitzaci\u00f3 i del drenatge en els punts amb el risc d&#8217;embassada, aix\u00ed com la instal\u00b7laci\u00f3 d&#8217;infraestructures d&#8217;enllumenat en la glorieta i en la travessia.<\/p>\n","protected":false},"excerpt":{"rendered":"<div class=\"mh-excerpt\">La intervenci\u00f3 de l&#8217;\u00e0rea de Carreteres que dirigix Reme Mazzolari se centra en dos trams de la CV-336, inclou la construcci\u00f3 d&#8217;una glorieta en la intersecci\u00f3 amb el carrer Ram\u00f3n Navarrete i acc\u00e9s directe a <a class=\"mh-excerpt-more\" href=\"https:\/\/tucomarca.whitekongsoftware.com\/ca\/la-diputacio-de-valencia-millora-la-seguretat-en-la-travessia-de-leliana-i-facilita-lacces-a-entrepins\/\" title=\"La Diputaci\u00f3 de Val\u00e8ncia millora la seguretat en la travessia de L&#8217;Eliana i facilita l&#8217;acc\u00e9s a Entrepins\">[+] <\/a><\/div>\n","protected":false},"author":1,"featured_media":282795,"comment_status":"open","ping_status":"open","sticky":false,"template":"","format":"standard","meta":{"footnotes":""},"categories":[10892,10898,10948,10894,10893,10903,10947,10896,10897],"tags":[10395,10899,11246,3677,10433,11172],"class_list":["post-282803","post","type-post","status-publish","format-standard","has-post-thumbnail","category-camp-de-turia-ca","category-ventana-ca","category-infraestructuras-ca","category-la-comarca-ca","category-leliana-ca","category-medio-ambiente-la-comarca-ca","category-politica","category-seccion-ca","category-sucesos-la-comarca-ca","tag-camp-de-turia","tag-camp-de-turia-ca","tag-diputacio-de-valencia-ca","tag-diputacio-de-valencia","tag-leliana","tag-leliana-ca-2"],"_links":{"self":[{"href":"https:\/\/tucomarca.whitekongsoftware.com\/ca\/wp-json\/wp\/v2\/posts\/282803","targetHints":{"allow":["GET"]}}],"collection":[{"href":"https:\/\/tucomarca.whitekongsoftware.com\/ca\/wp-json\/wp\/v2\/posts"}],"about":[{"href":"https:\/\/tucomarca.whitekongsoftware.com\/ca\/wp-json\/wp\/v2\/types\/post"}],"author":[{"embeddable":true,"href":"https:\/\/tucomarca.whitekongsoftware.com\/ca\/wp-json\/wp\/v2\/users\/1"}],"replies":[{"embeddable":true,"href":"https:\/\/tucomarca.whitekongsoftware.com\/ca\/wp-json\/wp\/v2\/comments?post=282803"}],"version-history":[{"count":0,"href":"https:\/\/tucomarca.whitekongsoftware.com\/ca\/wp-json\/wp\/v2\/posts\/282803\/revisions"}],"wp:featuredmedia":[{"embeddable":true,"href":"https:\/\/tucomarca.whitekongsoftware.com\/ca\/wp-json\/wp\/v2\/media\/282795"}],"wp:attachment":[{"href":"https:\/\/tucomarca.whitekongsoftware.com\/ca\/wp-json\/wp\/v2\/media?parent=282803"}],"wp:term":[{"taxonomy":"category","embeddable":true,"href":"https:\/\/tucomarca.whitekongsoftware.com\/ca\/wp-json\/wp\/v2\/categories?post=282803"},{"taxonomy":"post_tag","embeddable":true,"href":"https:\/\/tucomarca.whitekongsoftware.com\/ca\/wp-json\/wp\/v2\/tags?post=282803"}],"curies":[{"name":"wp","href":"https:\/\/api.w.org\/{rel}","templated":true}]}}