{"id":282743,"date":"2025-10-16T14:00:00","date_gmt":"2025-10-16T12:00:00","guid":{"rendered":"https:\/\/www.tucomarca.com\/wordpress\/segunda\/?p=282743"},"modified":"2025-10-17T11:35:00","modified_gmt":"2025-10-17T09:35:00","slug":"mazon-assegura-que-el-pla-de-la-generalitat-per-a-la-reconstruccio-es-lunic-que-garanteix-les-ajudes-a-families-i-empreses-i-la-recuperacio-de-les-infraestructures","status":"publish","type":"post","link":"https:\/\/tucomarca.whitekongsoftware.com\/ca\/mazon-assegura-que-el-pla-de-la-generalitat-per-a-la-reconstruccio-es-lunic-que-garanteix-les-ajudes-a-families-i-empreses-i-la-recuperacio-de-les-infraestructures\/","title":{"rendered":"Maz\u00f3n assegura que el pla de la Generalitat per a la reconstrucci\u00f3 \u00e9s l&#8217;\u00fanic que garanteix les ajudes a fam\u00edlies i empreses i la recuperaci\u00f3 de les infraestructures"},"content":{"rendered":"\n<h3 class=\"wp-block-heading\">Destaca que el Consell est\u00e0 complint amb el comprom\u00eds d&#8217;avan\u00e7ar en la recuperaci\u00f3 dels municipis afectats per la dana malgrat la falta de suport del Govern d&#8217;Espanya.<\/h3>\n\n\n\n<h3 class=\"wp-block-heading\">Ressalta que els 49.000 alumnes damnificats per la riuada estan fent classes en els seus municipis i que s&#8217;haja recuperat la normalitat en els 57 centres de salut, a m\u00e9s del servei de Metrovalencia i totes les carreteres auton\u00f2miques.<\/h3>\n\n\n\n<h3 class=\"wp-block-heading\">Assenyala que el Consell ha pagat abans del 15 d&#8217;octubre tota l&#8217;ampliaci\u00f3 de les ajudes concedides de primera necessitat, p\u00e8rdua de vehicles, aut\u00f2noms i treballadors en ERTO.<\/h3>\n\n\n\n<h3 class=\"wp-block-heading\">Subratlla la labor del Consell per a arreglar \u201cl&#8217;atzagaiada\u201d que va deixar el Bot\u00e0nic en mat\u00e8ria sanit\u00e0ria amb mesures com la instal\u00b7laci\u00f3 d&#8217;11 nous mam\u00f2grafs i la realitzaci\u00f3 de 10.000 mamografies m\u00e9s que l&#8217;any passat.<\/h3>\n\n\n\n<p class=\"wp-block-paragraph\">El president de la Generalitat, Carlos Maz\u00f3n, ha assegurat que el pla de reconstrucci\u00f3 de l&#8217;Executiu valenci\u00e0 per a les zones afectades \u00e9s l&#8217;\u00fanic que garanteix les ajudes r\u00e0pides i sense burocr\u00e0cia a fam\u00edlies, empreses i aut\u00f2noms, i la recuperaci\u00f3 de les infraestructures.<\/p>\n\n\n\n<p class=\"wp-block-paragraph\">Aix\u00ed ho ha traslladat en resposta al grup parlamentari VOX durant la sessi\u00f3 de control en Les Corts on ha afirmat que \u201cestem complint amb el calendari del Pla de Reconstrucci\u00f3 que ning\u00fa parar\u00e0\u201d.&nbsp;<\/p>\n\n\n\n<p class=\"wp-block-paragraph\">D&#8217;aquesta manera, les actuacions de la Generalitat han perm\u00e9s que els 49.000 alumnes estiguen fent classes en els seus municipis, que el 93% dels centres educatius estiguen operatius i en construcci\u00f3 els huit derru\u00efts, i que s&#8217;haja recuperat la normalitat en els 57 centres de salut\u201d.<\/p>\n\n\n\n<p class=\"wp-block-paragraph\">Igualment, ha explicat que les actuacions de la Generalitat han restablit tota la xarxa de Metrovalencia reposant m\u00e9s de 40 quil\u00f2metres de vies, recuperat les 18 carreteres auton\u00f2miques, 12 ponts i 4 passarel\u00b7les i 2.755 quil\u00f2metres de pistes forestals i 640.000 hect\u00e0rees de muntanya.<\/p>\n\n\n\n<p class=\"wp-block-paragraph\">El president tamb\u00e9 ha apuntat la retirada de 800.000 tones de residus, 70.000 metres c\u00fabics de llots i 130.000 vehicles, la reposici\u00f3 de 150 quil\u00f2metres de col\u00b7lectors i la reparaci\u00f3 de 123 depuradores, l&#8217;adequaci\u00f3 de 72 pol\u00edgons i \u00e0rees industrials, i la restauraci\u00f3 de m\u00e9s de 3.000 arxius hist\u00f2rics, llibres, pintures, t\u00e8xtils i escultures.&nbsp;<\/p>\n\n\n\n<p class=\"wp-block-paragraph\">A m\u00e9s, ha posat com a exemple els 243 milions d&#8217;euros per a ajudes a 27.000 fam\u00edlies per a reposar b\u00e9ns de primera necessitat, 332 milions per a compensar la p\u00e8rdua de vehicles per a m\u00e9s de 90.000 propietaris, 185,75 milions per a m\u00e9s de 27.000 aut\u00f2noms amb i sense empleats, i sis milions per a subvencionar el lloguer a m\u00e9s de 1.400 fam\u00edlies entre altres.<\/p>\n\n\n\n<p class=\"wp-block-paragraph\">Aix\u00ed, ha remarcat que el Consell ha complit el seu comprom\u00eds d&#8217;abonar abans del 15 d&#8217;octubre la nova remesa d&#8217;ajudes per a afectats per la dana \u201cen les quals hem doblegat les ajudes per p\u00e8rdua de vehicles, primera necessitat, aut\u00f2noms i ERTES\u201d.&nbsp;<\/p>\n\n\n\n<p class=\"wp-block-paragraph\">Per contra, ha lamentat que de les ajudes directes del Govern central un any despr\u00e9s \u201csol haja abonat el 21%\u201d. El cap del Consell ha tornat a reclamar \u201ccol\u00b7laboraci\u00f3 al Govern d&#8217;Espanya\u201d i ha lamentat \u201cel no per resposta\u201d a cadascuna de les peticions realitzades per la Generalitat, al mateix temps que ha criticat l&#8217;exercici d&#8217;oposici\u00f3 del PSPV, al qual ha retret que \u201cestiga centrat \u00fanicament en el r\u00e8dit electoral\u201d<\/p>\n\n\n\n<p class=\"wp-block-paragraph\">Igualment, ha recordat el suport del Consell per a l&#8217;arrancada del curs acad\u00e8mic en les poblacions damnificades per la riuada, en al\u00b7lusi\u00f3 a l&#8217;aprovaci\u00f3 en el passat ple del Consell de la l\u00ednia d&#8217;ajudes per a estudiants d&#8217;ensenyaments no universitaris. La iniciativa contempla una concessi\u00f3 de 500 euros per alumne o alumna per a l&#8217;adquisici\u00f3 de material escolar, llibres i \u00fatils educatius i afavorir\u00e0 a 200.000 estudiants.<\/p>\n\n\n\n<p class=\"wp-block-paragraph\">De la mateixa manera, ha fet refer\u00e8ncia a altres mesures posades en marxa per l&#8217;Executiu auton\u00f2mic, entre les quals ha destacat l&#8217;activaci\u00f3 de \u201cun pla de finan\u00e7ament estable per a totes les universitats p\u00fabliques en la Comunitat Valenciana\u201d.&nbsp;<\/p>\n\n\n\n<p class=\"wp-block-paragraph\"><strong>Suport a la llibertat, la conviv\u00e8ncia, la democr\u00e0cia i la pau a Vene\u00e7uela<\/strong><\/p>\n\n\n\n<p class=\"wp-block-paragraph\">El cap del Consell ha iniciat la seua intervenci\u00f3 traslladant \u201cla seua felicitaci\u00f3 a Mar\u00eda Corina Machado, Premi Nobel de la Pau, la qual cosa ha contraposat amb l&#8217;actitud del PSPV i Comprom\u00eds, i ha avan\u00e7at la iniciativa per a presentar en Les Corts \u201cuna moci\u00f3 per deixar-ne const\u00e0ncia la felicitaci\u00f3 en la lluita per la llibertat, la conviv\u00e8ncia, la democr\u00e0cia i la pau a Vene\u00e7uela\u201d.<\/p>\n\n\n\n<p class=\"wp-block-paragraph\">D&#8217;altra banda, en contestaci\u00f3 al s\u00edndic de Comprom\u00eds, Maz\u00f3n ha ratificat el suport del Consell al Transvasament Tajo-Segura per a defensar \u201cl&#8217;aigua que necessita i mereix la Comunitat Valenciana\u201d.<\/p>\n\n\n\n<p class=\"wp-block-paragraph\">El president ha ressaltat la figura d&#8217;Ernest Lluch, del qual ha dit que continuar\u00e0 donant nom al Centre d&#8217;Especialitats situat en el Complex Sanitari Campanar. En aquest sentit, ha indicat que el millor homenatge que es pot realitzar a l&#8217;exministre assassinat per ETA \u00e9s \u201carreglar l&#8217;atzagaiada\u201d que el Bot\u00e0nic va deixar en mat\u00e8ria sanit\u00e0ria.<\/p>\n\n\n\n<p class=\"wp-block-paragraph\">Sobre aquest tema, ha posat en valor els nous 11 mam\u00f2grafs que ha instal\u00b7lat aquest Consell per a substituir als que s&#8217;havien quedat obsolets, les 10.000 mamografies que s&#8217;han fet m\u00e9s que l&#8217;any passat o l&#8217;hospital amb 500 llits que es construir\u00e0 en l&#8217;antiga Fe de Campanar.<\/p>\n","protected":false},"excerpt":{"rendered":"<div class=\"mh-excerpt\">Destaca que el Consell est\u00e0 complint amb el comprom\u00eds d&#8217;avan\u00e7ar en la recuperaci\u00f3 dels municipis afectats per la dana malgrat la falta de suport del Govern d&#8217;Espanya. Ressalta que els 49.000 alumnes damnificats per la <a class=\"mh-excerpt-more\" href=\"https:\/\/tucomarca.whitekongsoftware.com\/ca\/mazon-assegura-que-el-pla-de-la-generalitat-per-a-la-reconstruccio-es-lunic-que-garanteix-les-ajudes-a-families-i-empreses-i-la-recuperacio-de-les-infraestructures\/\" title=\"Maz\u00f3n assegura que el pla de la Generalitat per a la reconstrucci\u00f3 \u00e9s l&#8217;\u00fanic que garanteix les ajudes a fam\u00edlies i empreses i la recuperaci\u00f3 de les infraestructures\">[+] <\/a><\/div>\n","protected":false},"author":13,"featured_media":282730,"comment_status":"open","ping_status":"open","sticky":false,"template":"","format":"standard","meta":{"footnotes":""},"categories":[21466,10898,10948,10894,10904,10903,10947,10896,10897],"tags":[18807,23191,15409,21789,12903,11199],"class_list":["post-282743","post","type-post","status-publish","format-standard","has-post-thumbnail","category-dana-ca","category-ventana-ca","category-infraestructuras-ca","category-la-comarca-ca","category-sin-categorizar-ca","category-medio-ambiente-la-comarca-ca","category-politica","category-seccion-ca","category-sucesos-la-comarca-ca","tag-carlos-mazon-ca","tag-carlos-mazonc-ca","tag-dana-2-ca","tag-generalitat-ca","tag-infraestructuras-ca","tag-la-comunitat-ca"],"_links":{"self":[{"href":"https:\/\/tucomarca.whitekongsoftware.com\/ca\/wp-json\/wp\/v2\/posts\/282743","targetHints":{"allow":["GET"]}}],"collection":[{"href":"https:\/\/tucomarca.whitekongsoftware.com\/ca\/wp-json\/wp\/v2\/posts"}],"about":[{"href":"https:\/\/tucomarca.whitekongsoftware.com\/ca\/wp-json\/wp\/v2\/types\/post"}],"author":[{"embeddable":true,"href":"https:\/\/tucomarca.whitekongsoftware.com\/ca\/wp-json\/wp\/v2\/users\/13"}],"replies":[{"embeddable":true,"href":"https:\/\/tucomarca.whitekongsoftware.com\/ca\/wp-json\/wp\/v2\/comments?post=282743"}],"version-history":[{"count":0,"href":"https:\/\/tucomarca.whitekongsoftware.com\/ca\/wp-json\/wp\/v2\/posts\/282743\/revisions"}],"wp:featuredmedia":[{"embeddable":true,"href":"https:\/\/tucomarca.whitekongsoftware.com\/ca\/wp-json\/wp\/v2\/media\/282730"}],"wp:attachment":[{"href":"https:\/\/tucomarca.whitekongsoftware.com\/ca\/wp-json\/wp\/v2\/media?parent=282743"}],"wp:term":[{"taxonomy":"category","embeddable":true,"href":"https:\/\/tucomarca.whitekongsoftware.com\/ca\/wp-json\/wp\/v2\/categories?post=282743"},{"taxonomy":"post_tag","embeddable":true,"href":"https:\/\/tucomarca.whitekongsoftware.com\/ca\/wp-json\/wp\/v2\/tags?post=282743"}],"curies":[{"name":"wp","href":"https:\/\/api.w.org\/{rel}","templated":true}]}}