{"id":282683,"date":"2025-10-16T12:30:00","date_gmt":"2025-10-16T10:30:00","guid":{"rendered":"https:\/\/www.tucomarca.com\/wordpress\/segunda\/?p=282683"},"modified":"2025-10-16T22:30:13","modified_gmt":"2025-10-16T20:30:13","slug":"el-florista-daniel-vicente-deventual-moments-seleccionat-per-a-competir-en-la-copa-despanya-dart-floral-que-se-celebrara-a-valencia","status":"publish","type":"post","link":"https:\/\/tucomarca.whitekongsoftware.com\/ca\/el-florista-daniel-vicente-deventual-moments-seleccionat-per-a-competir-en-la-copa-despanya-dart-floral-que-se-celebrara-a-valencia\/","title":{"rendered":"El florista Daniel Vicente, d&#8217;Eventual Moments, seleccionat per a competir en la Copa d&#8217;Espanya d&#8217;Art Floral que se celebrar\u00e0 a Val\u00e8ncia"},"content":{"rendered":"\n<p class=\"wp-block-paragraph\">El talent i la creativitat seran presents en una de les cites m\u00e9s prestigioses de l&#8217;art floral nacional. Daniel Vicente, d&#8217;Eventual Moments, ha sigut seleccionat per a participar en la Copa d&#8217;Espanya d&#8217;Art Floral, que se celebrar\u00e0 del 28 de febrer i 1 de mar\u00e7 a Val\u00e8ncia, un esdeveniment que reuneix els millors professionals del sector de tot el pa\u00eds.<\/p>\n\n\n<div class=\"wp-block-image\">\n<figure class=\"alignleft size-large is-resized\"><img loading=\"lazy\" decoding=\"async\" width=\"613\" height=\"1024\" src=\"https:\/\/www.tucomarca.com\/wordpress\/segunda\/wp-content\/uploads\/2025\/10\/DaniCopaFloral-613x1024.jpg\" alt=\"\" class=\"wp-image-282680\" style=\"width:335px;height:auto\" srcset=\"https:\/\/tucomarca.whitekongsoftware.com\/wp-content\/uploads\/2025\/10\/DaniCopaFloral-613x1024.jpg 613w, https:\/\/tucomarca.whitekongsoftware.com\/wp-content\/uploads\/2025\/10\/DaniCopaFloral-179x300.jpg 179w, https:\/\/tucomarca.whitekongsoftware.com\/wp-content\/uploads\/2025\/10\/DaniCopaFloral-768x1284.jpg 768w, https:\/\/tucomarca.whitekongsoftware.com\/wp-content\/uploads\/2025\/10\/DaniCopaFloral.jpg 886w\" sizes=\"auto, (max-width: 613px) 100vw, 613px\" \/><\/figure>\n<\/div>\n\n\n<p class=\"wp-block-paragraph\">La presentaci\u00f3 oficial dels concursants va tindre lloc ahir, on es va donar a con\u00e9ixer la llista definitiva de floristes que competiran per al\u00e7ar-se amb el t\u00edtol de campi\u00f3 nacional. Entre ells, destaca la pres\u00e8ncia de Daniel Vicente, que afronta aquesta oportunitat com \u201cun gran repte personal i professional, que assumisc amb il\u00b7lusi\u00f3, esfor\u00e7 i molta responsabilitat\u201d.<\/p>\n\n\n\n<p class=\"wp-block-paragraph\">La Copa d&#8217;Espanya d&#8217;Art Floral, organitzada per l&#8217;Associaci\u00f3 Espanyola de Floristes, \u00e9s el certamen m\u00e9s rellevant del pa\u00eds, un aparador de talent, innovaci\u00f3 i sensibilitat art\u00edstica en el qual els participants han de crear composicions que combinen t\u00e8cnica, est\u00e8tica i emoci\u00f3. Les proves seran obertes al p\u00fablic, la qual cosa permetr\u00e0 als assistents gaudir en directe del proc\u00e9s creatiu dels floristes i de les seues espectaculars obres.<\/p>\n\n\n\n<p class=\"wp-block-paragraph\">\u201cQue la Copa se celebre a Val\u00e8ncia \u00e9s un orgull enorme \u2014ha assenyalat Daniel\u2014. Poder representar a la meua terra, envoltat de la meua gent, \u00e9s una motivaci\u00f3 extra. Espere comptar amb tota la vostra calor i suport. Mil gr\u00e0cies per ajudar-me sempre a continuar creixent\u201d.<\/p>\n\n\n\n<p class=\"wp-block-paragraph\">Amb aquesta selecci\u00f3, Eventual Moments consolida la seua traject\u00f2ria com a referent en la decoraci\u00f3 floral i el disseny d&#8217;esdeveniments a la comarca de La Foia de Bunyol-Xiva. La participaci\u00f3 de Daniel en aquest certamen suposa no sols un reconeixement al seu treball, sin\u00f3 tamb\u00e9 una oportunitat per a donar visibilitat al talent creatiu i a l&#8217;art floral com a expressi\u00f3 art\u00edstica i professional.<\/p>\n\n\n\n<p class=\"wp-block-paragraph\">Durant els pr\u00f2xims mesos, el florista bu\u00f1olense es prepara per a afrontar les diferents proves de la Copa, en les quals s&#8217;avaluar\u00e0 des de la t\u00e8cnica fins a la capacitat de transmetre emocions a trav\u00e9s de les flors. \u201c\u00c9s un somni fet realitat\u201d, afirma Daniel, \u201ci vull que siga tamb\u00e9 un motiu d&#8217;orgull\u201d.<\/p>\n","protected":false},"excerpt":{"rendered":"<div class=\"mh-excerpt\">El talent i la creativitat seran presents en una de les cites m\u00e9s prestigioses de l&#8217;art floral nacional. Daniel Vicente, d&#8217;Eventual Moments, ha sigut seleccionat per a participar en la Copa d&#8217;Espanya d&#8217;Art Floral, que <a class=\"mh-excerpt-more\" href=\"https:\/\/tucomarca.whitekongsoftware.com\/ca\/el-florista-daniel-vicente-deventual-moments-seleccionat-per-a-competir-en-la-copa-despanya-dart-floral-que-se-celebrara-a-valencia\/\" title=\"El florista Daniel Vicente, d&#8217;Eventual Moments, seleccionat per a competir en la Copa d&#8217;Espanya d&#8217;Art Floral que se celebrar\u00e0 a Val\u00e8ncia\">[+] <\/a><\/div>\n","protected":false},"author":12,"featured_media":255108,"comment_status":"open","ping_status":"open","sticky":false,"template":"","format":"standard","meta":{"footnotes":""},"categories":[10911,10980,10894,10912,11007,10896],"tags":[10913,19589,10914,11141],"class_list":["post-282683","post","type-post","status-publish","format-standard","has-post-thumbnail","category-bunol-ca","category-yatova-ca","category-la-comarca-ca","category-la-hoya-ca","category-ocio-y-cultura-ca","category-seccion-ca","tag-bunol-ca","tag-eventual-moments-ca","tag-la-hoya-de-bunol-chiva-ca","tag-yatova-ca"],"_links":{"self":[{"href":"https:\/\/tucomarca.whitekongsoftware.com\/ca\/wp-json\/wp\/v2\/posts\/282683","targetHints":{"allow":["GET"]}}],"collection":[{"href":"https:\/\/tucomarca.whitekongsoftware.com\/ca\/wp-json\/wp\/v2\/posts"}],"about":[{"href":"https:\/\/tucomarca.whitekongsoftware.com\/ca\/wp-json\/wp\/v2\/types\/post"}],"author":[{"embeddable":true,"href":"https:\/\/tucomarca.whitekongsoftware.com\/ca\/wp-json\/wp\/v2\/users\/12"}],"replies":[{"embeddable":true,"href":"https:\/\/tucomarca.whitekongsoftware.com\/ca\/wp-json\/wp\/v2\/comments?post=282683"}],"version-history":[{"count":0,"href":"https:\/\/tucomarca.whitekongsoftware.com\/ca\/wp-json\/wp\/v2\/posts\/282683\/revisions"}],"wp:featuredmedia":[{"embeddable":true,"href":"https:\/\/tucomarca.whitekongsoftware.com\/ca\/wp-json\/wp\/v2\/media\/255108"}],"wp:attachment":[{"href":"https:\/\/tucomarca.whitekongsoftware.com\/ca\/wp-json\/wp\/v2\/media?parent=282683"}],"wp:term":[{"taxonomy":"category","embeddable":true,"href":"https:\/\/tucomarca.whitekongsoftware.com\/ca\/wp-json\/wp\/v2\/categories?post=282683"},{"taxonomy":"post_tag","embeddable":true,"href":"https:\/\/tucomarca.whitekongsoftware.com\/ca\/wp-json\/wp\/v2\/tags?post=282683"}],"curies":[{"name":"wp","href":"https:\/\/api.w.org\/{rel}","templated":true}]}}