{"id":282616,"date":"2025-10-15T12:57:00","date_gmt":"2025-10-15T10:57:00","guid":{"rendered":"https:\/\/www.tucomarca.com\/wordpress\/segunda\/?p=282616"},"modified":"2025-10-15T18:07:32","modified_gmt":"2025-10-15T16:07:32","slug":"la-biblioteca-de-benaguasil-rep-el-premi-maria-moliner-per-la-seua-labor-de-foment-de-la-lectura","status":"publish","type":"post","link":"https:\/\/tucomarca.whitekongsoftware.com\/ca\/la-biblioteca-de-benaguasil-rep-el-premi-maria-moliner-per-la-seua-labor-de-foment-de-la-lectura\/","title":{"rendered":"La Biblioteca de Benaguasil rep el Premi Mar\u00eda Moliner per la seua labor de foment de la lectura"},"content":{"rendered":"\n<h3 class=\"wp-block-heading\">Es tracta del segon any que la Biblioteca Municipal obt\u00e9 aquest guard\u00f3 dotat amb 2.777 euros.<\/h3>\n\n\n<div class=\"wp-block-image\">\n<figure class=\"alignleft size-large is-resized\"><img loading=\"lazy\" decoding=\"async\" width=\"819\" height=\"1024\" src=\"http:\/\/www.tucomarca.com\/wordpress\/segunda\/wp-content\/uploads\/2025\/10\/premio-819x1024.jpg\" alt=\"\" class=\"wp-image-282611\" style=\"width:359px;height:auto\" srcset=\"https:\/\/tucomarca.whitekongsoftware.com\/wp-content\/uploads\/2025\/10\/premio-819x1024.jpg 819w, https:\/\/tucomarca.whitekongsoftware.com\/wp-content\/uploads\/2025\/10\/premio-240x300.jpg 240w, https:\/\/tucomarca.whitekongsoftware.com\/wp-content\/uploads\/2025\/10\/premio-768x960.jpg 768w, https:\/\/tucomarca.whitekongsoftware.com\/wp-content\/uploads\/2025\/10\/premio.jpg 1080w\" sizes=\"auto, (max-width: 819px) 100vw, 819px\" \/><\/figure>\n<\/div>\n\n\n<p class=\"wp-block-paragraph\">La Biblioteca P\u00fablica Municipal ha sigut guardonada amb el Premi Mar\u00eda Moliner gr\u00e0cies al seu projecte \u2018La Biblioteca t&#8217;abra\u00e7a\u2019, una iniciativa que reconeix les activitats realitzades per al foment de la lectura i que refor\u00e7a el comprom\u00eds del municipi amb la promoci\u00f3 de la lectura, la inclusi\u00f3 i la participaci\u00f3 ciutadana.<\/p>\n\n\n\n<p class=\"wp-block-paragraph\">Es tracta del segon any consecutiu que la Biblioteca obt\u00e9 aquest guard\u00f3 dotat amb 2.777,77 euros, que es destinaran a l&#8217;adquisici\u00f3 de nous llibres per a tots els usuaris i usu\u00e0ries, ampliant aix\u00ed l&#8217;oferta lectora i fomentant l&#8217;acc\u00e9s a la cultura per a totes les edats.<\/p>\n\n\n\n<p class=\"wp-block-paragraph\">El premi, atorgat pel Ministeri de Cultura i la Federaci\u00f3 Espanyola de Municipis i Prov\u00edncies (FEMP), s&#8217;atorga a aquelles biblioteques de municipis de menys de 50.000 habitants que duguen a terme un projecte que incloga accions d&#8217;animaci\u00f3 a la lectura.<\/p>\n\n\n\n<p class=\"wp-block-paragraph\">La regidora de Cultura, Rosa Cervera ha mostrat la seua satisfacci\u00f3 per aquest nou reconeixement: \u201c\u00c9s un orgull que la nostra biblioteca reba novament aquest guard\u00f3. \u00c9s un reflex de la gran faena que realitza, i un impuls per a continuar promovent la lectura i acostant la cultura a tots els ve\u00efns i ve\u00efnes de Benaguasil\u201d.<\/p>\n","protected":false},"excerpt":{"rendered":"<div class=\"mh-excerpt\">Es tracta del segon any que la Biblioteca Municipal obt\u00e9 aquest guard\u00f3 dotat amb 2.777 euros. La Biblioteca P\u00fablica Municipal ha sigut guardonada amb el Premi Mar\u00eda Moliner gr\u00e0cies al seu projecte \u2018La Biblioteca t&#8217;abra\u00e7a\u2019, <a class=\"mh-excerpt-more\" href=\"https:\/\/tucomarca.whitekongsoftware.com\/ca\/la-biblioteca-de-benaguasil-rep-el-premi-maria-moliner-per-la-seua-labor-de-foment-de-la-lectura\/\" title=\"La Biblioteca de Benaguasil rep el Premi Mar\u00eda Moliner per la seua labor de foment de la lectura\">[+] <\/a><\/div>\n","protected":false},"author":13,"featured_media":282609,"comment_status":"open","ping_status":"open","sticky":false,"template":"","format":"standard","meta":{"footnotes":""},"categories":[10952,10892,10894,11007,10896],"tags":[11136,10899,15856],"class_list":["post-282616","post","type-post","status-publish","format-standard","has-post-thumbnail","category-benaguasil-ca","category-camp-de-turia-ca","category-la-comarca-ca","category-ocio-y-cultura-ca","category-seccion-ca","tag-benaguasil-ca","tag-camp-de-turia-ca","tag-ocio-y-cultura-ca"],"_links":{"self":[{"href":"https:\/\/tucomarca.whitekongsoftware.com\/ca\/wp-json\/wp\/v2\/posts\/282616","targetHints":{"allow":["GET"]}}],"collection":[{"href":"https:\/\/tucomarca.whitekongsoftware.com\/ca\/wp-json\/wp\/v2\/posts"}],"about":[{"href":"https:\/\/tucomarca.whitekongsoftware.com\/ca\/wp-json\/wp\/v2\/types\/post"}],"author":[{"embeddable":true,"href":"https:\/\/tucomarca.whitekongsoftware.com\/ca\/wp-json\/wp\/v2\/users\/13"}],"replies":[{"embeddable":true,"href":"https:\/\/tucomarca.whitekongsoftware.com\/ca\/wp-json\/wp\/v2\/comments?post=282616"}],"version-history":[{"count":0,"href":"https:\/\/tucomarca.whitekongsoftware.com\/ca\/wp-json\/wp\/v2\/posts\/282616\/revisions"}],"wp:featuredmedia":[{"embeddable":true,"href":"https:\/\/tucomarca.whitekongsoftware.com\/ca\/wp-json\/wp\/v2\/media\/282609"}],"wp:attachment":[{"href":"https:\/\/tucomarca.whitekongsoftware.com\/ca\/wp-json\/wp\/v2\/media?parent=282616"}],"wp:term":[{"taxonomy":"category","embeddable":true,"href":"https:\/\/tucomarca.whitekongsoftware.com\/ca\/wp-json\/wp\/v2\/categories?post=282616"},{"taxonomy":"post_tag","embeddable":true,"href":"https:\/\/tucomarca.whitekongsoftware.com\/ca\/wp-json\/wp\/v2\/tags?post=282616"}],"curies":[{"name":"wp","href":"https:\/\/api.w.org\/{rel}","templated":true}]}}