{"id":282553,"date":"2025-10-14T10:15:00","date_gmt":"2025-10-14T08:15:00","guid":{"rendered":"https:\/\/www.tucomarca.com\/wordpress\/segunda\/?p=282553"},"modified":"2025-10-14T20:44:09","modified_gmt":"2025-10-14T18:44:09","slug":"lajuntament-dutiel-decreta-dos-dies-de-dol-oficial-per-la-defuncio-de-la-regidora-carmen-lopez-gonzalez","status":"publish","type":"post","link":"https:\/\/tucomarca.whitekongsoftware.com\/ca\/lajuntament-dutiel-decreta-dos-dies-de-dol-oficial-per-la-defuncio-de-la-regidora-carmen-lopez-gonzalez\/","title":{"rendered":"L&#8217;Ajuntament d&#8217;Utiel decreta dos dies de dol oficial per la defunci\u00f3 de la regidora Carmen L\u00f3pez Gonz\u00e1lez"},"content":{"rendered":"\n<p class=\"wp-block-paragraph\">Dem\u00e0, 15 d&#8217;octubre, es convoca un minut de silenci en mem\u00f2ria de l&#8217;edil morta a les 12.00 hores en la pla\u00e7a de l&#8217;ajuntament d&#8217;Utiel.<\/p>\n\n\n\n<p class=\"wp-block-paragraph\">L&#8217;Ajuntament d&#8217;Utiel ha decretat dos dies de dol oficial per la defunci\u00f3 de la regidora del Grup Municipal del PSOE, Carmen L\u00f3pez Gonz\u00e1lez.<\/p>\n\n\n\n<p class=\"wp-block-paragraph\">El decret, signat aquest mat\u00ed per l&#8217;alcalde d&#8217;Utiel, Ricardo Gabald\u00f3n, estableix que, des de les 12 hores de hui, dimarts 14 d&#8217;octubre i fins a les 12.00 hores del dijous 16 d&#8217;octubre, les banderes de tots els edificis p\u00fablics municipals onegen a mitjana amb cresp\u00f3 negre i queden suspesos tots els actes oficials.<\/p>\n\n\n\n<p class=\"wp-block-paragraph\">L&#8217;Ajuntament d&#8217;Utiel ha convocat un minut de silenci en mem\u00f2ria de l&#8217;edil morta dem\u00e0, 15 d&#8217;octubre, a les 12.00 hores, en la pla\u00e7a de l&#8217;ajuntament d&#8217;Utiel.<\/p>\n\n\n\n<p class=\"wp-block-paragraph\">L&#8217;alcalde d&#8217;Utiel i tota la corporaci\u00f3 municipal han traslladat les seues m\u00e9s sinceres condolences als familiars i amics per la p\u00e8rdua d&#8217;una gran companya, compromesa i lluitadora , que sempre ha tendit la m\u00e0 a la conciliaci\u00f3 i el di\u00e0leg.<\/p>\n\n\n\n<p class=\"wp-block-paragraph\">Carmen L\u00f3pez Gonz\u00e1lez va exercir el c\u00e0rrec de regidora de Sanitat i Igualtat en la legislatura de 2019-2023 i fins a l&#8217;actualitat ha sigut representant de la corporaci\u00f3 municipal com a regidora del PSOE d&#8217;Utiel.<\/p>\n\n\n\n<p class=\"wp-block-paragraph\">Descanse en pau.<\/p>\n","protected":false},"excerpt":{"rendered":"<div class=\"mh-excerpt\">Dem\u00e0, 15 d&#8217;octubre, es convoca un minut de silenci en mem\u00f2ria de l&#8217;edil morta a les 12.00 hores en la pla\u00e7a de l&#8217;ajuntament d&#8217;Utiel. L&#8217;Ajuntament d&#8217;Utiel ha decretat dos dies de dol oficial per la <a class=\"mh-excerpt-more\" href=\"https:\/\/tucomarca.whitekongsoftware.com\/ca\/lajuntament-dutiel-decreta-dos-dies-de-dol-oficial-per-la-defuncio-de-la-regidora-carmen-lopez-gonzalez\/\" title=\"L&#8217;Ajuntament d&#8217;Utiel decreta dos dies de dol oficial per la defunci\u00f3 de la regidora Carmen L\u00f3pez Gonz\u00e1lez\">[+] <\/a><\/div>\n","protected":false},"author":12,"featured_media":282551,"comment_status":"open","ping_status":"open","sticky":false,"template":"","format":"standard","meta":{"footnotes":""},"categories":[10894,10947,10909,10896,11059],"tags":[12175,10910,11174],"class_list":["post-282553","post","type-post","status-publish","format-standard","has-post-thumbnail","category-la-comarca-ca","category-politica","category-requena-utiel-ca","category-seccion-ca","category-utiel-ca","tag-luto-oficial-ca","tag-requena-utiel-ca","tag-utiel-ca"],"_links":{"self":[{"href":"https:\/\/tucomarca.whitekongsoftware.com\/ca\/wp-json\/wp\/v2\/posts\/282553","targetHints":{"allow":["GET"]}}],"collection":[{"href":"https:\/\/tucomarca.whitekongsoftware.com\/ca\/wp-json\/wp\/v2\/posts"}],"about":[{"href":"https:\/\/tucomarca.whitekongsoftware.com\/ca\/wp-json\/wp\/v2\/types\/post"}],"author":[{"embeddable":true,"href":"https:\/\/tucomarca.whitekongsoftware.com\/ca\/wp-json\/wp\/v2\/users\/12"}],"replies":[{"embeddable":true,"href":"https:\/\/tucomarca.whitekongsoftware.com\/ca\/wp-json\/wp\/v2\/comments?post=282553"}],"version-history":[{"count":0,"href":"https:\/\/tucomarca.whitekongsoftware.com\/ca\/wp-json\/wp\/v2\/posts\/282553\/revisions"}],"wp:featuredmedia":[{"embeddable":true,"href":"https:\/\/tucomarca.whitekongsoftware.com\/ca\/wp-json\/wp\/v2\/media\/282551"}],"wp:attachment":[{"href":"https:\/\/tucomarca.whitekongsoftware.com\/ca\/wp-json\/wp\/v2\/media?parent=282553"}],"wp:term":[{"taxonomy":"category","embeddable":true,"href":"https:\/\/tucomarca.whitekongsoftware.com\/ca\/wp-json\/wp\/v2\/categories?post=282553"},{"taxonomy":"post_tag","embeddable":true,"href":"https:\/\/tucomarca.whitekongsoftware.com\/ca\/wp-json\/wp\/v2\/tags?post=282553"}],"curies":[{"name":"wp","href":"https:\/\/api.w.org\/{rel}","templated":true}]}}