{"id":282541,"date":"2025-10-14T10:45:00","date_gmt":"2025-10-14T08:45:00","guid":{"rendered":"https:\/\/www.tucomarca.com\/wordpress\/segunda\/?p=282541"},"modified":"2025-10-14T20:12:15","modified_gmt":"2025-10-14T18:12:15","slug":"la-diputacio-de-valencia-reclama-a-brusselles-gestionar-directament-els-fons-europeus-per-als-municipis-afectats-per-la-dana","status":"publish","type":"post","link":"https:\/\/tucomarca.whitekongsoftware.com\/ca\/la-diputacio-de-valencia-reclama-a-brusselles-gestionar-directament-els-fons-europeus-per-als-municipis-afectats-per-la-dana\/","title":{"rendered":"La Diputaci\u00f3 de Val\u00e8ncia reclama a Brussel\u00b7les gestionar directament els fons europeus per als municipis afectats per la DANA"},"content":{"rendered":"\n<h3 class=\"wp-block-heading\">Les vicepresidentes Nat\u00e0lia Enguix i Reme Mazzolari participen en la Setmana Europea de les Regions al costat del diputat de Fons Europeus i alcalde d&#8217;Alfafar, Juan Ram\u00f3n Adsuara, i l&#8217;alcalde d&#8217;Ontinyent, Jorge Rodr\u00edguez, que exposen les experi\u00e8ncies resilients en els seus municipis.<\/h3>\n\n\n\n<h3 class=\"wp-block-heading\">Mazzolari destaca la \u201cresposta immediata de la Diputaci\u00f3\u201d davant la cat\u00e0strofe i demana a Europa que \u201cmire al territori\u201d. Enguix reclama que no s&#8217;oblide a les v\u00edctimes i aposta per \u201cla tramitaci\u00f3 \u00e0gil i efica\u00e7 de les ajudes\u201d.<\/h3>\n\n\n\n<p class=\"wp-block-paragraph\">Les vicepresidentes Nat\u00e0lia Enguix i Reme Mazzolari han exposat a Brussel\u00b7les la gesti\u00f3 de la Diputaci\u00f3 de Val\u00e8ncia despr\u00e9s de la dana, en el marc de la Setmana Europea de les Regions i les Ciutats 2025. Enguix i Mazzolari han insistit en la proposta que les diputacions provincials, com a governs intermedis, siguen &#8220;receptores directes dels Fons de Cohesi\u00f3 de la UE i puguen gestionar-los sense necessitat de la intermediaci\u00f3 del Govern estatal&#8221;. La reivindicaci\u00f3 ja va ser exposada per les responsables provincials davant la presidenta del Comit\u00e9 de les Regions, Kata Tutto.<\/p>\n\n\n\n<p class=\"wp-block-paragraph\">La Diputaci\u00f3 ha acompanyat en tot moment als municipis afectats per la dana, participant activament tant en la resposta immediata davant l&#8217;emerg\u00e8ncia com en la fase m\u00e9s llarga i complexa, que \u00e9s la reconstrucci\u00f3. En esta l\u00ednia d&#8217;acompanyament, la instituci\u00f3 va estar present en el Parlament Europeu, al costat de les v\u00edctimes de la dana, per a exposar la delicada situaci\u00f3 davant la presidenta de la Comissi\u00f3, Ursula Von der Leyen. Tamb\u00e9 all\u00ed es va posar de manifest &#8220;la necessitat d&#8217;agilitzar la tramitaci\u00f3 de les ajudes per a ser m\u00e9s efica\u00e7os a l&#8217;hora d&#8217;invertir els recursos europeus on m\u00e9s falta fan, a trav\u00e9s de la Diputaci\u00f3 i els ajuntaments&#8221;, ha recordat Enguix.<\/p>\n\n\n\n<p class=\"wp-block-paragraph\">Nat\u00e0lia Enguix i Reme Mazzolari han estat acompanyades a Brussel\u00b7les pel diputat de Fons Europeus i alcalde d&#8217;Alfafar, Juan Ram\u00f3n Adsuara, i l&#8217;alcalde d&#8217;Ontinyent, Jorge Rodr\u00edguez, que han participat junt amb les vicepresidentes en la pon\u00e8ncia &#8216;Resili\u00e8ncia local i governs intermedis enfront de les cat\u00e0strofes&#8217;, en la qual han exposat el cas d&#8217;Alfafar com a exemple de reacci\u00f3 davant una trag\u00e8dia sense precedents, i el d&#8217;Ontinyent en convertir el barri de la Cantereria en un parc inundable que hui disfruten les ve\u00efnes i ve\u00efns del municipi, eliminant el risc per a les persones. &#8220;Les desgr\u00e0cies poden succeir, per\u00f2 la clau est\u00e0 en convertir les crisis en oportunitats&#8221;, ha apuntat Rodr\u00edguez.<\/p>\n\n\n\n<p class=\"wp-block-paragraph\"><strong>El desafiament del canvi clim\u00e0tic<\/strong><\/p>\n\n\n\n<p class=\"wp-block-paragraph\">La vicepresidenta segona de la Diputaci\u00f3 i responsable d&#8217;Infraestructures, Reme Mazzolari, ha deixat clar que les danes \u201cja no s\u00f3n fen\u00f2mens excepcionals, sin\u00f3 una mostra evident que el canvi clim\u00e0tic \u00e9s un desafiament seri\u00f3s i real que forma part de les nostres vides\u201d. La vicepresidenta, que ha destacat la import\u00e0ncia de la col\u00b7laboraci\u00f3 p\u00fablic-privada per a fer front a les cat\u00e0strofes, ha puntualitzat que la resili\u00e8ncia \u201cno \u00e9s un concepte abstracte, sin\u00f3 una pr\u00e0ctica molt necess\u00e0ria que combina la cooperaci\u00f3 i la inversi\u00f3 p\u00fablica\u201d.<\/p>\n\n\n\n<p class=\"wp-block-paragraph\">Per part seua, Nat\u00e0lia Enguix ha instat a prendre \u201cdecisions valentes enfront del canvi clim\u00e0tic, com vam fer a Ontinyent reubicant a 45 fam\u00edlies per a evitar que estigueren en risc, guanyant una zona d&#8217;oci i conviv\u00e8ncia i un nou col\u00b7lector en condicions\u201d. Respecte a la dana de 2024, \u201cel m\u00e9s important en estos moments \u00e9s que les administracions no s&#8217;obliden dels afectats i que hi haja just\u00edcia per a les v\u00edctimes, respostes per als familiars i recursos per a totes i tots els que encara patixen les terribles conseq\u00fc\u00e8ncies de la riuada&#8221;.<\/p>\n\n\n\n<p class=\"wp-block-paragraph\">En eixe context, &#8220;institucions com la Diputaci\u00f3 i els ajuntaments s\u00f3n fonamentals per la seua proximitat amb les persones i la capacitat de gesti\u00f3 que hem demostrat enfront de desastres, com la dana d&#8217;Ontinyent en 2019 o la del passat any que va afectar m\u00e9s d&#8217;un centenar de municipis valencians&#8221;, ha assenyalat Enguix, qui ha insistit en oferir la Diputaci\u00f3 com a ens canalitzador dels fons europeus.<\/p>\n\n\n\n<p class=\"wp-block-paragraph\"><strong>Una Europa que mire al territori<\/strong><\/p>\n\n\n\n<p class=\"wp-block-paragraph\">Reme Mazzolari ha repassat les dram\u00e0tiques xifres d&#8217;una dana que va afectar m\u00e9s de 306.000 persones, moltes d&#8217;elles pertanyents a col\u00b7lectius vulnerables. &#8220;Lamentablement, 229 persones van perdre la vida, i tres seguixen desaparegudes, amb uns danys materials que van arribar a m\u00e9s de 1.500 quil\u00f2metres de carreteres, 138.000 vehicles, 11.242 habitatges i 10.000 ascensors&#8221;. En global, Mazzolari ha xifrat els danys &#8220;entre 17.800 i 18.000 milions d&#8217;euros, afectant greument el teixit empresarial i agr\u00edcola&#8221;.<\/p>\n\n\n\n<p class=\"wp-block-paragraph\">Mazzolari ha assenyalat que l&#8217;impacte de la dana &#8220;ha sigut transversal, des d&#8217;infraestructures fins a habitatges; des del sector agr\u00edcola fins a l&#8217;ocupaci\u00f3, amb m\u00e9s de 275.000 treballadors afectats i 64.000 empreses que van patir danys directes&#8221;. Esta situaci\u00f3 &#8220;exigix una resposta institucional coordinada, r\u00e0pida i efica\u00e7&#8221;, considera la titular provincial de Carreteres.<\/p>\n\n\n\n<p class=\"wp-block-paragraph\">La responsable provincial ha posat en valor \u201cla immediatesa amb la qual va actuar la Diputaci\u00f3 davant l&#8217;emerg\u00e8ncia, mobilitzant 200 milions d&#8217;euros per a destinar-los a la neteja de garatges i soterranis, assist\u00e8ncia t\u00e8cnica, la restituci\u00f3 de ponts, carreteres i comunicacions danyades per la riuada, i un fons de conting\u00e8ncia per a ajuntaments afectats\u201d. \u201cL&#8217;ajuda que hem prestat als municipis tamb\u00e9 ha servit per a restablir el servici d&#8217;aigua potable, arreglar depuradores i reposar material inform\u00e0tic, entre altres actuacions&#8221;, ha afegit.<\/p>\n\n\n\n<p class=\"wp-block-paragraph\">La corporaci\u00f3 provincial tamb\u00e9 ha exercit d&#8217;intermedi\u00e0ria amb administracions superiors per a coordinar la resposta als municipis afectats, la qual cosa ha perm\u00e9s \u201cla rehabilitaci\u00f3 de m\u00e9s de 1.500 quil\u00f2metres de carreteres, la posada en marxa d&#8217;un pla de reconstrucci\u00f3 d&#8217;habitatges, i una aportaci\u00f3 de 1.000 milions d&#8217;euros en ajudes al sector agr\u00edcola i empresarial\u201d. Esta resposta \u201cha sigut possible gr\u00e0cies a la proximitat territorial de les diputacions, que ens permet con\u00e9ixer de primera m\u00e0 les necessitats dels municipis\u201d.<\/p>\n\n\n\n<p class=\"wp-block-paragraph\">En el proc\u00e9s de reconstrucci\u00f3 que continua en marxa, Reme Mazzolari no s&#8217;oblida del suport d&#8217;Europa. \u201cEls fons europeus han sigut claus per a iniciar la reconstrucci\u00f3. Per aix\u00f2, demanem que es reconega el paper dels governs intermedis en la gesti\u00f3 d&#8217;estos fons, perqu\u00e8 necessitem una Europa que mire al territori, que confie en les administracions locals i provincials i que ens dote de ferramentes per a construir resili\u00e8ncia enfront de futures crisis clim\u00e0tiques\u201d. Per a Mazzolari, \u201cesta dram\u00e0tica experi\u00e8ncia tamb\u00e9 ens ha deixat un aprenentatge, que forma part del concepte de resili\u00e8ncia que abordem en esta pon\u00e8ncia, amb exemples molt clars com els d&#8217;Alfafar i Ontinyent\u201d.<\/p>\n\n\n\n<figure class=\"wp-block-image size-full\"><img loading=\"lazy\" decoding=\"async\" width=\"1006\" height=\"547\" src=\"http:\/\/www.tucomarca.com\/wordpress\/segunda\/wp-content\/uploads\/2025\/10\/DipuBruselasDANA2.jpg\" alt=\"\" class=\"wp-image-282538\" srcset=\"https:\/\/tucomarca.whitekongsoftware.com\/wp-content\/uploads\/2025\/10\/DipuBruselasDANA2.jpg 1006w, https:\/\/tucomarca.whitekongsoftware.com\/wp-content\/uploads\/2025\/10\/DipuBruselasDANA2-300x163.jpg 300w, https:\/\/tucomarca.whitekongsoftware.com\/wp-content\/uploads\/2025\/10\/DipuBruselasDANA2-768x418.jpg 768w\" sizes=\"auto, (max-width: 1006px) 100vw, 1006px\" \/><\/figure>\n\n\n\n<p class=\"wp-block-paragraph\"><strong>Alfafar, zona zero<\/strong><\/p>\n\n\n\n<p class=\"wp-block-paragraph\">El diputat d&#8217;Innovaci\u00f3 i Fons Europeus, Juan Ram\u00f3n Adsuara, ha relatat el cas d&#8217;Alfafar, municipi del qual \u00e9s alcalde i que est\u00e0 situat en la zona zero de la dana. Adsuara ha ressaltat la r\u00e0pida reacci\u00f3 de l&#8217;ajuntament des de l&#8217;endem\u00e0 de la trag\u00e8dia, \u201chabilitant punts municipals per a l&#8217;entrega urgent de subministraments b\u00e0sics, refor\u00e7ant l&#8217;atenci\u00f3 domicili\u00e0ria per a localitzar a persones dependents atrapades a les seues cases, i duent a terme els primers treballs de neteja i retirada de vehicles\u201d.<\/p>\n\n\n\n<p class=\"wp-block-paragraph\">La situaci\u00f3 despr\u00e9s de la dana \u201cva ser un s\u00edmil del que podria succeir en qualsevol lloc d&#8217;Europa davant una guerra&#8221;, ha assenyalat Adsuara, que despr\u00e9s de repassar els danys patits pel seu municipi i les milion\u00e0ries inversions que s&#8217;estan realitzant per a recuperar una \u201ccerta normalitat\u201d, ha posat el focus en \u201cel problema de la salut mental de les persones i la gran rellev\u00e0ncia que t\u00e9 no oblidar-nos d&#8217;ella en moments cr\u00edtics, incidint en futurs programes de preparaci\u00f3 de la poblaci\u00f3 davant cat\u00e0strofes\u201d.<\/p>\n\n\n\n<p class=\"wp-block-paragraph\">Adsuara ha posat l&#8217;accent en dos q\u00fcestions que exigixen una resposta institucional a l&#8217;altura per part de l&#8217;Estat. En primer lloc, \u201ctenim 36 milions d&#8217;euros d&#8217;ajuda bloquejats per culpa de la burocr\u00e0cia\u201d, lamenta l&#8217;alcalde d&#8217;Alfafar, qui insta les institucions a \u201ctindre en compte la bretxa digital a l&#8217;hora de tramitar les ajudes, perqu\u00e8 rebre o no els diners no pot dependre de si pertanys a una o altra generaci\u00f3 o de l&#8217;estat d&#8217;\u00e0nim de cada persona, en este cas persones que han perdut a sers estimats i que estan patint molt\u201d.<\/p>\n\n\n\n<p class=\"wp-block-paragraph\"><strong>La Cantereria d&#8217;Ontinyent<\/strong><\/p>\n\n\n\n<p class=\"wp-block-paragraph\">L&#8217;alcalde d&#8217;Ontinyent, Jorge Rodr\u00edguez, ha sigut l&#8217;encarregat d&#8217;explicar a Brussel\u00b7les la regeneraci\u00f3 del barri de La Cantereria d&#8217;Ontinyent, convertit hui en el parc inundable de les Mam\u00e0s\u202fBelgues, \u201cuna intervenci\u00f3 mediambiental i urban\u00edstica pionera per a protegir la ciutat enfront del canvi clim\u00e0tic i les crescudes del riu Clariano\u201d. &#8220;La clau \u00e9s aprendre de situacions que ens mostren el perill per a evitar-lo en un futur&#8221;, conclou Rodr\u00edguez. &#8220;Les obres s\u00f3n importants, per\u00f2 ho s\u00f3n encara m\u00e9s les decisions pol\u00edtiques&#8221;, afig Nat\u00e0lia Enguix, primera tinent d&#8217;alcalde a Ontinyent.<\/p>\n\n\n\n<p class=\"wp-block-paragraph\">Al setembre de 2019, una dana va obligar a desallotjar el barri, que per sort no va registrar v\u00edctimes mortals, per\u00f2 s\u00ed fortes p\u00e8rdues materials. Quatre mesos despr\u00e9s, la borrasca Gloria va agreujar la vulnerabilitat de la zona, que es va tornar a evacuar per precauci\u00f3. Davant el risc per a les persones, l&#8217;ajuntament va decidir comprar els habitatges i demolir les situades en \u00e0rees d&#8217;alt risc per a crear un parc inundable. En paraules de Jorge Rodr\u00edguez, \u201cva ser un projecte reconegut per totes les administracions, que han acabat participant d&#8217;una inversi\u00f3 global pr\u00f2xima als cinc milions d&#8217;euros, d&#8217;una inversi\u00f3 que pot salvar vides&#8221;.<\/p>\n","protected":false},"excerpt":{"rendered":"<div class=\"mh-excerpt\">Les vicepresidentes Nat\u00e0lia Enguix i Reme Mazzolari participen en la Setmana Europea de les Regions al costat del diputat de Fons Europeus i alcalde d&#8217;Alfafar, Juan Ram\u00f3n Adsuara, i l&#8217;alcalde d&#8217;Ontinyent, Jorge Rodr\u00edguez, que exposen <a class=\"mh-excerpt-more\" href=\"https:\/\/tucomarca.whitekongsoftware.com\/ca\/la-diputacio-de-valencia-reclama-a-brusselles-gestionar-directament-els-fons-europeus-per-als-municipis-afectats-per-la-dana\/\" title=\"La Diputaci\u00f3 de Val\u00e8ncia reclama a Brussel\u00b7les gestionar directament els fons europeus per als municipis afectats per la DANA\">[+] <\/a><\/div>\n","protected":false},"author":1,"featured_media":282537,"comment_status":"open","ping_status":"open","sticky":false,"template":"","format":"standard","meta":{"footnotes":""},"categories":[21466,10898,10948,10894,10904,10903,10947,10896,10897],"tags":[14155,15409,11246,11199],"class_list":["post-282541","post","type-post","status-publish","format-standard","has-post-thumbnail","category-dana-ca","category-ventana-ca","category-infraestructuras-ca","category-la-comarca-ca","category-sin-categorizar-ca","category-medio-ambiente-la-comarca-ca","category-politica","category-seccion-ca","category-sucesos-la-comarca-ca","tag-bruselas-ca","tag-dana-2-ca","tag-diputacio-de-valencia-ca","tag-la-comunitat-ca"],"_links":{"self":[{"href":"https:\/\/tucomarca.whitekongsoftware.com\/ca\/wp-json\/wp\/v2\/posts\/282541","targetHints":{"allow":["GET"]}}],"collection":[{"href":"https:\/\/tucomarca.whitekongsoftware.com\/ca\/wp-json\/wp\/v2\/posts"}],"about":[{"href":"https:\/\/tucomarca.whitekongsoftware.com\/ca\/wp-json\/wp\/v2\/types\/post"}],"author":[{"embeddable":true,"href":"https:\/\/tucomarca.whitekongsoftware.com\/ca\/wp-json\/wp\/v2\/users\/1"}],"replies":[{"embeddable":true,"href":"https:\/\/tucomarca.whitekongsoftware.com\/ca\/wp-json\/wp\/v2\/comments?post=282541"}],"version-history":[{"count":0,"href":"https:\/\/tucomarca.whitekongsoftware.com\/ca\/wp-json\/wp\/v2\/posts\/282541\/revisions"}],"wp:featuredmedia":[{"embeddable":true,"href":"https:\/\/tucomarca.whitekongsoftware.com\/ca\/wp-json\/wp\/v2\/media\/282537"}],"wp:attachment":[{"href":"https:\/\/tucomarca.whitekongsoftware.com\/ca\/wp-json\/wp\/v2\/media?parent=282541"}],"wp:term":[{"taxonomy":"category","embeddable":true,"href":"https:\/\/tucomarca.whitekongsoftware.com\/ca\/wp-json\/wp\/v2\/categories?post=282541"},{"taxonomy":"post_tag","embeddable":true,"href":"https:\/\/tucomarca.whitekongsoftware.com\/ca\/wp-json\/wp\/v2\/tags?post=282541"}],"curies":[{"name":"wp","href":"https:\/\/api.w.org\/{rel}","templated":true}]}}