{"id":282448,"date":"2025-10-14T09:00:00","date_gmt":"2025-10-14T07:00:00","guid":{"rendered":"https:\/\/www.tucomarca.com\/wordpress\/segunda\/?p=282448"},"modified":"2025-10-14T19:40:09","modified_gmt":"2025-10-14T17:40:09","slug":"cases-baixes-inicia-la-sensorizacion-enfront-demergencies-climatiques-i-alerta-dincendis-amb-suport-del-centre-dinnovacio-territorial-ruraltec","status":"publish","type":"post","link":"https:\/\/tucomarca.whitekongsoftware.com\/ca\/cases-baixes-inicia-la-sensorizacion-enfront-demergencies-climatiques-i-alerta-dincendis-amb-suport-del-centre-dinnovacio-territorial-ruraltec\/","title":{"rendered":"Cases Baixes inicia la sensorizaci\u00f3n enfront d&#8217;emerg\u00e8ncies clim\u00e0tiques i alerta d&#8217;incendis amb suport del Centre d&#8217;Innovaci\u00f3 Territorial RuralTEC"},"content":{"rendered":"\n<p class=\"wp-block-paragraph\">El Centre d&#8217;Innovaci\u00f3 Territorial RuralTEC i l&#8217;Ajuntament de Cases Baixes posaran en marxa en les pr\u00f2ximes setmanes un ambici\u00f3s projecte de sensorizaci\u00f3n enfront d&#8217;emerg\u00e8ncies clim\u00e0tiques i alerta d&#8217;incendis, gr\u00e0cies a una subvenci\u00f3 de 75.000 euros concedida per la Conselleria d&#8217;Innovaci\u00f3, Ind\u00fastria, Comer\u00e7 i Turisme de la Generalitat Valenciana.<\/p>\n\n\n\n<p class=\"wp-block-paragraph\">Aquesta actuaci\u00f3 forma part dels objectius estrat\u00e8gics del Centre d&#8217;Innovaci\u00f3 Territorial RuralTEC, orientats a millorar l&#8217;entorn d&#8217;influ\u00e8ncia del centre mitjan\u00e7ant la implantaci\u00f3 de solucions tecnol\u00f2giques que protegeixen el medi natural i milloren les condicions del medi rural.<\/p>\n\n\n\n<p class=\"wp-block-paragraph\">L&#8217;acci\u00f3 pret\u00e9n establir una xarxa de sensors d&#8217;alerta primerenca per a la detecci\u00f3 i monitoratge de fen\u00f2mens meteorol\u00f2gics extrems com a pluges torrencials (DANA), sequeres, incendis forestals i variacions brusques de temperatura.<\/p>\n\n\n\n<p class=\"wp-block-paragraph\">Aquest sistema proporcionar\u00e0 dades en temps real mitjan\u00e7ant sensors i c\u00e0meres de vigil\u00e0ncia distribu\u00efts en zones vulnerables del terme municipal, permetent una resposta r\u00e0pida i coordinada davant aquesta mena de riscos, facilitant la prevenci\u00f3 i mitigant els seus efectes.<\/p>\n\n\n\n<p class=\"wp-block-paragraph\">Aquesta acci\u00f3 adquireix especial import\u00e0ncia en desenvolupar-se en una zona especialment sensible com \u00e9s la Reserva de la Biosfera de l&#8217;Alt T\u00faria.<br>A m\u00e9s, accions similars es duran a terme pr\u00f2ximament en els municipis d&#8217;Aras de los Olmos i Venta del Moro, refor\u00e7ant la xarxa territorial d&#8217;innovaci\u00f3 i protecci\u00f3 ambiental impulsada des del CIT RuralTEC.<\/p>\n\n\n\n<p class=\"wp-block-paragraph\">Per a l&#8217;alcalde de Cases Baixes, Pablo Escribano; \u201cLa innovaci\u00f3 \u00e9s una eina clau en la lluita contra la despoblaci\u00f3. Projectes com la sensorizaci\u00f3n enfront d&#8217;emerg\u00e8ncies clim\u00e0tiques i incendis forestals o la recent instal\u00b7laci\u00f3 del wifi p\u00fablic en el nucli urb\u00e0 demostren que els xicotets municipis tamb\u00e9 podem ser referents en sostenibilitat i tecnologia. Apostar per la digitalitzaci\u00f3 i la protecci\u00f3 de l&#8217;entorn \u00e9s apostar pel futur dels nostres pobles. Els nostres ajuntaments amb els recursos que tenen a vegades no poden aconseguir o accedir a aquesta mena de convocat\u00f2ries, per\u00f2 gr\u00e0cies a la recent creaci\u00f3 del CIT Ruraltec tenim un lloc on donar-nos suport t\u00e8cnicament i aix\u00f2 ens ve fenomenal&#8221;.<\/p>\n\n\n\n<p class=\"wp-block-paragraph\"><\/p>\n","protected":false},"excerpt":{"rendered":"<div class=\"mh-excerpt\">El Centre d&#8217;Innovaci\u00f3 Territorial RuralTEC i l&#8217;Ajuntament de Cases Baixes posaran en marxa en les pr\u00f2ximes setmanes un ambici\u00f3s projecte de sensorizaci\u00f3n enfront d&#8217;emerg\u00e8ncies clim\u00e0tiques i alerta d&#8217;incendis, gr\u00e0cies a una subvenci\u00f3 de 75.000 euros <a class=\"mh-excerpt-more\" href=\"https:\/\/tucomarca.whitekongsoftware.com\/ca\/cases-baixes-inicia-la-sensorizacion-enfront-demergencies-climatiques-i-alerta-dincendis-amb-suport-del-centre-dinnovacio-territorial-ruraltec\/\" title=\"Cases Baixes inicia la sensorizaci\u00f3n enfront d&#8217;emerg\u00e8ncies clim\u00e0tiques i alerta d&#8217;incendis amb suport del Centre d&#8217;Innovaci\u00f3 Territorial RuralTEC\">[+] <\/a><\/div>\n","protected":false},"author":12,"featured_media":282447,"comment_status":"open","ping_status":"open","sticky":false,"template":"","format":"standard","meta":{"footnotes":""},"categories":[10890,10924,10948,10894,10903,10947,10896],"tags":[11871,11413,20815],"class_list":["post-282448","post","type-post","status-publish","format-standard","has-post-thumbnail","category-ademus","category-cases-baixes","category-infraestructuras-ca","category-la-comarca-ca","category-medio-ambiente-la-comarca-ca","category-politica","category-seccion-ca","tag-casas-bajas-ca","tag-el-rincon-de-ademuz-ca","tag-ruraltec-ca"],"_links":{"self":[{"href":"https:\/\/tucomarca.whitekongsoftware.com\/ca\/wp-json\/wp\/v2\/posts\/282448","targetHints":{"allow":["GET"]}}],"collection":[{"href":"https:\/\/tucomarca.whitekongsoftware.com\/ca\/wp-json\/wp\/v2\/posts"}],"about":[{"href":"https:\/\/tucomarca.whitekongsoftware.com\/ca\/wp-json\/wp\/v2\/types\/post"}],"author":[{"embeddable":true,"href":"https:\/\/tucomarca.whitekongsoftware.com\/ca\/wp-json\/wp\/v2\/users\/12"}],"replies":[{"embeddable":true,"href":"https:\/\/tucomarca.whitekongsoftware.com\/ca\/wp-json\/wp\/v2\/comments?post=282448"}],"version-history":[{"count":0,"href":"https:\/\/tucomarca.whitekongsoftware.com\/ca\/wp-json\/wp\/v2\/posts\/282448\/revisions"}],"wp:featuredmedia":[{"embeddable":true,"href":"https:\/\/tucomarca.whitekongsoftware.com\/ca\/wp-json\/wp\/v2\/media\/282447"}],"wp:attachment":[{"href":"https:\/\/tucomarca.whitekongsoftware.com\/ca\/wp-json\/wp\/v2\/media?parent=282448"}],"wp:term":[{"taxonomy":"category","embeddable":true,"href":"https:\/\/tucomarca.whitekongsoftware.com\/ca\/wp-json\/wp\/v2\/categories?post=282448"},{"taxonomy":"post_tag","embeddable":true,"href":"https:\/\/tucomarca.whitekongsoftware.com\/ca\/wp-json\/wp\/v2\/tags?post=282448"}],"curies":[{"name":"wp","href":"https:\/\/api.w.org\/{rel}","templated":true}]}}