{"id":282270,"date":"2025-10-13T12:30:00","date_gmt":"2025-10-13T10:30:00","guid":{"rendered":"https:\/\/www.tucomarca.com\/wordpress\/segunda\/?p=282270"},"modified":"2025-10-13T18:36:02","modified_gmt":"2025-10-13T16:36:02","slug":"el-conseller-demergencies-i-interior-trasllada-al-president-les-ultimes-novetats-del-temporal-de-pluges-en-la-comunitat-valenciana","status":"publish","type":"post","link":"https:\/\/tucomarca.whitekongsoftware.com\/ca\/el-conseller-demergencies-i-interior-trasllada-al-president-les-ultimes-novetats-del-temporal-de-pluges-en-la-comunitat-valenciana\/","title":{"rendered":"El conseller d\u2019Emerg\u00e8ncies i Interior trasllada al president les \u00faltimes novetats del temporal de pluges en la Comunitat Valenciana"},"content":{"rendered":"\n<h3 class=\"wp-block-heading\">El cap del Consell ha mantingut una reuni\u00f3 telem\u00e0tica amb els membres del Consell per a analitzar la situaci\u00f3 derivada de les alertes meteorol\u00f2giques decretades en el nostre territori<\/h3>\n\n\n\n<p class=\"wp-block-paragraph\">El president de la Generalitat, Carlos Maz\u00f3n, ha mantingut en la seu del Consell a Alacant una reuni\u00f3 telem\u00e0tica amb els membres del Consell en la qual el conseller d\u2019Emerg\u00e8ncies i Interior, Juan Carlos Valderrama, ha traslladat les diferents mesures adoptades davant la situaci\u00f3 derivada de les alertes meteorol\u00f2giques decretades en la Comunitat Valenciana.<\/p>\n\n\n\n<p class=\"wp-block-paragraph\">A les 18 hores, el conseller Valderrama mantindr\u00e0 una reuni\u00f3 t\u00e8cnica en el Centre de Coordinaci\u00f3 d\u2019Emerg\u00e8ncies de l\u2019Eliana i posteriorment, a les 19 hores, traslladar\u00e0 al president i als membres del Consell l\u2019\u00faltima hora de l\u2019episodi de pluges i tempestes en el nostre territori.<\/p>\n","protected":false},"excerpt":{"rendered":"<div class=\"mh-excerpt\">El cap del Consell ha mantingut una reuni\u00f3 telem\u00e0tica amb els membres del Consell per a analitzar la situaci\u00f3 derivada de les alertes meteorol\u00f2giques decretades en el nostre territori El president de la Generalitat, Carlos <a class=\"mh-excerpt-more\" href=\"https:\/\/tucomarca.whitekongsoftware.com\/ca\/el-conseller-demergencies-i-interior-trasllada-al-president-les-ultimes-novetats-del-temporal-de-pluges-en-la-comunitat-valenciana\/\" title=\"El conseller d\u2019Emerg\u00e8ncies i Interior trasllada al president les \u00faltimes novetats del temporal de pluges en la Comunitat Valenciana\">[+] <\/a><\/div>\n","protected":false},"author":1,"featured_media":282268,"comment_status":"open","ping_status":"open","sticky":false,"template":"","format":"standard","meta":{"footnotes":""},"categories":[21466,10898,10948,10894,10904,10903,10947,10896,10897],"tags":[18807,11247,11199,11257],"class_list":["post-282270","post","type-post","status-publish","format-standard","has-post-thumbnail","category-dana-ca","category-ventana-ca","category-infraestructuras-ca","category-la-comarca-ca","category-sin-categorizar-ca","category-medio-ambiente-la-comarca-ca","category-politica","category-seccion-ca","category-sucesos-la-comarca-ca","tag-carlos-mazon-ca","tag-emergencias-ca","tag-la-comunitat-ca","tag-temporal-ca"],"_links":{"self":[{"href":"https:\/\/tucomarca.whitekongsoftware.com\/ca\/wp-json\/wp\/v2\/posts\/282270","targetHints":{"allow":["GET"]}}],"collection":[{"href":"https:\/\/tucomarca.whitekongsoftware.com\/ca\/wp-json\/wp\/v2\/posts"}],"about":[{"href":"https:\/\/tucomarca.whitekongsoftware.com\/ca\/wp-json\/wp\/v2\/types\/post"}],"author":[{"embeddable":true,"href":"https:\/\/tucomarca.whitekongsoftware.com\/ca\/wp-json\/wp\/v2\/users\/1"}],"replies":[{"embeddable":true,"href":"https:\/\/tucomarca.whitekongsoftware.com\/ca\/wp-json\/wp\/v2\/comments?post=282270"}],"version-history":[{"count":0,"href":"https:\/\/tucomarca.whitekongsoftware.com\/ca\/wp-json\/wp\/v2\/posts\/282270\/revisions"}],"wp:featuredmedia":[{"embeddable":true,"href":"https:\/\/tucomarca.whitekongsoftware.com\/ca\/wp-json\/wp\/v2\/media\/282268"}],"wp:attachment":[{"href":"https:\/\/tucomarca.whitekongsoftware.com\/ca\/wp-json\/wp\/v2\/media?parent=282270"}],"wp:term":[{"taxonomy":"category","embeddable":true,"href":"https:\/\/tucomarca.whitekongsoftware.com\/ca\/wp-json\/wp\/v2\/categories?post=282270"},{"taxonomy":"post_tag","embeddable":true,"href":"https:\/\/tucomarca.whitekongsoftware.com\/ca\/wp-json\/wp\/v2\/tags?post=282270"}],"curies":[{"name":"wp","href":"https:\/\/api.w.org\/{rel}","templated":true}]}}