{"id":282118,"date":"2025-10-13T11:00:00","date_gmt":"2025-10-13T09:00:00","guid":{"rendered":"https:\/\/www.tucomarca.com\/wordpress\/segunda\/?p=282118"},"modified":"2025-10-13T13:23:52","modified_gmt":"2025-10-13T11:23:52","slug":"els-ajuntaments-de-la-foia-mantenen-les-classes-aquest-dilluns-excepte-xiva-i-el-ce-de-xest-que-les-ha-suspeses","status":"publish","type":"post","link":"https:\/\/tucomarca.whitekongsoftware.com\/ca\/els-ajuntaments-de-la-foia-mantenen-les-classes-aquest-dilluns-excepte-xiva-i-el-ce-de-xest-que-les-ha-suspeses\/","title":{"rendered":"Els Ajuntaments de La Foia mantenen les classes aquest dilluns, excepte Xiva i el CE de Xest, que les han suspeses"},"content":{"rendered":"\n<p class=\"wp-block-paragraph\">Els Ajuntaments de la comarca han decidit mantindre l&#8217;activitat lectiva amb normalitat durant la jornada de hui, a excepci\u00f3 del municipi de Xiva, que ha optat per suspendre les classes com a mesura preventiva davant la previsi\u00f3 de fortes pluges.<\/p>\n\n\n\n<p class=\"wp-block-paragraph\">En el cas de Xest se suspens les classes en el CEE Verge de L&#8217;Esperan\u00e7a i en el Complex Educatiu de Xest, davant la perillositat dels despla\u00e7aments amb autob\u00fas.<\/p>\n\n\n\n<p class=\"wp-block-paragraph\">El Centre de Coordinaci\u00f3 d&#8217;Emerg\u00e8ncies (112 CV) ha anunciat l&#8217;activaci\u00f3 del protocol de nivell taronja per precipitacions en tot el litoral de la Comunitat Valenciana a partir d&#8217;aquest dilluns 13 d&#8217;octubre, davant l&#8217;arribada d&#8217;un nou episodi de pluges intenses.<\/p>\n\n\n\n<p class=\"wp-block-paragraph\">Segons la \u2018Guia de recomanacions als ajuntaments per a la presa de decisions preventives davant fen\u00f2mens meteorol\u00f2gics adversos\u2019 elaborada per la Conselleria d&#8217;Emerg\u00e8ncies i Interior, els centres educatius no universitaris situats fora de zones inundables hauran de limitar les activitats a l&#8217;interior de les instal\u00b7lacions, evitant qualsevol activitat en l&#8217;exterior mentre es mantinga l&#8217;alerta.<\/p>\n\n\n\n<p class=\"wp-block-paragraph\">D&#8217;aquesta manera, els consistoris de la comarca mantenen la vigil\u00e0ncia i coordinaci\u00f3 amb els serveis d&#8217;emerg\u00e8ncia, recomanant extremar la precauci\u00f3 en els despla\u00e7aments i seguir les indicacions oficials en les pr\u00f2ximes hores davant la possible evoluci\u00f3 del temporal.<\/p>\n","protected":false},"excerpt":{"rendered":"<div class=\"mh-excerpt\">Els Ajuntaments de la comarca han decidit mantindre l&#8217;activitat lectiva amb normalitat durant la jornada de hui, a excepci\u00f3 del municipi de Xiva, que ha optat per suspendre les classes com a mesura preventiva davant <a class=\"mh-excerpt-more\" href=\"https:\/\/tucomarca.whitekongsoftware.com\/ca\/els-ajuntaments-de-la-foia-mantenen-les-classes-aquest-dilluns-excepte-xiva-i-el-ce-de-xest-que-les-ha-suspeses\/\" title=\"Els Ajuntaments de La Foia mantenen les classes aquest dilluns, excepte Xiva i el CE de Xest, que les han suspeses\">[+] <\/a><\/div>\n","protected":false},"author":12,"featured_media":282117,"comment_status":"open","ping_status":"open","sticky":false,"template":"","format":"standard","meta":{"footnotes":""},"categories":[10898,10948,10894,10912,10903,10947,10896,10897],"tags":[23168,10914,12835],"class_list":["post-282118","post","type-post","status-publish","format-standard","has-post-thumbnail","category-ventana-ca","category-infraestructuras-ca","category-la-comarca-ca","category-la-hoya-ca","category-medio-ambiente-la-comarca-ca","category-politica","category-seccion-ca","category-sucesos-la-comarca-ca","tag-aviso-naranja-ca","tag-la-hoya-de-bunol-chiva-ca","tag-lluvias-intensas-ca"],"_links":{"self":[{"href":"https:\/\/tucomarca.whitekongsoftware.com\/ca\/wp-json\/wp\/v2\/posts\/282118","targetHints":{"allow":["GET"]}}],"collection":[{"href":"https:\/\/tucomarca.whitekongsoftware.com\/ca\/wp-json\/wp\/v2\/posts"}],"about":[{"href":"https:\/\/tucomarca.whitekongsoftware.com\/ca\/wp-json\/wp\/v2\/types\/post"}],"author":[{"embeddable":true,"href":"https:\/\/tucomarca.whitekongsoftware.com\/ca\/wp-json\/wp\/v2\/users\/12"}],"replies":[{"embeddable":true,"href":"https:\/\/tucomarca.whitekongsoftware.com\/ca\/wp-json\/wp\/v2\/comments?post=282118"}],"version-history":[{"count":0,"href":"https:\/\/tucomarca.whitekongsoftware.com\/ca\/wp-json\/wp\/v2\/posts\/282118\/revisions"}],"wp:featuredmedia":[{"embeddable":true,"href":"https:\/\/tucomarca.whitekongsoftware.com\/ca\/wp-json\/wp\/v2\/media\/282117"}],"wp:attachment":[{"href":"https:\/\/tucomarca.whitekongsoftware.com\/ca\/wp-json\/wp\/v2\/media?parent=282118"}],"wp:term":[{"taxonomy":"category","embeddable":true,"href":"https:\/\/tucomarca.whitekongsoftware.com\/ca\/wp-json\/wp\/v2\/categories?post=282118"},{"taxonomy":"post_tag","embeddable":true,"href":"https:\/\/tucomarca.whitekongsoftware.com\/ca\/wp-json\/wp\/v2\/tags?post=282118"}],"curies":[{"name":"wp","href":"https:\/\/api.w.org\/{rel}","templated":true}]}}