{"id":282025,"date":"2025-10-11T09:30:00","date_gmt":"2025-10-11T07:30:00","guid":{"rendered":"https:\/\/www.tucomarca.com\/wordpress\/segunda\/?p=282025"},"modified":"2025-10-11T12:13:08","modified_gmt":"2025-10-11T10:13:08","slug":"la-guardia-civil-de-valencia-celebra-la-festivitat-de-la-seua-patrona-la-verge-del-pilar-el-12-doctubre-a-utiel","status":"publish","type":"post","link":"https:\/\/tucomarca.whitekongsoftware.com\/ca\/la-guardia-civil-de-valencia-celebra-la-festivitat-de-la-seua-patrona-la-verge-del-pilar-el-12-doctubre-a-utiel\/","title":{"rendered":"La Gu\u00e0rdia Civil de Val\u00e8ncia celebra la festivitat de la seua patrona, la Verge del Pilar, el 12 d&#8217;octubre a Utiel"},"content":{"rendered":"\n<p class=\"wp-block-paragraph\">La Gu\u00e0rdia Civil de Val\u00e8ncia celebra la festivitat de la seua patrona, la Verge del Pilar, aquest 12 d&#8217;octubre a Utiel.<\/p>\n\n\n\n<p class=\"wp-block-paragraph\">Els actes es realitzaran enfront de la caserna de la Gu\u00e0rdia Civil a Utiel, localitat que simbolitza la unitat i resili\u00e8ncia despr\u00e9s de ser el punt on es va originar la cat\u00e0strofe del passat 2024<\/p>\n\n\n\n<p class=\"wp-block-paragraph\">Amb motiu de la festivitat del Pilar s&#8217;imposaran les seg\u00fcents condecoracions:<\/p>\n\n\n\n<p class=\"wp-block-paragraph\">1. Una medalla al M\u00e8rit en el Cau Civil amb distintiu Rojo.<br>2. 12 Cruz de Plata de l&#8217;Orde del M\u00e8rit en la Gu\u00e0rdia Civil.<br>3. 21 medalles al M\u00e8rit en el Cau Civil amb distintiu Blanco, 6 d&#8217;elles a persones alienes a la Gu\u00e0rdia Civil.<br>4. Una medalla a la Real i Militar Orde de San Hermenegildo.<\/p>\n\n\n\n<p class=\"wp-block-paragraph\">Pr\u00e8viament a l&#8217;acte oficial, ser\u00e0 oficiada una Missa a l&#8217;Esgl\u00e9sia de L&#8217;Asunci\u00f3n de La nostra Senyora d&#8217;Utiel, que comen\u00e7ar\u00e0 a les 10.00 hores.<\/p>\n","protected":false},"excerpt":{"rendered":"<div class=\"mh-excerpt\">La Gu\u00e0rdia Civil de Val\u00e8ncia celebra la festivitat de la seua patrona, la Verge del Pilar, aquest 12 d&#8217;octubre a Utiel. Els actes es realitzaran enfront de la caserna de la Gu\u00e0rdia Civil a Utiel, <a class=\"mh-excerpt-more\" href=\"https:\/\/tucomarca.whitekongsoftware.com\/ca\/la-guardia-civil-de-valencia-celebra-la-festivitat-de-la-seua-patrona-la-verge-del-pilar-el-12-doctubre-a-utiel\/\" title=\"La Gu\u00e0rdia Civil de Val\u00e8ncia celebra la festivitat de la seua patrona, la Verge del Pilar, el 12 d&#8217;octubre a Utiel\">[+] <\/a><\/div>\n","protected":false},"author":1,"featured_media":266592,"comment_status":"open","ping_status":"open","sticky":false,"template":"","format":"standard","meta":{"footnotes":""},"categories":[11019,21466,10898,10948,10894,10904,10903,10947,10909,10896,10897,11059],"tags":[18017,15409,11118,10910],"class_list":["post-282025","post","type-post","status-publish","format-standard","has-post-thumbnail","category-agenda-ca","category-dana-ca","category-ventana-ca","category-infraestructuras-ca","category-la-comarca-ca","category-sin-categorizar-ca","category-medio-ambiente-la-comarca-ca","category-politica","category-requena-utiel-ca","category-seccion-ca","category-sucesos-la-comarca-ca","category-utiel-ca","tag-12-de-octubre-ca","tag-dana-2-ca","tag-guardia-civil-ca","tag-requena-utiel-ca"],"_links":{"self":[{"href":"https:\/\/tucomarca.whitekongsoftware.com\/ca\/wp-json\/wp\/v2\/posts\/282025","targetHints":{"allow":["GET"]}}],"collection":[{"href":"https:\/\/tucomarca.whitekongsoftware.com\/ca\/wp-json\/wp\/v2\/posts"}],"about":[{"href":"https:\/\/tucomarca.whitekongsoftware.com\/ca\/wp-json\/wp\/v2\/types\/post"}],"author":[{"embeddable":true,"href":"https:\/\/tucomarca.whitekongsoftware.com\/ca\/wp-json\/wp\/v2\/users\/1"}],"replies":[{"embeddable":true,"href":"https:\/\/tucomarca.whitekongsoftware.com\/ca\/wp-json\/wp\/v2\/comments?post=282025"}],"version-history":[{"count":0,"href":"https:\/\/tucomarca.whitekongsoftware.com\/ca\/wp-json\/wp\/v2\/posts\/282025\/revisions"}],"wp:featuredmedia":[{"embeddable":true,"href":"https:\/\/tucomarca.whitekongsoftware.com\/ca\/wp-json\/wp\/v2\/media\/266592"}],"wp:attachment":[{"href":"https:\/\/tucomarca.whitekongsoftware.com\/ca\/wp-json\/wp\/v2\/media?parent=282025"}],"wp:term":[{"taxonomy":"category","embeddable":true,"href":"https:\/\/tucomarca.whitekongsoftware.com\/ca\/wp-json\/wp\/v2\/categories?post=282025"},{"taxonomy":"post_tag","embeddable":true,"href":"https:\/\/tucomarca.whitekongsoftware.com\/ca\/wp-json\/wp\/v2\/tags?post=282025"}],"curies":[{"name":"wp","href":"https:\/\/api.w.org\/{rel}","templated":true}]}}