{"id":281927,"date":"2025-10-10T10:00:00","date_gmt":"2025-10-10T08:00:00","guid":{"rendered":"https:\/\/www.tucomarca.com\/wordpress\/segunda\/?p=281927"},"modified":"2025-10-10T14:23:00","modified_gmt":"2025-10-10T12:23:00","slug":"el-cautivo-dalejandro-amenabar-sestrena-aquest-dissabte-en-el-teatre-montecarlo-de-bunyol","status":"publish","type":"post","link":"https:\/\/tucomarca.whitekongsoftware.com\/ca\/el-cautivo-dalejandro-amenabar-sestrena-aquest-dissabte-en-el-teatre-montecarlo-de-bunyol\/","title":{"rendered":"&#8216;El Cautivo&#8217;, d&#8217;Alejandro Amen\u00e1bar, s&#8217;estrena aquest dissabte en el Teatre Montecarlo de Bunyol"},"content":{"rendered":"\n<p class=\"wp-block-paragraph\">Bunyol viur\u00e0 una nit de cinema molt especial dissabte que ve 11 d&#8217;octubre a les 22:30h, l&#8217;estrena de \u201c<strong>El Cautivo\u201d,<\/strong> l&#8217;esperada pel\u00b7l\u00edcula <strong>d&#8217;Alejandro Amen\u00e1bar<\/strong>, en el teatre Montecarlo, la passada estava prevista en la Pla\u00e7a d&#8217;Armes del Castell, lloc que va servir d&#8217;escenari al cineasta per a rodar els primer minuts de la pel\u00b7l\u00edcula i que va contar a m\u00e9s de l&#8217;espectacular localitzaci\u00f3, amb diverses persones de Bunyol que van passar el c\u00e0sting per a apar\u00e9ixer com a figurants.<\/p>\n\n\n\n<p class=\"wp-block-paragraph\">Aquest esdeveniment \u00fanic, que uneix patrimoni, cultura i cinema, ha sigut impulsat per l&#8217;associaci\u00f3 Toma a Toma pel Cinema a Bunyol, amb el suport de la Regidoria de Turisme de l&#8217;Ajuntament de Bunyol el treball del qual ha impulsat aquesta estrena especial.<br>\u201cEl cinema t\u00e9 el poder de transformar llocs i projectar-los al m\u00f3n. Hem de continuar treballant en iniciatives que ens permeten potenciar tot el talent local aix\u00ed com continuar atraient produccions\u201d, destaca Paco Moril, president de Toma a Toma.<\/p>\n\n\n\n<p class=\"wp-block-paragraph\"><strong>Fila Zero solid\u00e0ria:<\/strong><\/p>\n\n\n\n<p class=\"wp-block-paragraph\">Aix\u00ed mateix, en col\u00b7laboraci\u00f3 amb Regenera Bunyol, es posa en marxa novament la iniciativa \u201cFila Zero\u201d, amb l&#8217;objectiu de recaptar fons a trav\u00e9s de la plataforma www.viajerossolidarios.com per a impulsar experi\u00e8ncies que promoguen la cura del patrimoni hist\u00f2ric, llegat natural, fomenten el cinema i la m\u00fasica local.<br>Aquesta iniciativa compta amb la participaci\u00f3 de l&#8217;Associaci\u00f3 d&#8217;Amics del Castell de Bunyol, l&#8217;Associaci\u00f3 \u201cToma a Toma pel Cinema a Bunyol\u201d, l&#8217;AMPA del Conservatori Sant Rafael i l&#8217;Associaci\u00f3 NADIBU (Naturalesa, Did\u00e0ctica Bunyol). La creaci\u00f3 d&#8217;aquesta Fila Zero pret\u00e9n enfortir el comprom\u00eds comunitari amb la preservaci\u00f3 del patrimoni hist\u00f2ric, cultural i natural de Bunyol.<br><\/p>\n\n\n\n<p class=\"wp-block-paragraph\"><strong>Venda En l\u00ednia i en Taquilla:<\/strong><\/p>\n\n\n\n<p class=\"wp-block-paragraph\">La aquilla s&#8217;obrir\u00e0 45 min abans, a les 21:45h perqu\u00e8 els espectadors puguen entrar amb tranquil\u00b7litat i gaudir l&#8217;ambient cinematogr\u00e0fic previ comprant crispetes o col\u00b7laborant amb l&#8217;associaci\u00f3 adquirint productes.<\/p>\n\n\n\n<p class=\"wp-block-paragraph\">No oblides que pots adquirir ja la teua entrada en l\u00ednia en <a href=\"http:\/\/www.entradaonline.es\" data-type=\"link\" data-id=\"www.entradaonline.es\">www.entradaonline.es<\/a><\/p>\n","protected":false},"excerpt":{"rendered":"<div class=\"mh-excerpt\">Bunyol viur\u00e0 una nit de cinema molt especial dissabte que ve 11 d&#8217;octubre a les 22:30h, l&#8217;estrena de \u201cEl Cautivo\u201d, l&#8217;esperada pel\u00b7l\u00edcula d&#8217;Alejandro Amen\u00e1bar, en el teatre Montecarlo, la passada estava prevista en la Pla\u00e7a <a class=\"mh-excerpt-more\" href=\"https:\/\/tucomarca.whitekongsoftware.com\/ca\/el-cautivo-dalejandro-amenabar-sestrena-aquest-dissabte-en-el-teatre-montecarlo-de-bunyol\/\" title=\"&#8216;El Cautivo&#8217;, d&#8217;Alejandro Amen\u00e1bar, s&#8217;estrena aquest dissabte en el Teatre Montecarlo de Bunyol\">[+] <\/a><\/div>\n","protected":false},"author":12,"featured_media":281926,"comment_status":"open","ping_status":"open","sticky":false,"template":"","format":"standard","meta":{"footnotes":""},"categories":[11019,10911,10894,10912,11007,10896],"tags":[10913,20625,10914],"class_list":["post-281927","post","type-post","status-publish","format-standard","has-post-thumbnail","category-agenda-ca","category-bunol-ca","category-la-comarca-ca","category-la-hoya-ca","category-ocio-y-cultura-ca","category-seccion-ca","tag-bunol-ca","tag-el-cautivo-ca","tag-la-hoya-de-bunol-chiva-ca"],"_links":{"self":[{"href":"https:\/\/tucomarca.whitekongsoftware.com\/ca\/wp-json\/wp\/v2\/posts\/281927","targetHints":{"allow":["GET"]}}],"collection":[{"href":"https:\/\/tucomarca.whitekongsoftware.com\/ca\/wp-json\/wp\/v2\/posts"}],"about":[{"href":"https:\/\/tucomarca.whitekongsoftware.com\/ca\/wp-json\/wp\/v2\/types\/post"}],"author":[{"embeddable":true,"href":"https:\/\/tucomarca.whitekongsoftware.com\/ca\/wp-json\/wp\/v2\/users\/12"}],"replies":[{"embeddable":true,"href":"https:\/\/tucomarca.whitekongsoftware.com\/ca\/wp-json\/wp\/v2\/comments?post=281927"}],"version-history":[{"count":0,"href":"https:\/\/tucomarca.whitekongsoftware.com\/ca\/wp-json\/wp\/v2\/posts\/281927\/revisions"}],"wp:featuredmedia":[{"embeddable":true,"href":"https:\/\/tucomarca.whitekongsoftware.com\/ca\/wp-json\/wp\/v2\/media\/281926"}],"wp:attachment":[{"href":"https:\/\/tucomarca.whitekongsoftware.com\/ca\/wp-json\/wp\/v2\/media?parent=281927"}],"wp:term":[{"taxonomy":"category","embeddable":true,"href":"https:\/\/tucomarca.whitekongsoftware.com\/ca\/wp-json\/wp\/v2\/categories?post=281927"},{"taxonomy":"post_tag","embeddable":true,"href":"https:\/\/tucomarca.whitekongsoftware.com\/ca\/wp-json\/wp\/v2\/tags?post=281927"}],"curies":[{"name":"wp","href":"https:\/\/api.w.org\/{rel}","templated":true}]}}