{"id":281913,"date":"2025-10-10T12:00:00","date_gmt":"2025-10-10T10:00:00","guid":{"rendered":"https:\/\/www.tucomarca.com\/wordpress\/segunda\/?p=281913"},"modified":"2025-10-10T14:31:03","modified_gmt":"2025-10-10T12:31:03","slug":"dos-aguas-ajorna-la-seua-ix-fira-gastronomica-i-artesanal-per-lalerta-meteorologica","status":"publish","type":"post","link":"https:\/\/tucomarca.whitekongsoftware.com\/ca\/dos-aguas-ajorna-la-seua-ix-fira-gastronomica-i-artesanal-per-lalerta-meteorologica\/","title":{"rendered":"Dos Aguas ajorna la seua IX Fira Gastron\u00f2mica i Artesanal per l&#8217;alerta meteorol\u00f2gica"},"content":{"rendered":"\n<p class=\"wp-block-paragraph\">L&#8217;Ajuntament de Dos Aguas ha anunciat l&#8217;ajornament de la IX Fira Gastron\u00f2mica i Artesanal, prevista per al dissabte 12 d&#8217;octubre, a causa de les condicions meteorol\u00f2giques adverses i l&#8217;alerta emesa per AEMET.<\/p>\n\n\n\n<p class=\"wp-block-paragraph\">Des de l&#8217;organitzaci\u00f3 han assenyalat que la decisi\u00f3 s&#8217;ha pres prioritzant la seguretat i el benestar de ve\u00efns, visitants i expositors, davant la previsi\u00f3 de pluges i forts vents.<\/p>\n\n\n\n<p class=\"wp-block-paragraph\">La fira, que cada any reuneix nombr\u00f3s p\u00fablic atret pels sabors, aromes i productes artesanals del municipi i de tota la comarca, celebrar\u00e0 la seua novena edici\u00f3 en una nova data que s&#8217;anunciar\u00e0 pr\u00f2ximament.<\/p>\n\n\n\n<p class=\"wp-block-paragraph\">\u201cL&#8217;ajornament \u00e9s nom\u00e9s un xicotet par\u00e8ntesi; l&#8217;espera valdr\u00e0 la pena\u201d, han assegurat des del consistori, animant a tots a participar quan es reprograme aquesta cita tan esperada en el calendari local.<\/p>\n","protected":false},"excerpt":{"rendered":"<div class=\"mh-excerpt\">L&#8217;Ajuntament de Dos Aguas ha anunciat l&#8217;ajornament de la IX Fira Gastron\u00f2mica i Artesanal, prevista per al dissabte 12 d&#8217;octubre, a causa de les condicions meteorol\u00f2giques adverses i l&#8217;alerta emesa per AEMET. Des de l&#8217;organitzaci\u00f3 <a class=\"mh-excerpt-more\" href=\"https:\/\/tucomarca.whitekongsoftware.com\/ca\/dos-aguas-ajorna-la-seua-ix-fira-gastronomica-i-artesanal-per-lalerta-meteorologica\/\" title=\"Dos Aguas ajorna la seua IX Fira Gastron\u00f2mica i Artesanal per l&#8217;alerta meteorol\u00f2gica\">[+] <\/a><\/div>\n","protected":false},"author":12,"featured_media":281912,"comment_status":"open","ping_status":"open","sticky":false,"template":"","format":"standard","meta":{"footnotes":""},"categories":[11019,10976,10948,10894,10912,10903,11007,10896,10897],"tags":[11132,23149,10914],"class_list":["post-281913","post","type-post","status-publish","format-standard","has-post-thumbnail","category-agenda-ca","category-dos-aguas-ca","category-infraestructuras-ca","category-la-comarca-ca","category-la-hoya-ca","category-medio-ambiente-la-comarca-ca","category-ocio-y-cultura-ca","category-seccion-ca","category-sucesos-la-comarca-ca","tag-dos-aguas","tag-ix-feria-gastronomica-y-artesanal-ca","tag-la-hoya-de-bunol-chiva-ca"],"_links":{"self":[{"href":"https:\/\/tucomarca.whitekongsoftware.com\/ca\/wp-json\/wp\/v2\/posts\/281913","targetHints":{"allow":["GET"]}}],"collection":[{"href":"https:\/\/tucomarca.whitekongsoftware.com\/ca\/wp-json\/wp\/v2\/posts"}],"about":[{"href":"https:\/\/tucomarca.whitekongsoftware.com\/ca\/wp-json\/wp\/v2\/types\/post"}],"author":[{"embeddable":true,"href":"https:\/\/tucomarca.whitekongsoftware.com\/ca\/wp-json\/wp\/v2\/users\/12"}],"replies":[{"embeddable":true,"href":"https:\/\/tucomarca.whitekongsoftware.com\/ca\/wp-json\/wp\/v2\/comments?post=281913"}],"version-history":[{"count":0,"href":"https:\/\/tucomarca.whitekongsoftware.com\/ca\/wp-json\/wp\/v2\/posts\/281913\/revisions"}],"wp:featuredmedia":[{"embeddable":true,"href":"https:\/\/tucomarca.whitekongsoftware.com\/ca\/wp-json\/wp\/v2\/media\/281912"}],"wp:attachment":[{"href":"https:\/\/tucomarca.whitekongsoftware.com\/ca\/wp-json\/wp\/v2\/media?parent=281913"}],"wp:term":[{"taxonomy":"category","embeddable":true,"href":"https:\/\/tucomarca.whitekongsoftware.com\/ca\/wp-json\/wp\/v2\/categories?post=281913"},{"taxonomy":"post_tag","embeddable":true,"href":"https:\/\/tucomarca.whitekongsoftware.com\/ca\/wp-json\/wp\/v2\/tags?post=281913"}],"curies":[{"name":"wp","href":"https:\/\/api.w.org\/{rel}","templated":true}]}}