{"id":281879,"date":"2025-10-10T11:00:00","date_gmt":"2025-10-10T09:00:00","guid":{"rendered":"https:\/\/www.tucomarca.com\/wordpress\/segunda\/?p=281879"},"modified":"2025-10-10T12:06:33","modified_gmt":"2025-10-10T10:06:33","slug":"la-generalitat-impulsa-lobertura-del-nou-centre-de-dia-de-benaguasil-que-disposa-de-70-noves-places-publiques-per-a-majors","status":"publish","type":"post","link":"https:\/\/tucomarca.whitekongsoftware.com\/ca\/la-generalitat-impulsa-lobertura-del-nou-centre-de-dia-de-benaguasil-que-disposa-de-70-noves-places-publiques-per-a-majors\/","title":{"rendered":"La Generalitat impulsa l&#8217;obertura del nou Centre de Dia de Benaguasil que disposa de 70 noves places p\u00fabliques per a majors"},"content":{"rendered":"\n<h3 class=\"wp-block-heading\">La Conselleria de Serveis Socials adjudica les obres de millora del Centre de Dia i finan\u00e7ar\u00e0 les places p\u00fabliques a trav\u00e9s del Contracte-Programa.<\/h3>\n\n\n\n<h3 class=\"wp-block-heading\">El director general d&#8217;Infraestructures Sociosanit\u00e0ries destaca que \u201chem complit amb una reivindicaci\u00f3 hist\u00f2rica de Benaguasil per a millorar la vida dels majors\u201d.<\/h3>\n\n\n\n<p class=\"wp-block-paragraph\">La Vicepresid\u00e8ncia Primera i Conselleria de Serveis Socials, Igualtat i Habitatge ha impulsat l&#8217;obertura del nou Centre de Dia de Benaguasil, adjudicant les obres de millora del centre per a oferir posteriorment les 70 places p\u00fabliques que finan\u00e7ar\u00e0 la Generalitat a trav\u00e9s del Contracte-Programa, i que permetr\u00e0 que les persones majors disposen dels serveis del centre a partir de la seua obertura en 2026.<\/p>\n\n\n\n<p class=\"wp-block-paragraph\">Les obres, que ja s&#8217;han adjudicat per part de la Generalitat, repararan les filtracions existents en la coberta del Centre, actualitzar el sistema de climatitzaci\u00f3, netejar i reparar les fa\u00e7anes i la cornisa perimetral, substituir les claraboies deteriorades, repassar de manera general les instal\u00b7lacions del centre d&#8217;electricitat, la lampisteria i el sistema de seguretat contra incendis.<\/p>\n\n\n\n<p class=\"wp-block-paragraph\">Totes aquestes s\u00f3n actuacions de necess\u00e0ria realitzaci\u00f3 per a adequar el nou Centre de Dia de Benaguasil perqu\u00e8 es trobe en les condicions id\u00f2nies quant a habitabilitat, seguretat i \u00fas de les seues instal\u00b7lacions.<\/p>\n\n\n\n<p class=\"wp-block-paragraph\">Una vegada finalitzades les obres que posaran en condicions \u00f2ptimes el centre, la Generalitat dotar\u00e0 tamb\u00e9 el Centre de Dia del mobiliari pertinent i contemplar\u00e0 les 70 places p\u00fabliques a trav\u00e9s del Contracte-Programa perqu\u00e8 el consistori local puga licitar i adjudicar la gesti\u00f3 del centre, permetent aix\u00ed que les persones majors puguen gaudir de l&#8217;acompanyament di\u00fcrn, l&#8217;atenci\u00f3 i les diverses activitats a partir de la seua obertura en el 2026.<\/p>\n\n\n\n<p class=\"wp-block-paragraph\">El director general d&#8217;Infraestructures Sociosanit\u00e0ries, Borja Ottobrino, ha detallat que \u201cper fi Benaguasil tindr\u00e0 el Centre de Dia que mereix despr\u00e9s de la inacci\u00f3 i aband\u00f3 total del Govern del Bot\u00e0nic durant huit anys, motiu pel qual hem d&#8217;executar ara les obres de millora de les instal\u00b7lacions deteriorades durant eixe temps\u201d, per la qual cosa, d&#8217;aquesta manera, \u201cdes de la Generalitat complim amb una reivindicaci\u00f3 hist\u00f2rica del municipi i assegurem la bona atenci\u00f3, la cura, l&#8217;acompanyament i el foment de les activitats per a les persones majors que, sens dubte, s\u00f3n una prioritat per a aquest Consell i treballem per a millorar el seu benestar i la qualitat de les seues vides\u201d.<\/p>\n","protected":false},"excerpt":{"rendered":"<div class=\"mh-excerpt\">La Conselleria de Serveis Socials adjudica les obres de millora del Centre de Dia i finan\u00e7ar\u00e0 les places p\u00fabliques a trav\u00e9s del Contracte-Programa. El director general d&#8217;Infraestructures Sociosanit\u00e0ries destaca que \u201chem complit amb una reivindicaci\u00f3 <a class=\"mh-excerpt-more\" href=\"https:\/\/tucomarca.whitekongsoftware.com\/ca\/la-generalitat-impulsa-lobertura-del-nou-centre-de-dia-de-benaguasil-que-disposa-de-70-noves-places-publiques-per-a-majors\/\" title=\"La Generalitat impulsa l&#8217;obertura del nou Centre de Dia de Benaguasil que disposa de 70 noves places p\u00fabliques per a majors\">[+] <\/a><\/div>\n","protected":false},"author":12,"featured_media":263354,"comment_status":"open","ping_status":"open","sticky":false,"template":"","format":"standard","meta":{"footnotes":""},"categories":[10952,10892,10898,10948,10894,10947,10896],"tags":[11136,10899,14429,19545,11498],"class_list":["post-281879","post","type-post","status-publish","format-standard","has-post-thumbnail","category-benaguasil-ca","category-camp-de-turia-ca","category-ventana-ca","category-infraestructuras-ca","category-la-comarca-ca","category-politica","category-seccion-ca","tag-benaguasil-ca","tag-camp-de-turia-ca","tag-centro-de-dia-ca","tag-conselleria-de-servicios-sociales-ca","tag-generalitat-valenciana-ca"],"_links":{"self":[{"href":"https:\/\/tucomarca.whitekongsoftware.com\/ca\/wp-json\/wp\/v2\/posts\/281879","targetHints":{"allow":["GET"]}}],"collection":[{"href":"https:\/\/tucomarca.whitekongsoftware.com\/ca\/wp-json\/wp\/v2\/posts"}],"about":[{"href":"https:\/\/tucomarca.whitekongsoftware.com\/ca\/wp-json\/wp\/v2\/types\/post"}],"author":[{"embeddable":true,"href":"https:\/\/tucomarca.whitekongsoftware.com\/ca\/wp-json\/wp\/v2\/users\/12"}],"replies":[{"embeddable":true,"href":"https:\/\/tucomarca.whitekongsoftware.com\/ca\/wp-json\/wp\/v2\/comments?post=281879"}],"version-history":[{"count":0,"href":"https:\/\/tucomarca.whitekongsoftware.com\/ca\/wp-json\/wp\/v2\/posts\/281879\/revisions"}],"wp:featuredmedia":[{"embeddable":true,"href":"https:\/\/tucomarca.whitekongsoftware.com\/ca\/wp-json\/wp\/v2\/media\/263354"}],"wp:attachment":[{"href":"https:\/\/tucomarca.whitekongsoftware.com\/ca\/wp-json\/wp\/v2\/media?parent=281879"}],"wp:term":[{"taxonomy":"category","embeddable":true,"href":"https:\/\/tucomarca.whitekongsoftware.com\/ca\/wp-json\/wp\/v2\/categories?post=281879"},{"taxonomy":"post_tag","embeddable":true,"href":"https:\/\/tucomarca.whitekongsoftware.com\/ca\/wp-json\/wp\/v2\/tags?post=281879"}],"curies":[{"name":"wp","href":"https:\/\/api.w.org\/{rel}","templated":true}]}}