{"id":281828,"date":"2025-10-08T10:05:00","date_gmt":"2025-10-08T08:05:00","guid":{"rendered":"https:\/\/www.tucomarca.com\/wordpress\/segunda\/?p=281828"},"modified":"2025-10-08T20:43:56","modified_gmt":"2025-10-08T18:43:56","slug":"lajuntament-dutiel-continua-amb-labors-intensives-de-neteja-de-clavegueram-i-revisio-de-collectors","status":"publish","type":"post","link":"https:\/\/tucomarca.whitekongsoftware.com\/ca\/lajuntament-dutiel-continua-amb-labors-intensives-de-neteja-de-clavegueram-i-revisio-de-collectors\/","title":{"rendered":"L&#8217;Ajuntament d&#8217;Utiel continua amb labors intensives de neteja de clavegueram i revisi\u00f3 de col\u00b7lectors"},"content":{"rendered":"\n<h3 class=\"wp-block-heading\">Els treballs han comen\u00e7at en Barri de Sant Isidre i continuaran durant les pr\u00f2ximes setmanes en les zones especialment afectades per les inundacions.<\/h3>\n\n\n\n<h3 class=\"wp-block-heading\">La millora de la xarxa de clavegueram s&#8217;executar\u00e0 en tota la localitat.<\/h3>\n\n\n\n<p class=\"wp-block-paragraph\">L&#8217;Ajuntament d&#8217;Utiel ha intensificat els treballs de supervisi\u00f3 de la xarxa de clavegueram del municipi per a minimitzar l&#8217;impacte que puguen tindre l&#8217;arribada de fortes pluges.<\/p>\n\n\n\n<p class=\"wp-block-paragraph\">La intervenci\u00f3 contempla labors de neteja, desembosse i inspecci\u00f3 de col\u00b7lectors de la xarxa de clavegueram en tota la localitat.<\/p>\n\n\n\n<p class=\"wp-block-paragraph\">En aquesta primera fase, els treballs per a millorar la capacitat de drenatge han comen\u00e7at en el barri de Sant Isidre i continuaran en pr\u00f2ximes setmanes en carrer Herois del Tollo, Cam\u00ed, zona de carretera N-III pr\u00f2xima a gasolinera i Avinguda de l&#8217;Esport.<\/p>\n\n\n\n<p class=\"wp-block-paragraph\">D&#8217;aquesta manera el consistori utielano intervindr\u00e0 de manera priorit\u00e0ria en aquelles zones en les quals s&#8217;han detectat majors incid\u00e8ncies en la capacitat de desgu\u00e0s despr\u00e9s dels efectes devastadors de les inundacions.<\/p>\n\n\n\n<p class=\"wp-block-paragraph\">En total, durant aquesta etapa s&#8217;ha planificat la neteja i inspecci\u00f3 de quasi 2000 metres de canonada de la xarxa de clavegueram.<\/p>\n\n\n\n<p class=\"wp-block-paragraph\">Aquesta actuaci\u00f3 s&#8217;engloba en el programa de millora hidr\u00e0ulica del sistema de drenatge que l&#8217;Ajuntament d&#8217;Utiel est\u00e0 portant per a pal\u00b7liar els efectes provocats per precipitacions intenses.<\/p>\n\n\n\n<p class=\"wp-block-paragraph\"><\/p>\n","protected":false},"excerpt":{"rendered":"<div class=\"mh-excerpt\">Els treballs han comen\u00e7at en Barri de Sant Isidre i continuaran durant les pr\u00f2ximes setmanes en les zones especialment afectades per les inundacions. La millora de la xarxa de clavegueram s&#8217;executar\u00e0 en tota la localitat. <a class=\"mh-excerpt-more\" href=\"https:\/\/tucomarca.whitekongsoftware.com\/ca\/lajuntament-dutiel-continua-amb-labors-intensives-de-neteja-de-clavegueram-i-revisio-de-collectors\/\" title=\"L&#8217;Ajuntament d&#8217;Utiel continua amb labors intensives de neteja de clavegueram i revisi\u00f3 de col\u00b7lectors\">[+] <\/a><\/div>\n","protected":false},"author":12,"featured_media":281827,"comment_status":"open","ping_status":"open","sticky":false,"template":"","format":"standard","meta":{"footnotes":""},"categories":[10948,10894,10903,10947,10909,10896,10897,11059],"tags":[23164,10910,11174],"class_list":["post-281828","post","type-post","status-publish","format-standard","has-post-thumbnail","category-infraestructuras-ca","category-la-comarca-ca","category-medio-ambiente-la-comarca-ca","category-politica","category-requena-utiel-ca","category-seccion-ca","category-sucesos-la-comarca-ca","category-utiel-ca","tag-mejoras-alcantarillado-ca","tag-requena-utiel-ca","tag-utiel-ca"],"_links":{"self":[{"href":"https:\/\/tucomarca.whitekongsoftware.com\/ca\/wp-json\/wp\/v2\/posts\/281828","targetHints":{"allow":["GET"]}}],"collection":[{"href":"https:\/\/tucomarca.whitekongsoftware.com\/ca\/wp-json\/wp\/v2\/posts"}],"about":[{"href":"https:\/\/tucomarca.whitekongsoftware.com\/ca\/wp-json\/wp\/v2\/types\/post"}],"author":[{"embeddable":true,"href":"https:\/\/tucomarca.whitekongsoftware.com\/ca\/wp-json\/wp\/v2\/users\/12"}],"replies":[{"embeddable":true,"href":"https:\/\/tucomarca.whitekongsoftware.com\/ca\/wp-json\/wp\/v2\/comments?post=281828"}],"version-history":[{"count":0,"href":"https:\/\/tucomarca.whitekongsoftware.com\/ca\/wp-json\/wp\/v2\/posts\/281828\/revisions"}],"wp:featuredmedia":[{"embeddable":true,"href":"https:\/\/tucomarca.whitekongsoftware.com\/ca\/wp-json\/wp\/v2\/media\/281827"}],"wp:attachment":[{"href":"https:\/\/tucomarca.whitekongsoftware.com\/ca\/wp-json\/wp\/v2\/media?parent=281828"}],"wp:term":[{"taxonomy":"category","embeddable":true,"href":"https:\/\/tucomarca.whitekongsoftware.com\/ca\/wp-json\/wp\/v2\/categories?post=281828"},{"taxonomy":"post_tag","embeddable":true,"href":"https:\/\/tucomarca.whitekongsoftware.com\/ca\/wp-json\/wp\/v2\/tags?post=281828"}],"curies":[{"name":"wp","href":"https:\/\/api.w.org\/{rel}","templated":true}]}}