{"id":281779,"date":"2025-10-08T10:00:00","date_gmt":"2025-10-08T08:00:00","guid":{"rendered":"https:\/\/www.tucomarca.com\/wordpress\/segunda\/?p=281779"},"modified":"2025-10-08T20:35:47","modified_gmt":"2025-10-08T18:35:47","slug":"siete-aguas-se-suma-al-repte-mapa-mundi-per-a-fomentar-el-reciclatge-de-vidre-i-la-sostenibilitat-ambiental","status":"publish","type":"post","link":"https:\/\/tucomarca.whitekongsoftware.com\/ca\/siete-aguas-se-suma-al-repte-mapa-mundi-per-a-fomentar-el-reciclatge-de-vidre-i-la-sostenibilitat-ambiental\/","title":{"rendered":"Siete Aguas se suma al \u201cRepte Mapa Mundi\u201d per a fomentar el reciclatge de vidre i la sostenibilitat ambiental"},"content":{"rendered":"\n<p class=\"wp-block-paragraph\">L\u2019Ajuntament de Siete Aguas ha anunciat la seua participaci\u00f3 en el Repte Mapa Mundi, una iniciativa impulsada pel Consorci Val\u00e8ncia Interior i Ecovidrio, que t\u00e9 com a objectiu promoure la sostenibilitat i la sensibilitzaci\u00f3 ambiental entre la ciutadania. Esta campanya, que es desenvolupar\u00e0 durant els mesos d\u2019octubre i novembre, implicar\u00e0 Siete Aguas junt amb altres 60 municipis del territori del consorci.<\/p>\n\n\n\n<p class=\"wp-block-paragraph\">L\u2019objectiu principal del repte \u00e9s incrementar el reciclatge d\u2019envasos de vidre i conscienciar sobre la import\u00e0ncia que t\u00e9 este gest quotidi\u00e0 per al cuidat del medi ambient. A trav\u00e9s d\u2019esta iniciativa, es pret\u00e9n demostrar que el reciclatge \u00e9s una acci\u00f3 senzilla per\u00f2 amb un gran impacte positiu en la reducci\u00f3 de residus i la conservaci\u00f3 dels recursos naturals.<\/p>\n\n\n\n<p class=\"wp-block-paragraph\">Des de l\u2019Ajuntament de Siete Aguas es fa una crida a tots els ve\u00efns i ve\u00efnes perqu\u00e8 augmenten la quantitat de vidre que reciclen a les seues cases i negocis, depositant correctament les botelles, pots i envasos de vidre als contenidors verds distribu\u00efts pel municipi.<\/p>\n\n\n\n<p class=\"wp-block-paragraph\">El Repte Mapa Mundi planteja una competici\u00f3 amistosa entre els municipis participants: aquells que aconseguisquen augmentar m\u00e9s el volum de vidre reciclat durant el per\u00edode de la campanya seran reconeguts p\u00fablicament pel seu comprom\u00eds ambiental. A m\u00e9s, s\u2019organitzaran accions informatives i activitats d\u2019educaci\u00f3 ambiental, especialment dirigides a escolars i comer\u00e7os locals, per a refor\u00e7ar el missatge de la campanya.<\/p>\n\n\n\n<p class=\"wp-block-paragraph\">L\u2019Ajuntament ha subratllat que \u201ccada botella compta\u201d i que reciclar vidre \u00e9s una manera directa de reduir la petjada ecol\u00f2gica del municipi, alhora que es fomenta una consci\u00e8ncia col\u00b7lectiva de respecte cap a l\u2019entorn.<\/p>\n\n\n\n<p class=\"wp-block-paragraph\">Amb esta participaci\u00f3, Siete Aguas referma el seu comprom\u00eds amb l\u2019agenda de sostenibilitat local i amb els Objectius de Desenvolupament Sostenible (ODS.<\/p>\n\n\n\n<p class=\"wp-block-paragraph\"><\/p>\n","protected":false},"excerpt":{"rendered":"<div class=\"mh-excerpt\">L\u2019Ajuntament de Siete Aguas ha anunciat la seua participaci\u00f3 en el Repte Mapa Mundi, una iniciativa impulsada pel Consorci Val\u00e8ncia Interior i Ecovidrio, que t\u00e9 com a objectiu promoure la sostenibilitat i la sensibilitzaci\u00f3 ambiental <a class=\"mh-excerpt-more\" href=\"https:\/\/tucomarca.whitekongsoftware.com\/ca\/siete-aguas-se-suma-al-repte-mapa-mundi-per-a-fomentar-el-reciclatge-de-vidre-i-la-sostenibilitat-ambiental\/\" title=\"Siete Aguas se suma al \u201cRepte Mapa Mundi\u201d per a fomentar el reciclatge de vidre i la sostenibilitat ambiental\">[+] <\/a><\/div>\n","protected":false},"author":12,"featured_media":281778,"comment_status":"open","ping_status":"open","sticky":false,"template":"","format":"standard","meta":{"footnotes":""},"categories":[10948,10894,10912,10903,10947,10896,10979],"tags":[10914,11157],"class_list":["post-281779","post","type-post","status-publish","format-standard","has-post-thumbnail","category-infraestructuras-ca","category-la-comarca-ca","category-la-hoya-ca","category-medio-ambiente-la-comarca-ca","category-politica","category-seccion-ca","category-siete-aguas-ca","tag-la-hoya-de-bunol-chiva-ca","tag-siete-aguas-ca"],"_links":{"self":[{"href":"https:\/\/tucomarca.whitekongsoftware.com\/ca\/wp-json\/wp\/v2\/posts\/281779","targetHints":{"allow":["GET"]}}],"collection":[{"href":"https:\/\/tucomarca.whitekongsoftware.com\/ca\/wp-json\/wp\/v2\/posts"}],"about":[{"href":"https:\/\/tucomarca.whitekongsoftware.com\/ca\/wp-json\/wp\/v2\/types\/post"}],"author":[{"embeddable":true,"href":"https:\/\/tucomarca.whitekongsoftware.com\/ca\/wp-json\/wp\/v2\/users\/12"}],"replies":[{"embeddable":true,"href":"https:\/\/tucomarca.whitekongsoftware.com\/ca\/wp-json\/wp\/v2\/comments?post=281779"}],"version-history":[{"count":0,"href":"https:\/\/tucomarca.whitekongsoftware.com\/ca\/wp-json\/wp\/v2\/posts\/281779\/revisions"}],"wp:featuredmedia":[{"embeddable":true,"href":"https:\/\/tucomarca.whitekongsoftware.com\/ca\/wp-json\/wp\/v2\/media\/281778"}],"wp:attachment":[{"href":"https:\/\/tucomarca.whitekongsoftware.com\/ca\/wp-json\/wp\/v2\/media?parent=281779"}],"wp:term":[{"taxonomy":"category","embeddable":true,"href":"https:\/\/tucomarca.whitekongsoftware.com\/ca\/wp-json\/wp\/v2\/categories?post=281779"},{"taxonomy":"post_tag","embeddable":true,"href":"https:\/\/tucomarca.whitekongsoftware.com\/ca\/wp-json\/wp\/v2\/tags?post=281779"}],"curies":[{"name":"wp","href":"https:\/\/api.w.org\/{rel}","templated":true}]}}