{"id":281756,"date":"2025-10-07T12:00:00","date_gmt":"2025-10-07T10:00:00","guid":{"rendered":"https:\/\/www.tucomarca.com\/wordpress\/segunda\/?p=281756"},"modified":"2025-10-07T20:39:15","modified_gmt":"2025-10-07T18:39:15","slug":"martinez-mus-anuncia-que-ecofira-acollira-una-exposicio-per-a-narrar-el-dispositiu-de-residus-sense-precedents-posat-en-marxa-despres-de-les-inundacions","status":"publish","type":"post","link":"https:\/\/tucomarca.whitekongsoftware.com\/ca\/martinez-mus-anuncia-que-ecofira-acollira-una-exposicio-per-a-narrar-el-dispositiu-de-residus-sense-precedents-posat-en-marxa-despres-de-les-inundacions\/","title":{"rendered":"Mart\u00ednez Mus anuncia que Ecofira acollir\u00e0 una exposici\u00f3 per a narrar \u201cel dispositiu de residus sense precedents posat en marxa despr\u00e9s de les inundacions\u201d"},"content":{"rendered":"\n<h3 class=\"wp-block-heading\">ECOFIRA se celebrar\u00e0 els dies 11, 12 i 13 de novembre en Fira Val\u00e8ncia.<\/h3>\n\n\n\n<h3 class=\"wp-block-heading\">La fira reunir\u00e0 9.000 representants d&#8217;empreses i organismes per a presentar els avan\u00e7os en gesti\u00f3 ambiental i fer balan\u00e7 dels treballs postemerg\u00e8ncia en els quals s&#8217;han invertit 204 milions.<\/h3>\n\n\n\n<p class=\"wp-block-paragraph\">El conseller de Medi Ambient, Infraestructures i Territori, Vicente Mart\u00ednez Mus, ha anunciat que la nova edici\u00f3 de Ecofira incorporar\u00e0 una exposici\u00f3 en la qual es narrar\u00e0 \u201cel dispositiu de residus sense precedents posat en marxa despr\u00e9s de les inundacions del passat any\u201d en qu\u00e8 van participar activament les empreses presents en el certamen de refer\u00e8ncia en gesti\u00f3 ambiental.<\/p>\n\n\n\n<p class=\"wp-block-paragraph\">Aix\u00ed ho ha anunciat el titular de Medi Ambient despr\u00e9s de la reuni\u00f3 del comit\u00e9 organitzador de Ecofira, la Fira Internacional de les Solucions Mediambientals i la Transici\u00f3 Ecol\u00f2gica, que ha tingut lloc amb l&#8217;objectiu de perfilar els continguts i activitats de la pr\u00f2xima edici\u00f3 del certamen, que tindr\u00e0 lloc de l&#8217;11 al 13 de novembre de 2025 en Fira Val\u00e8ncia. En la trobada tamb\u00e9 han participat el secretari auton\u00f2mic de Medi Ambient i Territori, Ra\u00fal M\u00e8rida, i el director general de Qualitat i Educaci\u00f3 Ambiental, Jorge Blanco, aix\u00ed com el president del comit\u00e9 organitzador, Jorge Tejedo.<\/p>\n\n\n\n<p class=\"wp-block-paragraph\">Durant la reuni\u00f3, s&#8217;ha confirmat que aquesta exposici\u00f3 no sols tindr\u00e0 lloc en el certamen, sin\u00f3 que ser\u00e0 itinerant perqu\u00e8 puga ser exposada als ajuntaments que es van veure afectats, aix\u00ed com en les diferents instal\u00b7lacions de les empreses que van participar en el projecte.<\/p>\n\n\n\n<p class=\"wp-block-paragraph\">Mart\u00ednez Mus ha subratllat \u201cel paper clau que exerceixen les empreses i administracions en la gesti\u00f3 sostenible dels residus\u201d, i ha posat com a exemple la resposta coordinada despr\u00e9s de les inundacions d&#8217;octubre de 2024, \u201cquan la col\u00b7laboraci\u00f3 p\u00fablic-privada va permetre afrontar una de les majors emerg\u00e8ncies mediambientals de la Comunitat Valenciana\u201d.<\/p>\n\n\n\n<p class=\"wp-block-paragraph\">El conseller ha assenyalat que la gesti\u00f3 de residus \u201csuposa el major desafiament despr\u00e9s d&#8217;un desastre natural com les devastadores riuades del passat any\u201d, i ha recordat que el mes de setembre passat el Consell va acordar ampliar el contracte d&#8217;emerg\u00e8ncia per a la gesti\u00f3 de residus derivats de les inundacions, elevant l&#8217;import total a 204 milions d&#8217;euros. Aquesta mesura, ha explicat, \u201cha sigut essencial per a gestionar un mili\u00f3 de tones de residus, garantir un tractament segur i evitar riscos per a la salut p\u00fablica i l&#8217;entorn\u201d.<\/p>\n\n\n\n<p class=\"wp-block-paragraph\">Aix\u00ed mateix, Mart\u00ednez Mus ha destacat que el treball realitzat en l&#8217;emerg\u00e8ncia \u201cposa en relleu la import\u00e0ncia de comptar amb un sector mediambiental fort, innovador i preparat, precisament el que es dona cita cada any en Ecofira\u201d. En aquest sentit, ha assenyalat que \u201cfires com aquestes s\u00f3n fonamentals per a impulsar l&#8217;intercanvi de coneixement, fomentar la innovaci\u00f3 tecnol\u00f2gica i enfortir la cooperaci\u00f3 entre el p\u00fablic i el privat, pilars que han demostrat la seua efic\u00e0cia en la gesti\u00f3 de la postemerg\u00e8ncia\u201d.<\/p>\n\n\n\n<p class=\"wp-block-paragraph\">L&#8217;edici\u00f3 d&#8217;enguany reunir\u00e0 9.000 representants d&#8217;empreses i organismes que presentaran els avan\u00e7os en gesti\u00f3 ambiental i faran balan\u00e7 dels treballs realitzats despr\u00e9s de les riuades.<\/p>\n\n\n\n<p class=\"wp-block-paragraph\"><strong>Ecofira 2025<\/strong><\/p>\n\n\n\n<p class=\"wp-block-paragraph\">La Fira Internacional de les Solucions Mediambientals i la Transici\u00f3 Ecol\u00f2gica s&#8217;ha consolidat com el gran punt de trobada entre empreses, administracions p\u00fabliques i professionals vinculats a la gesti\u00f3 mediambiental. En aquest f\u00f2rum es presenten els \u00faltims avan\u00e7os en solucions sostenibles i tecnologies orientades a la gesti\u00f3 eficient dels recursos.<\/p>\n\n\n\n<p class=\"wp-block-paragraph\">L&#8217;oferta expositiva de ECOFIRA abasta totes les \u00e0rees de la gesti\u00f3 mediambiental: des de la recollida, transport i tractament de residus, fins a la valoritzaci\u00f3, reciclatge i sistemes d&#8217;eliminaci\u00f3 m\u00e9s innovadors. En les seues \u00faltimes edicions, el certamen ha reunit un centenar d&#8217;expositors directes, que representaven m\u00e9s de 150 signatures i marques l\u00edders del sector.<\/p>\n","protected":false},"excerpt":{"rendered":"<div class=\"mh-excerpt\">ECOFIRA se celebrar\u00e0 els dies 11, 12 i 13 de novembre en Fira Val\u00e8ncia. La fira reunir\u00e0 9.000 representants d&#8217;empreses i organismes per a presentar els avan\u00e7os en gesti\u00f3 ambiental i fer balan\u00e7 dels treballs <a class=\"mh-excerpt-more\" href=\"https:\/\/tucomarca.whitekongsoftware.com\/ca\/martinez-mus-anuncia-que-ecofira-acollira-una-exposicio-per-a-narrar-el-dispositiu-de-residus-sense-precedents-posat-en-marxa-despres-de-les-inundacions\/\" title=\"Mart\u00ednez Mus anuncia que Ecofira acollir\u00e0 una exposici\u00f3 per a narrar \u201cel dispositiu de residus sense precedents posat en marxa despr\u00e9s de les inundacions\u201d\">[+] <\/a><\/div>\n","protected":false},"author":12,"featured_media":281755,"comment_status":"open","ping_status":"open","sticky":false,"template":"","format":"standard","meta":{"footnotes":""},"categories":[21466,10898,10948,10894,10904,10903,10947,10896,10897],"tags":[19792,23154,23155,22864],"class_list":["post-281756","post","type-post","status-publish","format-standard","has-post-thumbnail","category-dana-ca","category-ventana-ca","category-infraestructuras-ca","category-la-comarca-ca","category-sin-categorizar-ca","category-medio-ambiente-la-comarca-ca","category-politica","category-seccion-ca","category-sucesos-la-comarca-ca","tag-conselleria-de-medio-ambiente-ca","tag-ecofira-ca","tag-generaliltat-valenciana-ca","tag-vicente-martinez-mus-2-ca"],"_links":{"self":[{"href":"https:\/\/tucomarca.whitekongsoftware.com\/ca\/wp-json\/wp\/v2\/posts\/281756","targetHints":{"allow":["GET"]}}],"collection":[{"href":"https:\/\/tucomarca.whitekongsoftware.com\/ca\/wp-json\/wp\/v2\/posts"}],"about":[{"href":"https:\/\/tucomarca.whitekongsoftware.com\/ca\/wp-json\/wp\/v2\/types\/post"}],"author":[{"embeddable":true,"href":"https:\/\/tucomarca.whitekongsoftware.com\/ca\/wp-json\/wp\/v2\/users\/12"}],"replies":[{"embeddable":true,"href":"https:\/\/tucomarca.whitekongsoftware.com\/ca\/wp-json\/wp\/v2\/comments?post=281756"}],"version-history":[{"count":0,"href":"https:\/\/tucomarca.whitekongsoftware.com\/ca\/wp-json\/wp\/v2\/posts\/281756\/revisions"}],"wp:featuredmedia":[{"embeddable":true,"href":"https:\/\/tucomarca.whitekongsoftware.com\/ca\/wp-json\/wp\/v2\/media\/281755"}],"wp:attachment":[{"href":"https:\/\/tucomarca.whitekongsoftware.com\/ca\/wp-json\/wp\/v2\/media?parent=281756"}],"wp:term":[{"taxonomy":"category","embeddable":true,"href":"https:\/\/tucomarca.whitekongsoftware.com\/ca\/wp-json\/wp\/v2\/categories?post=281756"},{"taxonomy":"post_tag","embeddable":true,"href":"https:\/\/tucomarca.whitekongsoftware.com\/ca\/wp-json\/wp\/v2\/tags?post=281756"}],"curies":[{"name":"wp","href":"https:\/\/api.w.org\/{rel}","templated":true}]}}