{"id":281608,"date":"2025-11-12T12:00:00","date_gmt":"2025-11-12T11:00:00","guid":{"rendered":"https:\/\/www.tucomarca.com\/wordpress\/segunda\/?p=281608"},"modified":"2025-11-12T07:44:47","modified_gmt":"2025-11-12T06:44:47","slug":"dos-aigues-celebra-aquest-dissabte-la-ix-fira-gastronomica-i-artesanal","status":"publish","type":"post","link":"https:\/\/tucomarca.whitekongsoftware.com\/ca\/dos-aigues-celebra-aquest-dissabte-la-ix-fira-gastronomica-i-artesanal\/","title":{"rendered":"Dos Aguas celebra aquest diumenge la seua IX Fira Gastron\u00f2mica i Artesanal despr\u00e9s de ser cancel\u00b7lada a l&#8217;octubre per la pluja"},"content":{"rendered":"\n<figure class=\"wp-block-image size-large\"><img loading=\"lazy\" decoding=\"async\" width=\"1024\" height=\"691\" src=\"http:\/\/www.tucomarca.com\/wordpress\/segunda\/wp-content\/uploads\/2025\/10\/DosAguasFeria-1024x691.jpg\" alt=\"\" class=\"wp-image-281607\" srcset=\"https:\/\/tucomarca.whitekongsoftware.com\/wp-content\/uploads\/2025\/10\/DosAguasFeria-1024x691.jpg 1024w, https:\/\/tucomarca.whitekongsoftware.com\/wp-content\/uploads\/2025\/10\/DosAguasFeria-300x202.jpg 300w, https:\/\/tucomarca.whitekongsoftware.com\/wp-content\/uploads\/2025\/10\/DosAguasFeria-768x518.jpg 768w, https:\/\/tucomarca.whitekongsoftware.com\/wp-content\/uploads\/2025\/10\/DosAguasFeria.jpg 1181w\" sizes=\"auto, (max-width: 1024px) 100vw, 1024px\" \/><\/figure>\n\n\n\n<p class=\"wp-block-paragraph\">El municipi de Dos Aguas acull aquest diumenge, 16 de novembre, la seua IX Fira Gastron\u00f2mica i Artesanal, despr\u00e9s de ser cancel\u00b7lada el passat 12 d&#8217;octubre pel temporal de pluges, una cita ja consolidada, en el calendari local que combina tradici\u00f3, sabor i cultura popular.<\/p>\n\n\n\n<p class=\"wp-block-paragraph\">Organitzada per l\u2019Ajuntament de Dos Aguas amb la col\u00b7laboraci\u00f3 de la Diputaci\u00f3 de Val\u00e8ncia i el SARC (Servei d\u2019Assist\u00e8ncia i Recursos Culturals), la fira oferir\u00e0 una \u00e0mplia varietat de productes gastron\u00f2mics i artesanals, a m\u00e9s d\u2019activitats per a totes les edats.<\/p>\n\n\n\n<p class=\"wp-block-paragraph\">En l\u2019apartat gastron\u00f2mic, els visitants podran gaudir de pa, coques t\u00edpiques, dol\u00e7os, embotits, formatges artesanals, mel, adobats, oli d\u2019oliva, d\u00e0tils, figues, garapinyats o els tradicionals Miguelitos de La Roda. Tamb\u00e9 es podran degustar <strong>bunyols i xocolate<\/strong>, la recaptaci\u00f3 dels quals es destinar\u00e0 a l\u2019Associaci\u00f3 Espanyola Contra el C\u00e0ncer (AECC).<\/p>\n\n\n\n<p class=\"wp-block-paragraph\">L\u2019espai d\u2019artesania reunir\u00e0 propostes de bijuteria, cer\u00e0mica, llibres, espelmes, brodats, decoraci\u00f3, atrapa somnis, bosses i complements, entre altres productes elaborats de manera artesanal.<\/p>\n\n\n\n<p class=\"wp-block-paragraph\">La jornada inclour\u00e0 nombroses activitats, entre les quals destaquen els passejos a cavall i en carro, tallers infantils, una exhibici\u00f3 de falconeria, un photocall, aix\u00ed com la participaci\u00f3 de La Llar de Noa amb el seu taller de decoraci\u00f3 de m\u00e0scares. A m\u00e9s, hi haur\u00e0 una Fireta Antiga amb globofl\u00e8xia i cot\u00f3 de sucre, i un espectacle de m\u00e0gia a c\u00e0rrec de <em>Markus Magic Show<\/em> a les 17:00 hores a l\u2019edifici multi\u00fas.<\/p>\n\n\n\n<p class=\"wp-block-paragraph\">El toc final el posar\u00e0 el grup de gegants i cabuts de Benet\u00fasser, que recorrer\u00e0 l\u2019avinguda Marqu\u00e9s de Dos Aguas a partir de les 18:00 hores.<\/p>\n\n\n\n<p class=\"wp-block-paragraph\">Una jornada festiva en qu\u00e8 el municipi de Dos Aig\u00fces tornar\u00e0 a convertir-se en punt de trobada per a ve\u00efns i visitants que vulguen gaudir de la gastronomia, l\u2019artesania i la cultura local en un ambient familiar i acollidor.<\/p>\n","protected":false},"excerpt":{"rendered":"<div class=\"mh-excerpt\">El municipi de Dos Aguas acull aquest diumenge, 16 de novembre, la seua IX Fira Gastron\u00f2mica i Artesanal, despr\u00e9s de ser cancel\u00b7lada el passat 12 d&#8217;octubre pel temporal de pluges, una cita ja consolidada, en <a class=\"mh-excerpt-more\" href=\"https:\/\/tucomarca.whitekongsoftware.com\/ca\/dos-aigues-celebra-aquest-dissabte-la-ix-fira-gastronomica-i-artesanal\/\" title=\"Dos Aguas celebra aquest diumenge la seua IX Fira Gastron\u00f2mica i Artesanal despr\u00e9s de ser cancel\u00b7lada a l&#8217;octubre per la pluja\">[+] <\/a><\/div>\n","protected":false},"author":12,"featured_media":285123,"comment_status":"open","ping_status":"open","sticky":false,"template":"","format":"standard","meta":{"footnotes":""},"categories":[11019,10976,10898,10894,10912,11007,10896],"tags":[11132,23149,10914],"class_list":["post-281608","post","type-post","status-publish","format-standard","has-post-thumbnail","category-agenda-ca","category-dos-aguas-ca","category-ventana-ca","category-la-comarca-ca","category-la-hoya-ca","category-ocio-y-cultura-ca","category-seccion-ca","tag-dos-aguas","tag-ix-feria-gastronomica-y-artesanal-ca","tag-la-hoya-de-bunol-chiva-ca"],"_links":{"self":[{"href":"https:\/\/tucomarca.whitekongsoftware.com\/ca\/wp-json\/wp\/v2\/posts\/281608","targetHints":{"allow":["GET"]}}],"collection":[{"href":"https:\/\/tucomarca.whitekongsoftware.com\/ca\/wp-json\/wp\/v2\/posts"}],"about":[{"href":"https:\/\/tucomarca.whitekongsoftware.com\/ca\/wp-json\/wp\/v2\/types\/post"}],"author":[{"embeddable":true,"href":"https:\/\/tucomarca.whitekongsoftware.com\/ca\/wp-json\/wp\/v2\/users\/12"}],"replies":[{"embeddable":true,"href":"https:\/\/tucomarca.whitekongsoftware.com\/ca\/wp-json\/wp\/v2\/comments?post=281608"}],"version-history":[{"count":0,"href":"https:\/\/tucomarca.whitekongsoftware.com\/ca\/wp-json\/wp\/v2\/posts\/281608\/revisions"}],"wp:featuredmedia":[{"embeddable":true,"href":"https:\/\/tucomarca.whitekongsoftware.com\/ca\/wp-json\/wp\/v2\/media\/285123"}],"wp:attachment":[{"href":"https:\/\/tucomarca.whitekongsoftware.com\/ca\/wp-json\/wp\/v2\/media?parent=281608"}],"wp:term":[{"taxonomy":"category","embeddable":true,"href":"https:\/\/tucomarca.whitekongsoftware.com\/ca\/wp-json\/wp\/v2\/categories?post=281608"},{"taxonomy":"post_tag","embeddable":true,"href":"https:\/\/tucomarca.whitekongsoftware.com\/ca\/wp-json\/wp\/v2\/tags?post=281608"}],"curies":[{"name":"wp","href":"https:\/\/api.w.org\/{rel}","templated":true}]}}