{"id":281545,"date":"2025-10-06T17:00:00","date_gmt":"2025-10-06T15:00:00","guid":{"rendered":"https:\/\/www.tucomarca.com\/wordpress\/segunda\/?p=281545"},"modified":"2025-10-06T19:03:24","modified_gmt":"2025-10-06T17:03:24","slug":"la-generalitat-soste-que-el-govern-central-ha-fracassat-amb-el-seu-pla-de-reposicio-de-vehicles-afectats-per-la-dana-al-no-haver-esgotat-ni-la-meitat-del-pressupost-previst","status":"publish","type":"post","link":"https:\/\/tucomarca.whitekongsoftware.com\/ca\/la-generalitat-soste-que-el-govern-central-ha-fracassat-amb-el-seu-pla-de-reposicio-de-vehicles-afectats-per-la-dana-al-no-haver-esgotat-ni-la-meitat-del-pressupost-previst\/","title":{"rendered":"La Generalitat sost\u00e9 que el Govern central &#8220;ha fracassat amb el seu pla de reposici\u00f3 de vehicles afectats per la DANA al no haver esgotat ni la meitat del pressupost previst&#8221;"},"content":{"rendered":"\n<h3 class=\"wp-block-heading\">La consellera d&#8217;Ind\u00fastria recorda que la dotaci\u00f3 del Ministeri era de 465 milions i solo s&#8217;han presentat sol\u00b7licituds per a cobrir un 42% d&#8217;aquesta quantitat.<\/h3>\n\n\n\n<h3 class=\"wp-block-heading\">Mari\u00e1n Cano destaca que el Govern \u201ctampoc ha exonerat del pagament d&#8217;impostos en la compra dels vehicles a les persones afectades, fent caixa a m\u00e9s amb el fracassat pla\u201d.<\/h3>\n\n\n\n<h3 class=\"wp-block-heading\">Les ajudes pagades per la Generalitat per la p\u00e8rdua de vehicles en la riuada \u2014sense tr\u00e0mits, ni impostos ni burocr\u00e0cia\u2014 aconsegueixen els 320 milions i ja han beneficiat a 81.760 fam\u00edlies i empreses valencianes.<\/h3>\n\n\n\n<p class=\"wp-block-paragraph\">La consellera d&#8217;Innovaci\u00f3, Ind\u00fastria, Comer\u00e7 i Turisme, Mari\u00e1n Cano, ha manifestat que la visita del ministre d&#8217;Ind\u00fastria i Turisme, Jordi Hereu, aquest dilluns a un concessionari de Sedav\u00ed \u201cconstata el frac\u00e0s del Pla Renicia Acte+ del Govern d&#8217;Espanya\u201d, en recon\u00e9ixer \u201c que l&#8217;import abonat hui dia, i malgrat haver ampliat el termini de sol\u00b7licitud fins al 31 d&#8217;octubre, a penes aconsegueix els 196,5 milions d&#8217;euros. \u00c9s a dir, ni la meitat del que es preveu\u201d, ha explicat Marian Cano.<\/p>\n\n\n\n<p class=\"wp-block-paragraph\">La consellera ha recordat que el 28 de novembre de 2024 el Govern de Pedro S\u00e1nchez va aprovar una dotaci\u00f3 de 465 milions d&#8217;euros en ajudes per al Pla Renicia Acte+, ajudes condicionades a l&#8217;adquisici\u00f3 a Espanya de vehicles (turismes, furgonetes o camions lleugers i motos) que substitu\u00efren als vehicles assegurats sinistrats pels efectes de riuada del 29 d&#8217;octubre de 2024.<\/p>\n\n\n\n<p class=\"wp-block-paragraph\">Els requisits d&#8217;aquesta convocat\u00f2ria \u201cno sols obligaven a la compra d&#8217;un nou vehicle, sin\u00f3 tamb\u00e9 a un cert tipus\u201d, alguna cosa que s&#8217;ha vist reflectit en el nombre de sol\u00b7licituds (39.310 ajudes concedides de 41.088 sol\u00b7licituds registrades) i en l&#8217;import total abonat (196,5 milions de 465 milions, un 42,2%). \u201c\u00c9s a dir, ha sigut un estrepit\u00f3s frac\u00e0s, tal com ja hav\u00edem anticipat des del Govern valenci\u00e0\u201d, ha agregat Marian Cano<\/p>\n\n\n\n<p class=\"wp-block-paragraph\">Aix\u00ed, \u201cel ministre ha ratificat hui a Val\u00e8ncia la dada assegurant que ja s&#8217;han pagat m\u00e9s de 38.000 sol\u00b7licituds del Pla Reinicia Acte+ per prop de 200 milions d&#8217;euros\u201d, ha continuat la titular auton\u00f2mica d&#8217;Ind\u00fastria. \u201cEn contraposici\u00f3, la Generalitat Valenciana va posar en marxa una convocat\u00f2ria d&#8217;ajudes per la p\u00e8rdua de vehicle per a persones f\u00edsiques i persones jur\u00eddiques, per a tota mena de vehicles, sense condicionar-ho a la compra de nous vehicles i sense impostos. I, a m\u00e9s, en una segona convocat\u00f2ria, va duplicar les quanties\u201d.<\/p>\n\n\n\n<p class=\"wp-block-paragraph\">El nombre total de beneficiaris de totes les ajudes de la Generalitat per p\u00e8rdua de vehicles \u00e9s de 85.692 i ja s&#8217;han abonat 320 milions d&#8217;euros. Del total de beneficiaris, 81.760 ja han rebut l&#8217;\u00faltima ampliaci\u00f3 anunciada sense tr\u00e0mits addicionals.<\/p>\n\n\n\n<p class=\"wp-block-paragraph\"><strong>Impostos<\/strong><\/p>\n\n\n\n<p class=\"wp-block-paragraph\">En el cap\u00edtol d&#8217;ajudes per a la compra de vehicles, \u201cel Govern es nega a exonerar o aplicar un tipus d&#8217;IVA 0, amb car\u00e0cter retroactiu, en la compra de cotxes adquirits per propietaris que han perdut el seu vehicle a conseq\u00fc\u00e8ncia de la Dana\u201d, ha afegit Cano. \u201cPer aix\u00f2, l&#8217;ajuda que reba una persona que ha perdut el seu cotxe a conseq\u00fc\u00e8ncia de la Dana, \u00e9s igual o menor fins i tot que l&#8217;IVA associat al preu del vehicle. L&#8217;Executiu no vol perdonar eixe IVA als afectats que van perdre el seu cotxe i est\u00e0 fent caixa amb la trag\u00e8dia\u201d.<\/p>\n\n\n\n<p class=\"wp-block-paragraph\">A m\u00e9s, \u201cla Generalitat exigeix al Govern d&#8217;Espanya que adopte totes les mesures necess\u00e0ries perqu\u00e8 els titulars de vehicles sinistrats en la riuada del passat octubre que no hagen pogut ser peritados en estar desapareguts puguen conservar les ajudes rebudes\u201d.<\/p>\n\n\n\n<p class=\"wp-block-paragraph\">Per a aix\u00f2, i per a evitar que els centenars de persones afectades puguen veure&#8217;s en la tessitura d&#8217;haver de reembossar l&#8217;ajuda rebuda al no poder acreditar la declaraci\u00f3 de sinistre total dels seus vehicles, ha reclamat a la Direcci\u00f3 General de Tr\u00e0nsit (DGT) \u201chabilitar un procediment extraordinari per a atorgar-los la baixa definitiva\u201d.<\/p>\n","protected":false},"excerpt":{"rendered":"<div class=\"mh-excerpt\">La consellera d&#8217;Ind\u00fastria recorda que la dotaci\u00f3 del Ministeri era de 465 milions i solo s&#8217;han presentat sol\u00b7licituds per a cobrir un 42% d&#8217;aquesta quantitat. Mari\u00e1n Cano destaca que el Govern \u201ctampoc ha exonerat del <a class=\"mh-excerpt-more\" href=\"https:\/\/tucomarca.whitekongsoftware.com\/ca\/la-generalitat-soste-que-el-govern-central-ha-fracassat-amb-el-seu-pla-de-reposicio-de-vehicles-afectats-per-la-dana-al-no-haver-esgotat-ni-la-meitat-del-pressupost-previst\/\" title=\"La Generalitat sost\u00e9 que el Govern central &#8220;ha fracassat amb el seu pla de reposici\u00f3 de vehicles afectats per la DANA al no haver esgotat ni la meitat del pressupost previst&#8221;\">[+] <\/a><\/div>\n","protected":false},"author":1,"featured_media":242942,"comment_status":"open","ping_status":"open","sticky":false,"template":"","format":"standard","meta":{"footnotes":""},"categories":[21466,10898,10948,10894,10904,10903,10947,10896,10897],"tags":[12683,15409,11199,21900],"class_list":["post-281545","post","type-post","status-publish","format-standard","has-post-thumbnail","category-dana-ca","category-ventana-ca","category-infraestructuras-ca","category-la-comarca-ca","category-sin-categorizar-ca","category-medio-ambiente-la-comarca-ca","category-politica","category-seccion-ca","category-sucesos-la-comarca-ca","tag-consell-ca","tag-dana-2-ca","tag-la-comunitat-ca","tag-vehiculos-ca"],"_links":{"self":[{"href":"https:\/\/tucomarca.whitekongsoftware.com\/ca\/wp-json\/wp\/v2\/posts\/281545","targetHints":{"allow":["GET"]}}],"collection":[{"href":"https:\/\/tucomarca.whitekongsoftware.com\/ca\/wp-json\/wp\/v2\/posts"}],"about":[{"href":"https:\/\/tucomarca.whitekongsoftware.com\/ca\/wp-json\/wp\/v2\/types\/post"}],"author":[{"embeddable":true,"href":"https:\/\/tucomarca.whitekongsoftware.com\/ca\/wp-json\/wp\/v2\/users\/1"}],"replies":[{"embeddable":true,"href":"https:\/\/tucomarca.whitekongsoftware.com\/ca\/wp-json\/wp\/v2\/comments?post=281545"}],"version-history":[{"count":0,"href":"https:\/\/tucomarca.whitekongsoftware.com\/ca\/wp-json\/wp\/v2\/posts\/281545\/revisions"}],"wp:featuredmedia":[{"embeddable":true,"href":"https:\/\/tucomarca.whitekongsoftware.com\/ca\/wp-json\/wp\/v2\/media\/242942"}],"wp:attachment":[{"href":"https:\/\/tucomarca.whitekongsoftware.com\/ca\/wp-json\/wp\/v2\/media?parent=281545"}],"wp:term":[{"taxonomy":"category","embeddable":true,"href":"https:\/\/tucomarca.whitekongsoftware.com\/ca\/wp-json\/wp\/v2\/categories?post=281545"},{"taxonomy":"post_tag","embeddable":true,"href":"https:\/\/tucomarca.whitekongsoftware.com\/ca\/wp-json\/wp\/v2\/tags?post=281545"}],"curies":[{"name":"wp","href":"https:\/\/api.w.org\/{rel}","templated":true}]}}