{"id":281526,"date":"2025-10-06T10:50:00","date_gmt":"2025-10-06T08:50:00","guid":{"rendered":"https:\/\/www.tucomarca.com\/wordpress\/segunda\/?p=281526"},"modified":"2025-10-06T21:06:09","modified_gmt":"2025-10-06T19:06:09","slug":"medi-ambient-controla-la-sobreabundancia-de-senglars-en-el-paratge-natural-de-la-murta-despres-de-reduir-un-68-la-seua-poblacio","status":"publish","type":"post","link":"https:\/\/tucomarca.whitekongsoftware.com\/ca\/medi-ambient-controla-la-sobreabundancia-de-senglars-en-el-paratge-natural-de-la-murta-despres-de-reduir-un-68-la-seua-poblacio\/","title":{"rendered":"Medi Ambient controla la sobreabund\u00e0ncia de senglars en el paratge natural de la Murta despr\u00e9s de reduir un 68 % la seua poblaci\u00f3"},"content":{"rendered":"\n<h3 class=\"wp-block-heading\">El secretari auton\u00f2mic de Medi Ambient i Territori assegura que \u201cdespr\u00e9s del diagn\u00f2stic es posaren en marxa mesures de control de la poblaci\u00f3 mitjan\u00e7ant m\u00e8todes de parany homologats\u201d.<\/h3>\n\n\n\n<h3 class=\"wp-block-heading\">La Generalitat mant\u00e9 el seu comprom\u00eds amb la gesti\u00f3 equilibrada de la fauna silvestre i amb la preservaci\u00f3 de la biodiversitat en els espais naturals.<\/h3>\n\n\n\n<p class=\"wp-block-paragraph\">La Generalitat, a trav\u00e9s del <strong>Servei de Ca\u00e7a i Pesca de la Direcci\u00f3 General de Medi Natural i Animal<\/strong>, ha dut a terme durant els dos \u00faltims anys un ampli programa de monitoratge i control de la poblaci\u00f3 de senglar en el <strong>Paratge Natural Municipal de la Murta<\/strong>, on s\u2019ha aconseguit reduir la seua poblaci\u00f3 un 68 %.<\/p>\n\n\n\n<p class=\"wp-block-paragraph\">Com ha destacat el secretari auton\u00f2mic de Medi Ambient i Territori, <strong>Ra\u00fal M\u00e9rida<\/strong>, \u201cera necessari controlar la sobreabund\u00e0ncia de senglar tant en espais d\u2019Alzira tan importants com la Murta i la Casella, perqu\u00e8 afecta no sols l\u2019agricultura, sin\u00f3 tamb\u00e9 altres esp\u00e8cies i, en definitiva, la conservaci\u00f3 de la biodiversitat\u201d.<\/p>\n\n\n\n<p class=\"wp-block-paragraph\">Entre gener i mar\u00e7 de 2024 es va realitzar el primer mostreig de poblaci\u00f3 mitjan\u00e7ant t\u00e8cniques de fotoparany seguint est\u00e0ndards europeus. Els resultats confirmaren un exc\u00e9s de densitat en la zona, amb especial incid\u00e8ncia en l\u2019\u00e0rea de la Murta, on es detectaren fins a 57,6 senglars\/km\u00b2, enfront dels 20,5 senglars\/km\u00b2 de la Casella. Este desequilibri suposava un risc per a la seguretat vi\u00e0ria i els cultius, a m\u00e9s d\u2019un impacte negatiu en l\u2019ecosistema.<\/p>\n\n\n\n<p class=\"wp-block-paragraph\">\u201cDespr\u00e9s del diagn\u00f2stic, es posaren en marxa mesures de control directe de la poblaci\u00f3 mitjan\u00e7ant m\u00e8todes de parany homologats\u201d, ha explicat M\u00e9rida. Aix\u00ed, les actuacions es desenvoluparen des de juny en un total de 25 ubicacions, amb <strong>194 senglars capturats<\/strong> (94 al Refugi de la Murta i 100 en la seua zona d\u2019influ\u00e8ncia).<\/p>\n\n\n\n<p class=\"wp-block-paragraph\">Estes mesures han confirmat una reducci\u00f3 de densitat de fins al 68 % a la Murta i del 35 % a la Casella. Actualment est\u00e0 en curs un tercer mostreig (tardor de 2025), que permetr\u00e0 avaluar l\u2019impacte global.<\/p>\n\n\n\n<p class=\"wp-block-paragraph\">D\u2019esta manera, \u201cels treballs de monitoratge constaten l\u2019efic\u00e0cia de les mesures posades en marxa per la Conselleria i s\u2019evidencia que s\u2019ha pogut aconseguir un cert equilibri\u201d, ha concl\u00f2s el secretari auton\u00f2mic de Medi Ambient.<\/p>\n\n\n\n<p class=\"wp-block-paragraph\">La Generalitat mant\u00e9 el seu comprom\u00eds amb la gesti\u00f3 equilibrada de la fauna silvestre i amb la preservaci\u00f3 de la biodiversitat en els espais naturals valencians, garantint la seguretat ciutadana i la conviv\u00e8ncia sostenible entre la fauna i les activitats humanes.<\/p>\n","protected":false},"excerpt":{"rendered":"<div class=\"mh-excerpt\">El secretari auton\u00f2mic de Medi Ambient i Territori assegura que \u201cdespr\u00e9s del diagn\u00f2stic es posaren en marxa mesures de control de la poblaci\u00f3 mitjan\u00e7ant m\u00e8todes de parany homologats\u201d. La Generalitat mant\u00e9 el seu comprom\u00eds amb <a class=\"mh-excerpt-more\" href=\"https:\/\/tucomarca.whitekongsoftware.com\/ca\/medi-ambient-controla-la-sobreabundancia-de-senglars-en-el-paratge-natural-de-la-murta-despres-de-reduir-un-68-la-seua-poblacio\/\" title=\"Medi Ambient controla la sobreabund\u00e0ncia de senglars en el paratge natural de la Murta despr\u00e9s de reduir un 68 % la seua poblaci\u00f3\">[+] <\/a><\/div>\n","protected":false},"author":12,"featured_media":281525,"comment_status":"open","ping_status":"open","sticky":false,"template":"","format":"standard","meta":{"footnotes":""},"categories":[10889,10898,10948,10894,10902,10903,10947,10896,10897],"tags":[11192,19439,23145,11356],"class_list":["post-281526","post","type-post","status-publish","format-standard","has-post-thumbnail","category-alzira-cat","category-ventana-ca","category-infraestructuras-ca","category-la-comarca-ca","category-la-ribera-ca","category-medio-ambiente-la-comarca-ca","category-politica","category-seccion-ca","category-sucesos-la-comarca-ca","tag-alzira-ca","tag-jabalies-ca","tag-parc-natural-de-la-murta-ca","tag-ribera-alta-ca"],"_links":{"self":[{"href":"https:\/\/tucomarca.whitekongsoftware.com\/ca\/wp-json\/wp\/v2\/posts\/281526","targetHints":{"allow":["GET"]}}],"collection":[{"href":"https:\/\/tucomarca.whitekongsoftware.com\/ca\/wp-json\/wp\/v2\/posts"}],"about":[{"href":"https:\/\/tucomarca.whitekongsoftware.com\/ca\/wp-json\/wp\/v2\/types\/post"}],"author":[{"embeddable":true,"href":"https:\/\/tucomarca.whitekongsoftware.com\/ca\/wp-json\/wp\/v2\/users\/12"}],"replies":[{"embeddable":true,"href":"https:\/\/tucomarca.whitekongsoftware.com\/ca\/wp-json\/wp\/v2\/comments?post=281526"}],"version-history":[{"count":0,"href":"https:\/\/tucomarca.whitekongsoftware.com\/ca\/wp-json\/wp\/v2\/posts\/281526\/revisions"}],"wp:featuredmedia":[{"embeddable":true,"href":"https:\/\/tucomarca.whitekongsoftware.com\/ca\/wp-json\/wp\/v2\/media\/281525"}],"wp:attachment":[{"href":"https:\/\/tucomarca.whitekongsoftware.com\/ca\/wp-json\/wp\/v2\/media?parent=281526"}],"wp:term":[{"taxonomy":"category","embeddable":true,"href":"https:\/\/tucomarca.whitekongsoftware.com\/ca\/wp-json\/wp\/v2\/categories?post=281526"},{"taxonomy":"post_tag","embeddable":true,"href":"https:\/\/tucomarca.whitekongsoftware.com\/ca\/wp-json\/wp\/v2\/tags?post=281526"}],"curies":[{"name":"wp","href":"https:\/\/api.w.org\/{rel}","templated":true}]}}