{"id":281436,"date":"2025-10-03T09:30:00","date_gmt":"2025-10-03T07:30:00","guid":{"rendered":"https:\/\/www.tucomarca.com\/wordpress\/segunda\/?p=281436"},"modified":"2025-10-03T18:11:57","modified_gmt":"2025-10-03T16:11:57","slug":"el-centre-de-divulgacio-cientifica-i-ambiental-big-history-daras-de-los-olmos-sincorpora-a-lassociacio-de-museus-de-ciencia-i-tecnologia-amucyt","status":"publish","type":"post","link":"https:\/\/tucomarca.whitekongsoftware.com\/ca\/el-centre-de-divulgacio-cientifica-i-ambiental-big-history-daras-de-los-olmos-sincorpora-a-lassociacio-de-museus-de-ciencia-i-tecnologia-amucyt\/","title":{"rendered":"El Centre de divulgaci\u00f3 cient\u00edfica i ambiental Big History d&#8217;Aras de los Olmos s&#8217;incorpora a l&#8217;Associaci\u00f3 de Museus de Ci\u00e8ncia i Tecnologia AMUCYT"},"content":{"rendered":"\n<p class=\"wp-block-paragraph\">El Centre d&#8217;Interpretaci\u00f3&nbsp;Big History, d&#8217;Aras de los Olmos, ha formalitzat la seua integraci\u00f3 com a nou membre de l&#8217;Associaci\u00f3&nbsp; de Museus i Centres de Ci\u00e8ncia i T\u00e8cnica (AMUCYT), en el marc de l&#8217;assemblea d&#8217;aquest organisme que se celebra aquest divendres a la Ciutat de les Arts i les Ci\u00e8ncies de Val\u00e8ncia.<br>La incorporaci\u00f3 del Big History a aquesta associaci\u00f3 en paraules de professor Joaqu\u00edn Mart\u00edn Cubas (director del Centre Big History) ; \u201csuposa un important reconeixement al treball que des d&#8217;Aras de los Olmos es realitza en favor de la divulgaci\u00f3 cient\u00edfica, la preservaci\u00f3 del patrimoni mediambiental i la promoci\u00f3 cultural\u201d.<br>L&#8217;adhesi\u00f3 es produeix en un context de gran rellev\u00e0ncia, compartint espai amb institucions de refer\u00e8ncia com el Museu de la Ci\u00e8ncia i el Cosmos de Tenerife, el Parc de les Ci\u00e8ncies de Granada o el Museu dels Ci\u00e8ncies Pr\u00edncep Felip de Val\u00e8ncia. Formar part d&#8217;aquesta xarxa situa al Big History en un nivell de cooperaci\u00f3 amb alguns dels centres de divulgaci\u00f3 m\u00e9s destacats del pa\u00eds, obrint noves oportunitats de col\u00b7laboraci\u00f3, intercanvi de coneixement i projectes conjunts.<br>Per a un centre d&#8217;interpretaci\u00f3 radicat en un xicotet municipi com Aras de los Olmos, la incorporaci\u00f3 a AMUCYT representa un impuls decisiu que refor\u00e7a la projecci\u00f3 del propi centre i, al mateix temps, la visibilitat del territori.<br>La participaci\u00f3 en AMUCYT permetr\u00e0 al Big History estr\u00e9nyer encara m\u00e9s lla\u00e7os amb administracions i universitats, afermar convenis de col\u00b7laboraci\u00f3 que garantisquen la qualitat de les activitats i refor\u00e7ar la promoci\u00f3 de visites al municipi en el marc d&#8217;un turisme responsable.<br>La XXV Trobada AMUCYTE en el qual s&#8217;ha realitzat aquesta incorporaci\u00f3, convida a professionals i p\u00fablic general a mirar cap al futur dels museus de ci\u00e8ncia, compartint experi\u00e8ncies i obrint nous camins per a acostar la ci\u00e8ncia a la societat. Amb aquesta iniciativa, la Ciutat de les Arts i les Ci\u00e8ncies reafirma el seu paper com a referent en divulgaci\u00f3 cient\u00edfica i celebra el seu aniversari obrint fronteres cap a un futur m\u00e9s col\u00b7laboratiu i innovador en l&#8217;\u00e0mbit dels museus de ci\u00e8ncia.<\/p>\n","protected":false},"excerpt":{"rendered":"<div class=\"mh-excerpt\">El Centre d&#8217;Interpretaci\u00f3&nbsp;Big History, d&#8217;Aras de los Olmos, ha formalitzat la seua integraci\u00f3 com a nou membre de l&#8217;Associaci\u00f3&nbsp; de Museus i Centres de Ci\u00e8ncia i T\u00e8cnica (AMUCYT), en el marc de l&#8217;assemblea d&#8217;aquest organisme <a class=\"mh-excerpt-more\" href=\"https:\/\/tucomarca.whitekongsoftware.com\/ca\/el-centre-de-divulgacio-cientifica-i-ambiental-big-history-daras-de-los-olmos-sincorpora-a-lassociacio-de-museus-de-ciencia-i-tecnologia-amucyt\/\" title=\"El Centre de divulgaci\u00f3 cient\u00edfica i ambiental Big History d&#8217;Aras de los Olmos s&#8217;incorpora a l&#8217;Associaci\u00f3 de Museus de Ci\u00e8ncia i Tecnologia AMUCYT\">[+] <\/a><\/div>\n","protected":false},"author":12,"featured_media":246826,"comment_status":"open","ping_status":"open","sticky":false,"template":"","format":"standard","meta":{"footnotes":""},"categories":[11042,11046,10948,10894,11007,10947,10896],"tags":[23135,23136,11080],"class_list":["post-281436","post","type-post","status-publish","format-standard","has-post-thumbnail","category-aras-de-olmos-ca","category-los-serranos-ca","category-infraestructuras-ca","category-la-comarca-ca","category-ocio-y-cultura-ca","category-politica","category-seccion-ca","tag-amucyt-ca","tag-big-history-de-aras-de-los-olmos-ca","tag-los-serranos-ca"],"_links":{"self":[{"href":"https:\/\/tucomarca.whitekongsoftware.com\/ca\/wp-json\/wp\/v2\/posts\/281436","targetHints":{"allow":["GET"]}}],"collection":[{"href":"https:\/\/tucomarca.whitekongsoftware.com\/ca\/wp-json\/wp\/v2\/posts"}],"about":[{"href":"https:\/\/tucomarca.whitekongsoftware.com\/ca\/wp-json\/wp\/v2\/types\/post"}],"author":[{"embeddable":true,"href":"https:\/\/tucomarca.whitekongsoftware.com\/ca\/wp-json\/wp\/v2\/users\/12"}],"replies":[{"embeddable":true,"href":"https:\/\/tucomarca.whitekongsoftware.com\/ca\/wp-json\/wp\/v2\/comments?post=281436"}],"version-history":[{"count":0,"href":"https:\/\/tucomarca.whitekongsoftware.com\/ca\/wp-json\/wp\/v2\/posts\/281436\/revisions"}],"wp:featuredmedia":[{"embeddable":true,"href":"https:\/\/tucomarca.whitekongsoftware.com\/ca\/wp-json\/wp\/v2\/media\/246826"}],"wp:attachment":[{"href":"https:\/\/tucomarca.whitekongsoftware.com\/ca\/wp-json\/wp\/v2\/media?parent=281436"}],"wp:term":[{"taxonomy":"category","embeddable":true,"href":"https:\/\/tucomarca.whitekongsoftware.com\/ca\/wp-json\/wp\/v2\/categories?post=281436"},{"taxonomy":"post_tag","embeddable":true,"href":"https:\/\/tucomarca.whitekongsoftware.com\/ca\/wp-json\/wp\/v2\/tags?post=281436"}],"curies":[{"name":"wp","href":"https:\/\/api.w.org\/{rel}","templated":true}]}}