{"id":281355,"date":"2025-10-02T12:15:00","date_gmt":"2025-10-02T10:15:00","guid":{"rendered":"https:\/\/www.tucomarca.com\/wordpress\/segunda\/?p=281355"},"modified":"2025-10-02T19:21:26","modified_gmt":"2025-10-02T17:21:26","slug":"la-seu-de-la-mancomunidad-interior-tierra-del-vino-acull-la-primera-taula-de-treball-del-pla-daccio-territorial-per-a-la-proteccio-del-paisatge-vitivinicola-dutiel-requena","status":"publish","type":"post","link":"https:\/\/tucomarca.whitekongsoftware.com\/ca\/la-seu-de-la-mancomunidad-interior-tierra-del-vino-acull-la-primera-taula-de-treball-del-pla-daccio-territorial-per-a-la-proteccio-del-paisatge-vitivinicola-dutiel-requena\/","title":{"rendered":"La seu de la Mancomunidad Interior Tierra del Vino acull la primera taula de treball del Pla d\u2019Acci\u00f3 Territorial per a la protecci\u00f3 del paisatge vitivin\u00edcola d\u2019Utiel-Requena"},"content":{"rendered":"\n<p class=\"wp-block-paragraph\">Aquesta taula forma part del proc\u00e9s participatiu per a la redacci\u00f3 d\u2019este Pla que pret\u00e9n la preservaci\u00f3 del paisatge vitivin\u00edcola de la zona d\u2019influ\u00e8ncia de la Denominaci\u00f3n de Origen Utiel-Requena.<\/p>\n\n\n\n<p class=\"wp-block-paragraph\">La seu de la <strong>Mancomunidad del Interior Tierra del Vino (MITV)<\/strong> ha sigut el punt de trobada per a la celebraci\u00f3 de la primera taula de treball i participaci\u00f3 sobre el desenvolupament del <strong>Pla d\u2019Acci\u00f3 Territorial dels paisatges culturals del Vi Utiel-Requena (PAT)<\/strong>.<\/p>\n\n\n\n<p class=\"wp-block-paragraph\">Per a aquesta trobada han sigut convidats els agents de refer\u00e8ncia del territori, des d\u2019ajuntaments, a representants d\u2019associacions, passant per representants d\u2019altres entitats, aix\u00ed com personalitats destacades.<\/p>\n\n\n\n<p class=\"wp-block-paragraph\">Durant la jornada s\u2019ha pogut establir, proposar i desenvolupar els primers diagn\u00f2stics d\u2019estat i els mecanismes que permeten preservar els valors paisatg\u00edstics de la comarca sense comprometre el seu desenvolupament social i econ\u00f2mic.<\/p>\n\n\n\n<p class=\"wp-block-paragraph\">Aquesta taula forma part d\u2019un proc\u00e9s participatiu, que tamb\u00e9 comptar\u00e0 amb trobades sectorials amb els ajuntaments implicats (<strong>Camporrobles, Caudete de las Fuentes, Fuenterrobles, Requena, Sinarcas, Utiel, Venta del Moro, Villargordo del Cabriel i Siete Aguas<\/strong>), aix\u00ed com dels propis llauradors, entitats del sector vitivin\u00edcola i agents socials del territori.<\/p>\n\n\n\n<figure class=\"wp-block-image size-large\"><img loading=\"lazy\" decoding=\"async\" width=\"1024\" height=\"576\" src=\"http:\/\/www.tucomarca.com\/wordpress\/segunda\/wp-content\/uploads\/2025\/10\/MITVMesa-TrabajoPaisajesAgrarios-1024x576.jpg\" alt=\"\" class=\"wp-image-281350\" srcset=\"https:\/\/tucomarca.whitekongsoftware.com\/wp-content\/uploads\/2025\/10\/MITVMesa-TrabajoPaisajesAgrarios-1024x576.jpg 1024w, https:\/\/tucomarca.whitekongsoftware.com\/wp-content\/uploads\/2025\/10\/MITVMesa-TrabajoPaisajesAgrarios-300x169.jpg 300w, https:\/\/tucomarca.whitekongsoftware.com\/wp-content\/uploads\/2025\/10\/MITVMesa-TrabajoPaisajesAgrarios-768x432.jpg 768w, https:\/\/tucomarca.whitekongsoftware.com\/wp-content\/uploads\/2025\/10\/MITVMesa-TrabajoPaisajesAgrarios-678x381.jpg 678w, https:\/\/tucomarca.whitekongsoftware.com\/wp-content\/uploads\/2025\/10\/MITVMesa-TrabajoPaisajesAgrarios.jpg 1400w\" sizes=\"auto, (max-width: 1024px) 100vw, 1024px\" \/><\/figure>\n\n\n\n<p class=\"wp-block-paragraph\"><strong>Un pla per a frenar el deteriorament del paisatge rural<\/strong><\/p>\n\n\n\n<p class=\"wp-block-paragraph\">Este Pla es planteja com una <strong>eina estrat\u00e8gica d\u2019ordenaci\u00f3 territorial<\/strong> l\u2019objectiu principal de la qual \u00e9s frenar el deteriorament dels paisatges agraris culturals vinculats al vinyet i facilitar la seua adaptaci\u00f3 als efectes del canvi clim\u00e0tic.<\/p>\n\n\n\n<p class=\"wp-block-paragraph\">En aquest sentit, el PAT busca <strong>identificar i preservar els espais i elements de major valor paisatg\u00edstic, regulant els usos i activitats<\/strong> per a garantir la seua compatibilitat amb els valors culturals, agr\u00edcoles i ambientals que estructuren estos paisatges.<\/p>\n\n\n\n<p class=\"wp-block-paragraph\">La iniciativa respon a les m\u00faltiples amenaces que patixen aquests paisatges: l\u2019aband\u00f3 de cultius, l\u2019envelliment de la poblaci\u00f3 agr\u00e0ria, la pressi\u00f3 urban\u00edstica, la implantaci\u00f3 d\u2019infraestructures energ\u00e8tiques i de mobilitat, aix\u00ed com la intensificaci\u00f3 del cultiu agr\u00edcola i l\u2019activitat ramadera, entre altres factors. A aix\u00f2 se sumen els impactes creixents del canvi clim\u00e0tic sobre els cicles productius del vinyet.<\/p>\n\n\n\n<p class=\"wp-block-paragraph\"><strong>Utiel-Requena, un territori vitivin\u00edcola singular<\/strong><\/p>\n\n\n\n<p class=\"wp-block-paragraph\">En el cas concret de la comarca d\u2019<strong>Utiel-Requena<\/strong>, destaca l\u2019elevada densitat i compacitat del cultiu de la vinya, amb aproximadament 40.000 hect\u00e0rees dedicades al vinyet, la qual cosa convertix aquest territori en un <strong>referent dins de la Comunitat Valenciana<\/strong> per la conservaci\u00f3 dels seus paisatges vitivin\u00edcoles tradicionals.<\/p>\n\n\n\n<p class=\"wp-block-paragraph\">Aquests paisatges estan configurats per grans parcel\u00b7les de cultiu sobre suaus ondulacions del terreny, acompanyades per masses forestals que enriquixen el seu car\u00e0cter visual i ecol\u00f2gic.<\/p>\n","protected":false},"excerpt":{"rendered":"<div class=\"mh-excerpt\">Aquesta taula forma part del proc\u00e9s participatiu per a la redacci\u00f3 d\u2019este Pla que pret\u00e9n la preservaci\u00f3 del paisatge vitivin\u00edcola de la zona d\u2019influ\u00e8ncia de la Denominaci\u00f3n de Origen Utiel-Requena. La seu de la Mancomunidad <a class=\"mh-excerpt-more\" href=\"https:\/\/tucomarca.whitekongsoftware.com\/ca\/la-seu-de-la-mancomunidad-interior-tierra-del-vino-acull-la-primera-taula-de-treball-del-pla-daccio-territorial-per-a-la-proteccio-del-paisatge-vitivinicola-dutiel-requena\/\" title=\"La seu de la Mancomunidad Interior Tierra del Vino acull la primera taula de treball del Pla d\u2019Acci\u00f3 Territorial per a la protecci\u00f3 del paisatge vitivin\u00edcola d\u2019Utiel-Requena\">[+] <\/a><\/div>\n","protected":false},"author":12,"featured_media":281353,"comment_status":"open","ping_status":"open","sticky":false,"template":"","format":"standard","meta":{"footnotes":""},"categories":[11031,11006,11032,11055,10948,10894,10912,11007,10947,10908,10909,10896,10979,11058,11059,11060,11061],"tags":[18105,15126,13748,10910],"class_list":["post-281355","post","type-post","status-publish","format-standard","has-post-thumbnail","category-camporrobles-ca","category-canal-vinos","category-caudete-ca","category-fuenterrobles-ca","category-infraestructuras-ca","category-la-comarca-ca","category-la-hoya-ca","category-ocio-y-cultura-ca","category-politica","category-requena-ca","category-requena-utiel-ca","category-seccion-ca","category-siete-aguas-ca","category-sinarcas-ca","category-utiel-ca","category-venta-del-moro-ca","category-villargordo-del-cabriel-ca","tag-mancomunidad-interior-tierra-del-vino-ca","tag-mitv-ca","tag-plan-de-accion-territorial-ca","tag-requena-utiel-ca"],"_links":{"self":[{"href":"https:\/\/tucomarca.whitekongsoftware.com\/ca\/wp-json\/wp\/v2\/posts\/281355","targetHints":{"allow":["GET"]}}],"collection":[{"href":"https:\/\/tucomarca.whitekongsoftware.com\/ca\/wp-json\/wp\/v2\/posts"}],"about":[{"href":"https:\/\/tucomarca.whitekongsoftware.com\/ca\/wp-json\/wp\/v2\/types\/post"}],"author":[{"embeddable":true,"href":"https:\/\/tucomarca.whitekongsoftware.com\/ca\/wp-json\/wp\/v2\/users\/12"}],"replies":[{"embeddable":true,"href":"https:\/\/tucomarca.whitekongsoftware.com\/ca\/wp-json\/wp\/v2\/comments?post=281355"}],"version-history":[{"count":0,"href":"https:\/\/tucomarca.whitekongsoftware.com\/ca\/wp-json\/wp\/v2\/posts\/281355\/revisions"}],"wp:featuredmedia":[{"embeddable":true,"href":"https:\/\/tucomarca.whitekongsoftware.com\/ca\/wp-json\/wp\/v2\/media\/281353"}],"wp:attachment":[{"href":"https:\/\/tucomarca.whitekongsoftware.com\/ca\/wp-json\/wp\/v2\/media?parent=281355"}],"wp:term":[{"taxonomy":"category","embeddable":true,"href":"https:\/\/tucomarca.whitekongsoftware.com\/ca\/wp-json\/wp\/v2\/categories?post=281355"},{"taxonomy":"post_tag","embeddable":true,"href":"https:\/\/tucomarca.whitekongsoftware.com\/ca\/wp-json\/wp\/v2\/tags?post=281355"}],"curies":[{"name":"wp","href":"https:\/\/api.w.org\/{rel}","templated":true}]}}