{"id":281325,"date":"2025-10-01T12:31:00","date_gmt":"2025-10-01T10:31:00","guid":{"rendered":"https:\/\/www.tucomarca.com\/wordpress\/segunda\/?p=281325"},"modified":"2025-10-01T21:59:32","modified_gmt":"2025-10-01T19:59:32","slug":"comenca-la-desena-temporada-de-cineforum-a-xest","status":"publish","type":"post","link":"https:\/\/tucomarca.whitekongsoftware.com\/ca\/comenca-la-desena-temporada-de-cineforum-a-xest\/","title":{"rendered":"Comen\u00e7a la desena temporada de cinef\u00f3rum a Xest"},"content":{"rendered":"\n<p class=\"wp-block-paragraph\">Divendres que ve, 3 d&#8217;octubre, comen\u00e7ar\u00e0 una nova temporada del cinef\u00f3rum de Xest, una activitat gratu\u00efta emmarcada en la programaci\u00f3 cultural municipal que suma ja deu edicions a la seua esquena. Com \u00e9s habitual, les sessions es realitzaran els \u00faltims divendres del mes, excepte en ocasions puntuals en les quals es comunicar\u00e0 amb antelaci\u00f3, com en el cas d&#8217;aquesta primera sessi\u00f3. L&#8217;horari ser\u00e0 el mateix, a les 19.00 a la sala polivalent de la biblioteca, des de setembre fins a maig.<\/p>\n\n\n\n<p class=\"wp-block-paragraph\">La din\u00e0mica que seguir\u00e0 el cinef\u00f3rum continua en les mateixa condicions. La coordinadora de l&#8217;activitat, Pilar Rosell\u00f3, introduir\u00e0 la pel\u00b7l\u00edcula triada, abordant els aspectes m\u00e9s rellevants de la cinta; donar\u00e0 pas a la projecci\u00f3 i, despr\u00e9s, proposar\u00e0 a les i els assistents participar en un col\u00b7loqui sobre les tem\u00e0tiques abordades en el film.<\/p>\n\n\n\n<p class=\"wp-block-paragraph\">Un any m\u00e9s, la programaci\u00f3 seleccionada per a aquesta nova temporada contempla t\u00edtols de diferents estils i tem\u00e0tiques, tenint com a premissa que siguen un punt de partida per a la reflexi\u00f3.<br>Divendres que ve s&#8217;inaugurar\u00e0 el cicle amb la projecci\u00f3 de Radical, una pel\u00b7l\u00edcula que la narra la hist\u00f2ria d&#8217;un mestre revolucionari en una escola marginal de la corrupta ciutat mexicana de Matamoros. El film dirigit per Christopher Zalla, aborda q\u00fcestions sobre com un canvi en l&#8217;enfocament educatiu pot canviar les vides dels i les estudiants, tem\u00e0tica que s&#8217;abordar\u00e0 en el col\u00b7loqui posterior i la reflexi\u00f3 grupal.<br>El cinef\u00f3rum continuar\u00e0 amb la passada de Jo, capit\u00e0, el 31 d&#8217;octubre; La doctora de Brest, programada per al 28 de novembre; Carol, el 26 de desembre; El primer dia de la meua vida, el 30 de gener de 2026; The Florida Project, el 27 de febrer; Mar\u00eda Montessori, el 27 de mar\u00e7; L&#8217;esdeveniment, el 24 d&#8217;abril, i L&#8217;\u00faltima pel\u00b7l\u00edcula, que tancar\u00e0 el cicle el 29 de maig.<\/p>\n","protected":false},"excerpt":{"rendered":"<div class=\"mh-excerpt\">Divendres que ve, 3 d&#8217;octubre, comen\u00e7ar\u00e0 una nova temporada del cinef\u00f3rum de Xest, una activitat gratu\u00efta emmarcada en la programaci\u00f3 cultural municipal que suma ja deu edicions a la seua esquena. Com \u00e9s habitual, les <a class=\"mh-excerpt-more\" href=\"https:\/\/tucomarca.whitekongsoftware.com\/ca\/comenca-la-desena-temporada-de-cineforum-a-xest\/\" title=\"Comen\u00e7a la desena temporada de cinef\u00f3rum a Xest\">[+] <\/a><\/div>\n","protected":false},"author":12,"featured_media":281324,"comment_status":"open","ping_status":"open","sticky":false,"template":"","format":"standard","meta":{"footnotes":""},"categories":[11019,10894,10912,11007,10896,10974],"tags":[11071,12600,10914],"class_list":["post-281325","post","type-post","status-publish","format-standard","has-post-thumbnail","category-agenda-ca","category-la-comarca-ca","category-la-hoya-ca","category-ocio-y-cultura-ca","category-seccion-ca","category-cheste-ca","tag-cheste","tag-cineforum-ca","tag-la-hoya-de-bunol-chiva-ca"],"_links":{"self":[{"href":"https:\/\/tucomarca.whitekongsoftware.com\/ca\/wp-json\/wp\/v2\/posts\/281325","targetHints":{"allow":["GET"]}}],"collection":[{"href":"https:\/\/tucomarca.whitekongsoftware.com\/ca\/wp-json\/wp\/v2\/posts"}],"about":[{"href":"https:\/\/tucomarca.whitekongsoftware.com\/ca\/wp-json\/wp\/v2\/types\/post"}],"author":[{"embeddable":true,"href":"https:\/\/tucomarca.whitekongsoftware.com\/ca\/wp-json\/wp\/v2\/users\/12"}],"replies":[{"embeddable":true,"href":"https:\/\/tucomarca.whitekongsoftware.com\/ca\/wp-json\/wp\/v2\/comments?post=281325"}],"version-history":[{"count":0,"href":"https:\/\/tucomarca.whitekongsoftware.com\/ca\/wp-json\/wp\/v2\/posts\/281325\/revisions"}],"wp:featuredmedia":[{"embeddable":true,"href":"https:\/\/tucomarca.whitekongsoftware.com\/ca\/wp-json\/wp\/v2\/media\/281324"}],"wp:attachment":[{"href":"https:\/\/tucomarca.whitekongsoftware.com\/ca\/wp-json\/wp\/v2\/media?parent=281325"}],"wp:term":[{"taxonomy":"category","embeddable":true,"href":"https:\/\/tucomarca.whitekongsoftware.com\/ca\/wp-json\/wp\/v2\/categories?post=281325"},{"taxonomy":"post_tag","embeddable":true,"href":"https:\/\/tucomarca.whitekongsoftware.com\/ca\/wp-json\/wp\/v2\/tags?post=281325"}],"curies":[{"name":"wp","href":"https:\/\/api.w.org\/{rel}","templated":true}]}}