{"id":281217,"date":"2025-10-01T12:15:00","date_gmt":"2025-10-01T10:15:00","guid":{"rendered":"https:\/\/www.tucomarca.com\/wordpress\/segunda\/?p=281217"},"modified":"2025-10-01T21:26:33","modified_gmt":"2025-10-01T19:26:33","slug":"la-generalitat-inicia-els-treballs-de-reconstruccio-de-lacces-al-centre-comercial-bonaire-amb-lobjectiu-dobrir-lo-per-a-nadal","status":"publish","type":"post","link":"https:\/\/tucomarca.whitekongsoftware.com\/ca\/la-generalitat-inicia-els-treballs-de-reconstruccio-de-lacces-al-centre-comercial-bonaire-amb-lobjectiu-dobrir-lo-per-a-nadal\/","title":{"rendered":"La Generalitat inicia els treballs de reconstrucci\u00f3 de l&#8217;acc\u00e9s al centre comercial Bonaire amb l&#8217;objectiu d&#8217;obrir-lo per a Nadal"},"content":{"rendered":"\n<h3 class=\"wp-block-heading\">La Generalitat inicia els treballs de reconstrucci\u00f3 de l&#8217;acc\u00e9s al centre comercial Bonaire amb l&#8217;objectiu d&#8217;obrir-lo per a Nadal.<\/h3>\n\n\n\n<h3 class=\"wp-block-heading\">Vicente Mart\u00ednez Mus ha visitat la zona que va resultar greument danyada per les inundacions amb motiu del comen\u00e7ament de les obres.<\/h3>\n\n\n\n<p class=\"wp-block-paragraph\">La Conselleria de Medi Ambient, Infraestructures i Territori invertir\u00e0 1.080.000 euros en aquesta infraestructura municipal despr\u00e9s de sol\u00b7licitar l&#8217;Ajuntament d&#8217;Aldaia que assumira els treballs<br>La Generalitat ha iniciat els treballs de reconstrucci\u00f3 del viari auxiliar i l&#8217;estructura d&#8217;acc\u00e9s al centre comercial Bonaire a Aldaia amb l&#8217;objectiu d&#8217;obrir-lo per a Nadal.<\/p>\n\n\n\n<p class=\"wp-block-paragraph\">Aix\u00ed ho ha confirmat el conseller de Medi Ambient, Infraestructures i Territori, Vicente Mart\u00ednez Mus, que ha visitat, aquest dimecres, la zona juntament amb l&#8217;alcalde d&#8217;Aldaia, Guillermo Luj\u00e1n. L&#8217;Ajuntament va ser conscient dels danys en el pont del vial que travessa el barranc de la Saleta despr\u00e9s de la reobertura del centre comercial i, davant la impossibilitat de fer els treballs amb celeritat, va sol\u00b7licitar a l&#8217;agost a la Generalitat que assumira les obres.<\/p>\n\n\n\n<p class=\"wp-block-paragraph\">D&#8217;aquesta manera, la Conselleria de Medi Ambient, Infraestructures i Territori dur\u00e0 a terme la urgent execuci\u00f3 d&#8217;aquestes obres, que tindran un cost estimat d&#8217;1.080.000 euros i un termini de tres mesos, despr\u00e9s d&#8217;unes inspeccions t\u00e8cniques que han confirmat que les riuades van comprometre l&#8217;estabilitat de l&#8217;estructura en rebre el fort empenyiment de l&#8217;aigua.<\/p>\n\n\n\n<p class=\"wp-block-paragraph\">En aquest sentit, Mart\u00ednez Mus ha detallat que &#8220;s&#8217;han detectat problemes de descalce dels talussos nord d&#8217;acc\u00e9s al pont, aix\u00ed com diverses clivelles en els murs de tancament dels talussos i grans soscavacions en el llit del barranc, deixant la fonamentaci\u00f3 de les piles de l&#8217;estructura descal\u00e7ades&#8221;.<\/p>\n\n\n\n<p class=\"wp-block-paragraph\">Aix\u00ed mateix, aquestes soscavacions han provocat la deterioraci\u00f3 del ferm sobre el tauler del pont i han afectat les juntes existents entre els terraplens d&#8217;acc\u00e9s i el propi tauler del pont. Tamb\u00e9, s&#8217;ha vist afectada tant la barrera r\u00edgida de contenci\u00f3 sobre l&#8217;estructura, com les biondes existents en els terraplens d&#8217;acc\u00e9s.<\/p>\n\n\n\n<p class=\"wp-block-paragraph\">Mart\u00ednez Mus ha destacat que, despr\u00e9s de les primeres inspeccions dels t\u00e8cnics de la Conselleria, &#8220;s&#8217;ha considerat necessari iniciar els treballs amb urg\u00e8ncia per a netejar i esbrossar els talussos i els par\u00e0metres de formig\u00f3 per a poder avaluar amb detall els danys. A m\u00e9s, es demoliran i retirar les lloses danyades, aix\u00ed com sanejar els suports i realitzar l&#8217;excavaci\u00f3 d&#8217;envolupant de canalitzaci\u00f3 de gas&#8221;.<\/p>\n\n\n\n<p class=\"wp-block-paragraph\">El titular d&#8217;Infraestructures ha destacat que &#8220;no sols es reposar\u00e0 amb seguretat l&#8217;estructura original, sin\u00f3 que tamb\u00e9 s&#8217;executaran noves proteccions d&#8217;escullera per a fer m\u00e9s resistent l&#8217;estructura, davant fen\u00f2mens meteorol\u00f2gics extrems i s&#8217;habilitaran les senyalitzacions i proteccions, entre altres treballs\u201d.<\/p>\n\n\n\n<figure class=\"wp-block-gallery has-nested-images columns-default is-cropped wp-block-gallery-1 is-layout-flex wp-block-gallery-is-layout-flex\">\n<figure class=\"wp-block-image size-large\"><img loading=\"lazy\" decoding=\"async\" width=\"1024\" height=\"691\" data-id=\"281210\" src=\"https:\/\/www.tucomarca.com\/wordpress\/segunda\/wp-content\/uploads\/2025\/10\/Obras_acceso_Bonaire3-1024x691.jpg\" alt=\"\" class=\"wp-image-281210\" srcset=\"https:\/\/tucomarca.whitekongsoftware.com\/wp-content\/uploads\/2025\/10\/Obras_acceso_Bonaire3-1024x691.jpg 1024w, https:\/\/tucomarca.whitekongsoftware.com\/wp-content\/uploads\/2025\/10\/Obras_acceso_Bonaire3-300x202.jpg 300w, https:\/\/tucomarca.whitekongsoftware.com\/wp-content\/uploads\/2025\/10\/Obras_acceso_Bonaire3-768x518.jpg 768w, https:\/\/tucomarca.whitekongsoftware.com\/wp-content\/uploads\/2025\/10\/Obras_acceso_Bonaire3.jpg 1181w\" sizes=\"auto, (max-width: 1024px) 100vw, 1024px\" \/><\/figure>\n\n\n\n<figure class=\"wp-block-image size-large\"><img loading=\"lazy\" decoding=\"async\" width=\"1024\" height=\"691\" data-id=\"281212\" src=\"https:\/\/www.tucomarca.com\/wordpress\/segunda\/wp-content\/uploads\/2025\/10\/Obras_acceso_Bonaire2-1024x691.jpg\" alt=\"\" class=\"wp-image-281212\" srcset=\"https:\/\/tucomarca.whitekongsoftware.com\/wp-content\/uploads\/2025\/10\/Obras_acceso_Bonaire2-1024x691.jpg 1024w, https:\/\/tucomarca.whitekongsoftware.com\/wp-content\/uploads\/2025\/10\/Obras_acceso_Bonaire2-300x202.jpg 300w, https:\/\/tucomarca.whitekongsoftware.com\/wp-content\/uploads\/2025\/10\/Obras_acceso_Bonaire2-768x518.jpg 768w, https:\/\/tucomarca.whitekongsoftware.com\/wp-content\/uploads\/2025\/10\/Obras_acceso_Bonaire2.jpg 1181w\" sizes=\"auto, (max-width: 1024px) 100vw, 1024px\" \/><\/figure>\n<\/figure>\n\n\n\n<p class=\"wp-block-paragraph\"><strong>Acc\u00e9s a centre comercial<\/strong><\/p>\n\n\n\n<p class=\"wp-block-paragraph\">Aquest vial es correspon amb un dels accessos al centre comercial Bonaire i gradualment, a mesura que est\u00e0 tornant a l&#8217;activitat, s&#8217;est\u00e0 incrementant el tr\u00e0nsit per aquest. \u201cFins el mes de juliol passat, l&#8217;Ajuntament d&#8217;Aldaia, titular de la infraestructura vi\u00e0ria, no havia tingut coneixement del mal existent en l&#8217;estructura. En disposar d&#8217;aquesta informaci\u00f3, va procedir al tancament al tr\u00e0nsit del viari donada la perillositat existent\u201d, ha destacat el titular d&#8217;Infraestructures.<\/p>\n\n\n\n<p class=\"wp-block-paragraph\">Aquest vial \u00e9s un dels principals accessos a la zona comercial i evita que el tr\u00e0nsit s&#8217;haja de derivar per altres accessos m\u00e9s al sud i que afecten la rotonda del distribu\u00efdor comarcal sud de la CV-410, aix\u00ed com d&#8217;acc\u00e9s a altres zones industrials, sent una infraestructura necess\u00e0ria per a la mobilitat en un entorn d&#8217;\u00fas industrial i terciari molt consolidat, i amb grans intensitats de tr\u00e0nsit.<\/p>\n\n\n\n<p class=\"wp-block-paragraph\">Finalment, Vicente Mart\u00ednez Mus ha ratificat el &#8220;comprom\u00eds&#8221; de l&#8217;executiu valenci\u00e0 per a &#8220;assumir les compet\u00e8ncies de l&#8217;adequaci\u00f3 d&#8217;aquesta i altres infraestructures municipals\u201d. La rehabilitaci\u00f3 s&#8217;incorporar\u00e0 al pla &#8216;Recuperem Val\u00e8ncia&#8217; que duu a terme la Generalitat en el qual assumeix m\u00e9s de mig centenar d&#8217;actuacions de titularitat local en municipis afectats per les inundacions, amb una inversi\u00f3 superior als 50 milions d&#8217;euros. La meitat d&#8217;aquestes actuacions ja han sigut finalitzades.<\/p>\n","protected":false},"excerpt":{"rendered":"<div class=\"mh-excerpt\">La Generalitat inicia els treballs de reconstrucci\u00f3 de l&#8217;acc\u00e9s al centre comercial Bonaire amb l&#8217;objectiu d&#8217;obrir-lo per a Nadal. Vicente Mart\u00ednez Mus ha visitat la zona que va resultar greument danyada per les inundacions amb <a class=\"mh-excerpt-more\" href=\"https:\/\/tucomarca.whitekongsoftware.com\/ca\/la-generalitat-inicia-els-treballs-de-reconstruccio-de-lacces-al-centre-comercial-bonaire-amb-lobjectiu-dobrir-lo-per-a-nadal\/\" title=\"La Generalitat inicia els treballs de reconstrucci\u00f3 de l&#8217;acc\u00e9s al centre comercial Bonaire amb l&#8217;objectiu d&#8217;obrir-lo per a Nadal\">[+] <\/a><\/div>\n","protected":false},"author":12,"featured_media":281215,"comment_status":"open","ping_status":"open","sticky":false,"template":"","format":"gallery","meta":{"footnotes":""},"categories":[10892,21466,10898,10948,10894,10904,10912,10903,10947,10896,10897],"tags":[23124,15409,11498],"class_list":["post-281217","post","type-post","status-publish","format-gallery","has-post-thumbnail","category-camp-de-turia-ca","category-dana-ca","category-ventana-ca","category-infraestructuras-ca","category-la-comarca-ca","category-sin-categorizar-ca","category-la-hoya-ca","category-medio-ambiente-la-comarca-ca","category-politica","category-seccion-ca","category-sucesos-la-comarca-ca","tag-centro-comercial-bonaire-ca","tag-dana-2-ca","tag-generalitat-valenciana-ca","post_format-post-format-gallery"],"_links":{"self":[{"href":"https:\/\/tucomarca.whitekongsoftware.com\/ca\/wp-json\/wp\/v2\/posts\/281217","targetHints":{"allow":["GET"]}}],"collection":[{"href":"https:\/\/tucomarca.whitekongsoftware.com\/ca\/wp-json\/wp\/v2\/posts"}],"about":[{"href":"https:\/\/tucomarca.whitekongsoftware.com\/ca\/wp-json\/wp\/v2\/types\/post"}],"author":[{"embeddable":true,"href":"https:\/\/tucomarca.whitekongsoftware.com\/ca\/wp-json\/wp\/v2\/users\/12"}],"replies":[{"embeddable":true,"href":"https:\/\/tucomarca.whitekongsoftware.com\/ca\/wp-json\/wp\/v2\/comments?post=281217"}],"version-history":[{"count":0,"href":"https:\/\/tucomarca.whitekongsoftware.com\/ca\/wp-json\/wp\/v2\/posts\/281217\/revisions"}],"wp:featuredmedia":[{"embeddable":true,"href":"https:\/\/tucomarca.whitekongsoftware.com\/ca\/wp-json\/wp\/v2\/media\/281215"}],"wp:attachment":[{"href":"https:\/\/tucomarca.whitekongsoftware.com\/ca\/wp-json\/wp\/v2\/media?parent=281217"}],"wp:term":[{"taxonomy":"category","embeddable":true,"href":"https:\/\/tucomarca.whitekongsoftware.com\/ca\/wp-json\/wp\/v2\/categories?post=281217"},{"taxonomy":"post_tag","embeddable":true,"href":"https:\/\/tucomarca.whitekongsoftware.com\/ca\/wp-json\/wp\/v2\/tags?post=281217"}],"curies":[{"name":"wp","href":"https:\/\/api.w.org\/{rel}","templated":true}]}}