{"id":281186,"date":"2025-10-01T12:36:00","date_gmt":"2025-10-01T10:36:00","guid":{"rendered":"https:\/\/www.tucomarca.com\/wordpress\/segunda\/?p=281186"},"modified":"2025-10-01T22:03:01","modified_gmt":"2025-10-01T20:03:01","slug":"urbanitas-del-vino-la-do-utiel-requena-aterra-a-valencia-amb-la-seua-nova-proposta-que-uneix-ciutat-cultura-i-vi","status":"publish","type":"post","link":"https:\/\/tucomarca.whitekongsoftware.com\/ca\/urbanitas-del-vino-la-do-utiel-requena-aterra-a-valencia-amb-la-seua-nova-proposta-que-uneix-ciutat-cultura-i-vi\/","title":{"rendered":"URbanitas del VINO: la DO Utiel-Requena aterra a Val\u00e8ncia amb la seua nova proposta que uneix ciutat, cultura i vi"},"content":{"rendered":"\n<p class=\"wp-block-paragraph\">Si vius el vi, aquest \u00e9s el teu pla. Aix\u00ed es presenta <strong>URbanitas del VINO<\/strong>, la nova cita imprescindible per a qui gaudix del vi, la ciutat i la cultura.<\/p>\n\n\n\n<p class=\"wp-block-paragraph\">Els cellers de la <strong>DO Utiel-Requena<\/strong> arriben a Val\u00e8ncia per a transformar locals i espais en punts de trobada on tastar, compartir i descobrir el vi com a estil de vida. Una proposta que acosta els vins de la DO a distribu\u00efdors, restauraci\u00f3, mitjans de comunicaci\u00f3, influencers i p\u00fablic final.<\/p>\n\n\n\n<p class=\"wp-block-paragraph\">El programa arranca el <strong>dilluns 20 d\u2019octubre<\/strong>, a <strong>Casa Pescadores<\/strong> (Eugenia Vi\u00f1es, 72). Des de les 12.00 h, se celebrar\u00e0 una presentaci\u00f3 de la DO Utiel-Requena i els seus vins, seguida d\u2019un showroom amb m\u00e9s de 30 refer\u00e8ncies per a tastar, acompanyat d\u2019una demostraci\u00f3 gastron\u00f2mica.<\/p>\n\n\n\n<p class=\"wp-block-paragraph\">Este acte estar\u00e0 dirigit a p\u00fablic professional (distribu\u00efdors, hostaleria, premsa i influencers del sector) i l\u2019assist\u00e8ncia ser\u00e0 \u00fanicament amb invitaci\u00f3 pr\u00e8via, que pot sol\u00b7licitar-se tamb\u00e9 a trav\u00e9s de les xarxes socials oficials de la DO. L\u2019aforament \u00e9s limitat.<\/p>\n\n\n\n<p class=\"wp-block-paragraph\">Despr\u00e9s d\u2019aquesta trobada inicial, <strong>URbanitas del VINO<\/strong> obri les seues portes al p\u00fablic general i es desplegar\u00e0 per Val\u00e8ncia del <strong>21 al 31 d\u2019octubre<\/strong>:<\/p>\n\n\n\n<p class=\"wp-block-paragraph\"><strong>Cinc Barris amb Deu Plans<\/strong><br><em>Caba\u00f1al \/ L\u2019Eixample \/ El Carme \/ Russafa \/ Pla del Real<\/em><\/p>\n\n\n\n<p class=\"wp-block-paragraph\">En cada barri, dos locals acolliran diferents propostes: <em>tardeos<\/em>, cates minimalistes, maridatges i <em>afterworks<\/em> que conviden a viure el vi d\u2019una manera pr\u00f2xima i urbana.<\/p>\n\n\n\n<p class=\"wp-block-paragraph\">Amb aquesta iniciativa, la DO Utiel-Requena refor\u00e7a la seua connexi\u00f3 amb la ciutat de Val\u00e8ncia i obri un espai de descobriment per a nous p\u00fablics, demostrant que el vi \u00e9s tamb\u00e9 cultura, oci i ciutat.<\/p>\n\n\n\n<p class=\"wp-block-paragraph\">Tota la informaci\u00f3 sobre <strong>Cinc Barris amb Deu Plans<\/strong> es podr\u00e0 seguir a trav\u00e9s de les xarxes socials (@doutielrequena) i del mitj\u00e0 <strong>5barricas<\/strong>, on trobar\u00e0s com reservar en els locals participants.<\/p>\n\n\n\n<p class=\"wp-block-paragraph\"><\/p>\n","protected":false},"excerpt":{"rendered":"<div class=\"mh-excerpt\">Si vius el vi, aquest \u00e9s el teu pla. Aix\u00ed es presenta URbanitas del VINO, la nova cita imprescindible per a qui gaudix del vi, la ciutat i la cultura. Els cellers de la DO <a class=\"mh-excerpt-more\" href=\"https:\/\/tucomarca.whitekongsoftware.com\/ca\/urbanitas-del-vino-la-do-utiel-requena-aterra-a-valencia-amb-la-seua-nova-proposta-que-uneix-ciutat-cultura-i-vi\/\" title=\"URbanitas del VINO: la DO Utiel-Requena aterra a Val\u00e8ncia amb la seua nova proposta que uneix ciutat, cultura i vi\">[+] <\/a><\/div>\n","protected":false},"author":12,"featured_media":281185,"comment_status":"open","ping_status":"open","sticky":false,"template":"","format":"standard","meta":{"footnotes":""},"categories":[11019,11006,10894,11007,10909,10896,11059],"tags":[12747,10910,23114,11174],"class_list":["post-281186","post","type-post","status-publish","format-standard","has-post-thumbnail","category-agenda-ca","category-canal-vinos","category-la-comarca-ca","category-ocio-y-cultura-ca","category-requena-utiel-ca","category-seccion-ca","category-utiel-ca","tag-do-utiel-requena-ca","tag-requena-utiel-ca","tag-urbanitas-del-vino-ca","tag-utiel-ca"],"_links":{"self":[{"href":"https:\/\/tucomarca.whitekongsoftware.com\/ca\/wp-json\/wp\/v2\/posts\/281186","targetHints":{"allow":["GET"]}}],"collection":[{"href":"https:\/\/tucomarca.whitekongsoftware.com\/ca\/wp-json\/wp\/v2\/posts"}],"about":[{"href":"https:\/\/tucomarca.whitekongsoftware.com\/ca\/wp-json\/wp\/v2\/types\/post"}],"author":[{"embeddable":true,"href":"https:\/\/tucomarca.whitekongsoftware.com\/ca\/wp-json\/wp\/v2\/users\/12"}],"replies":[{"embeddable":true,"href":"https:\/\/tucomarca.whitekongsoftware.com\/ca\/wp-json\/wp\/v2\/comments?post=281186"}],"version-history":[{"count":0,"href":"https:\/\/tucomarca.whitekongsoftware.com\/ca\/wp-json\/wp\/v2\/posts\/281186\/revisions"}],"wp:featuredmedia":[{"embeddable":true,"href":"https:\/\/tucomarca.whitekongsoftware.com\/ca\/wp-json\/wp\/v2\/media\/281185"}],"wp:attachment":[{"href":"https:\/\/tucomarca.whitekongsoftware.com\/ca\/wp-json\/wp\/v2\/media?parent=281186"}],"wp:term":[{"taxonomy":"category","embeddable":true,"href":"https:\/\/tucomarca.whitekongsoftware.com\/ca\/wp-json\/wp\/v2\/categories?post=281186"},{"taxonomy":"post_tag","embeddable":true,"href":"https:\/\/tucomarca.whitekongsoftware.com\/ca\/wp-json\/wp\/v2\/tags?post=281186"}],"curies":[{"name":"wp","href":"https:\/\/api.w.org\/{rel}","templated":true}]}}