{"id":281128,"date":"2025-09-30T09:15:00","date_gmt":"2025-09-30T07:15:00","guid":{"rendered":"https:\/\/www.tucomarca.com\/wordpress\/segunda\/?p=281128"},"modified":"2025-09-30T20:01:19","modified_gmt":"2025-09-30T18:01:19","slug":"fotogaleria-el-festival-otono-a-pinceladas-iii-reflecteix-la-llum-de-sorolla-al-castell-de-bunol-durant-el-dia-mundial-del-turisme","status":"publish","type":"post","link":"https:\/\/tucomarca.whitekongsoftware.com\/ca\/fotogaleria-el-festival-otono-a-pinceladas-iii-reflecteix-la-llum-de-sorolla-al-castell-de-bunol-durant-el-dia-mundial-del-turisme\/","title":{"rendered":"Fotogaler\u00eda: el Festival &#8220;Oto\u00f1o a Pinceladas III&#8221; reflecteix la llum de Sorolla al Castell de Bu\u00f1ol durant el Dia Mundial del Turisme"},"content":{"rendered":"\n<p class=\"wp-block-paragraph\">Bu\u00f1ol va celebrar el Dia Mundial del Turisme amb un cap de setmana ple d\u2019activitats per a tots els p\u00fablics, en un entorn tan emblem\u00e0tic com el Castell. La cultura i la sostenibilitat foren protagonistes d\u2019una programaci\u00f3 pensada per a posar en valor el patrimoni local i la figura del pintor valenci\u00e0 Joaqu\u00edn Sorolla.<\/p>\n\n\n\n<p class=\"wp-block-paragraph\">L\u2019acte central del cap de setmana va ser la presentaci\u00f3 del Festival d\u2019Arts &#8220;Oto\u00f1o a Pinceladas III&#8221; i la inauguraci\u00f3 de l\u2019exposici\u00f3 \u201cSorolla, Moda i Sostenibilitat\u201d, una proposta que transmet la llum i l\u2019estil inconfusible de l\u2019artista. La mostra es pot visitar al Castell fins al 9 de novembre, i est\u00e0 concebuda com un di\u00e0leg entre el llegat art\u00edstic de Sorolla i la moda amb consci\u00e8ncia ambiental.<\/p>\n\n\n\n<p class=\"wp-block-paragraph\">L\u2019obertura del festival va comptar tamb\u00e9 amb la m\u00fasica en directe del Duo AlMa, que va posar la nota musical a una jornada plena de sensibilitat art\u00edstica.<\/p>\n\n\n\n<p class=\"wp-block-paragraph\">Els m\u00e9s menuts tamb\u00e9 foren protagonistes gr\u00e0cies als tallers organitzats per Ser Vivo Educaci\u00f3 Ambiental, Mel El Oro, Campament La Serrana i la Universitat de Val\u00e8ncia, on van poder aprendre, experimentar i gaudir en contacte amb la natura.<\/p>\n\n\n\n<p class=\"wp-block-paragraph\">A m\u00e9s, es van realitzar dues rutes molt especials: una ruta interpretativa per a con\u00e9ixer millor la fauna local, i una visita guiada que va permetre als assistents descobrir el patrimoni i la riquesa paleontol\u00f2gica de Bu\u00f1ol, una joia encara desconeguda per a molts. Informa, <strong>P. Ferrer<\/strong>.<\/p>\n\n\n\n<figure class=\"wp-block-gallery has-nested-images columns-1 is-cropped wp-block-gallery-1 is-layout-flex wp-block-gallery-is-layout-flex\">\n<figure class=\"wp-block-image size-large\"><img loading=\"lazy\" decoding=\"async\" width=\"1024\" height=\"768\" data-id=\"281109\" src=\"https:\/\/www.tucomarca.com\/wordpress\/segunda\/wp-content\/uploads\/2025\/09\/BunolOtonoPinceladas01-1024x768.jpg\" alt=\"\" class=\"wp-image-281109\" srcset=\"https:\/\/tucomarca.whitekongsoftware.com\/wp-content\/uploads\/2025\/09\/BunolOtonoPinceladas01-1024x768.jpg 1024w, https:\/\/tucomarca.whitekongsoftware.com\/wp-content\/uploads\/2025\/09\/BunolOtonoPinceladas01-300x225.jpg 300w, https:\/\/tucomarca.whitekongsoftware.com\/wp-content\/uploads\/2025\/09\/BunolOtonoPinceladas01-768x576.jpg 768w, https:\/\/tucomarca.whitekongsoftware.com\/wp-content\/uploads\/2025\/09\/BunolOtonoPinceladas01-1536x1152.jpg 1536w, https:\/\/tucomarca.whitekongsoftware.com\/wp-content\/uploads\/2025\/09\/BunolOtonoPinceladas01-678x509.jpg 678w, https:\/\/tucomarca.whitekongsoftware.com\/wp-content\/uploads\/2025\/09\/BunolOtonoPinceladas01-326x245.jpg 326w, https:\/\/tucomarca.whitekongsoftware.com\/wp-content\/uploads\/2025\/09\/BunolOtonoPinceladas01-80x60.jpg 80w, https:\/\/tucomarca.whitekongsoftware.com\/wp-content\/uploads\/2025\/09\/BunolOtonoPinceladas01.jpg 2048w\" sizes=\"auto, (max-width: 1024px) 100vw, 1024px\" \/><\/figure>\n\n\n\n<figure class=\"wp-block-image size-large\"><img loading=\"lazy\" decoding=\"async\" width=\"1024\" height=\"807\" data-id=\"281114\" src=\"https:\/\/www.tucomarca.com\/wordpress\/segunda\/wp-content\/uploads\/2025\/09\/BunolOtonoPinceladas08-1024x807.jpg\" alt=\"\" class=\"wp-image-281114\" srcset=\"https:\/\/tucomarca.whitekongsoftware.com\/wp-content\/uploads\/2025\/09\/BunolOtonoPinceladas08-1024x807.jpg 1024w, https:\/\/tucomarca.whitekongsoftware.com\/wp-content\/uploads\/2025\/09\/BunolOtonoPinceladas08-300x237.jpg 300w, https:\/\/tucomarca.whitekongsoftware.com\/wp-content\/uploads\/2025\/09\/BunolOtonoPinceladas08-768x606.jpg 768w, https:\/\/tucomarca.whitekongsoftware.com\/wp-content\/uploads\/2025\/09\/BunolOtonoPinceladas08.jpg 1536w\" sizes=\"auto, (max-width: 1024px) 100vw, 1024px\" \/><\/figure>\n\n\n\n<figure class=\"wp-block-image size-large\"><img loading=\"lazy\" decoding=\"async\" width=\"1024\" height=\"683\" data-id=\"281118\" src=\"https:\/\/www.tucomarca.com\/wordpress\/segunda\/wp-content\/uploads\/2025\/09\/BunolOtonoPinceladas02-1024x683.jpg\" alt=\"\" class=\"wp-image-281118\" srcset=\"https:\/\/tucomarca.whitekongsoftware.com\/wp-content\/uploads\/2025\/09\/BunolOtonoPinceladas02-1024x683.jpg 1024w, https:\/\/tucomarca.whitekongsoftware.com\/wp-content\/uploads\/2025\/09\/BunolOtonoPinceladas02-300x200.jpg 300w, https:\/\/tucomarca.whitekongsoftware.com\/wp-content\/uploads\/2025\/09\/BunolOtonoPinceladas02-768x512.jpg 768w, https:\/\/tucomarca.whitekongsoftware.com\/wp-content\/uploads\/2025\/09\/BunolOtonoPinceladas02-1536x1024.jpg 1536w, https:\/\/tucomarca.whitekongsoftware.com\/wp-content\/uploads\/2025\/09\/BunolOtonoPinceladas02.jpg 2048w\" sizes=\"auto, (max-width: 1024px) 100vw, 1024px\" \/><\/figure>\n\n\n\n<figure class=\"wp-block-image size-large\"><img loading=\"lazy\" decoding=\"async\" width=\"1024\" height=\"683\" data-id=\"281122\" src=\"https:\/\/www.tucomarca.com\/wordpress\/segunda\/wp-content\/uploads\/2025\/09\/BunolOtonoPinceladas04-1024x683.jpg\" alt=\"\" class=\"wp-image-281122\" srcset=\"https:\/\/tucomarca.whitekongsoftware.com\/wp-content\/uploads\/2025\/09\/BunolOtonoPinceladas04-1024x683.jpg 1024w, https:\/\/tucomarca.whitekongsoftware.com\/wp-content\/uploads\/2025\/09\/BunolOtonoPinceladas04-300x200.jpg 300w, https:\/\/tucomarca.whitekongsoftware.com\/wp-content\/uploads\/2025\/09\/BunolOtonoPinceladas04-768x512.jpg 768w, https:\/\/tucomarca.whitekongsoftware.com\/wp-content\/uploads\/2025\/09\/BunolOtonoPinceladas04-1536x1024.jpg 1536w, https:\/\/tucomarca.whitekongsoftware.com\/wp-content\/uploads\/2025\/09\/BunolOtonoPinceladas04.jpg 2048w\" sizes=\"auto, (max-width: 1024px) 100vw, 1024px\" \/><\/figure>\n\n\n\n<figure class=\"wp-block-image size-large\"><img loading=\"lazy\" decoding=\"async\" width=\"1024\" height=\"683\" data-id=\"281116\" src=\"https:\/\/www.tucomarca.com\/wordpress\/segunda\/wp-content\/uploads\/2025\/09\/BunolOtonoPinceladas05-1024x683.jpg\" alt=\"\" class=\"wp-image-281116\" srcset=\"https:\/\/tucomarca.whitekongsoftware.com\/wp-content\/uploads\/2025\/09\/BunolOtonoPinceladas05-1024x683.jpg 1024w, https:\/\/tucomarca.whitekongsoftware.com\/wp-content\/uploads\/2025\/09\/BunolOtonoPinceladas05-300x200.jpg 300w, https:\/\/tucomarca.whitekongsoftware.com\/wp-content\/uploads\/2025\/09\/BunolOtonoPinceladas05-768x512.jpg 768w, https:\/\/tucomarca.whitekongsoftware.com\/wp-content\/uploads\/2025\/09\/BunolOtonoPinceladas05-1536x1024.jpg 1536w, https:\/\/tucomarca.whitekongsoftware.com\/wp-content\/uploads\/2025\/09\/BunolOtonoPinceladas05.jpg 2048w\" sizes=\"auto, (max-width: 1024px) 100vw, 1024px\" \/><\/figure>\n\n\n\n<figure class=\"wp-block-image size-large\"><img loading=\"lazy\" decoding=\"async\" width=\"1024\" height=\"683\" data-id=\"281124\" src=\"https:\/\/www.tucomarca.com\/wordpress\/segunda\/wp-content\/uploads\/2025\/09\/BunolOtonoPinceladas07-1024x683.jpg\" alt=\"\" class=\"wp-image-281124\" srcset=\"https:\/\/tucomarca.whitekongsoftware.com\/wp-content\/uploads\/2025\/09\/BunolOtonoPinceladas07-1024x683.jpg 1024w, https:\/\/tucomarca.whitekongsoftware.com\/wp-content\/uploads\/2025\/09\/BunolOtonoPinceladas07-300x200.jpg 300w, https:\/\/tucomarca.whitekongsoftware.com\/wp-content\/uploads\/2025\/09\/BunolOtonoPinceladas07-768x512.jpg 768w, https:\/\/tucomarca.whitekongsoftware.com\/wp-content\/uploads\/2025\/09\/BunolOtonoPinceladas07-1536x1024.jpg 1536w, https:\/\/tucomarca.whitekongsoftware.com\/wp-content\/uploads\/2025\/09\/BunolOtonoPinceladas07.jpg 2048w\" sizes=\"auto, (max-width: 1024px) 100vw, 1024px\" \/><\/figure>\n\n\n\n<figure class=\"wp-block-image size-large\"><img loading=\"lazy\" decoding=\"async\" width=\"1024\" height=\"683\" data-id=\"281120\" src=\"https:\/\/www.tucomarca.com\/wordpress\/segunda\/wp-content\/uploads\/2025\/09\/BunolOtonoPinceladas06-1024x683.jpg\" alt=\"\" class=\"wp-image-281120\" srcset=\"https:\/\/tucomarca.whitekongsoftware.com\/wp-content\/uploads\/2025\/09\/BunolOtonoPinceladas06-1024x683.jpg 1024w, https:\/\/tucomarca.whitekongsoftware.com\/wp-content\/uploads\/2025\/09\/BunolOtonoPinceladas06-300x200.jpg 300w, https:\/\/tucomarca.whitekongsoftware.com\/wp-content\/uploads\/2025\/09\/BunolOtonoPinceladas06-768x512.jpg 768w, https:\/\/tucomarca.whitekongsoftware.com\/wp-content\/uploads\/2025\/09\/BunolOtonoPinceladas06-1536x1024.jpg 1536w, https:\/\/tucomarca.whitekongsoftware.com\/wp-content\/uploads\/2025\/09\/BunolOtonoPinceladas06.jpg 2048w\" sizes=\"auto, (max-width: 1024px) 100vw, 1024px\" \/><\/figure>\n<\/figure>\n","protected":false},"excerpt":{"rendered":"<div class=\"mh-excerpt\">Bu\u00f1ol va celebrar el Dia Mundial del Turisme amb un cap de setmana ple d\u2019activitats per a tots els p\u00fablics, en un entorn tan emblem\u00e0tic com el Castell. La cultura i la sostenibilitat foren protagonistes <a class=\"mh-excerpt-more\" href=\"https:\/\/tucomarca.whitekongsoftware.com\/ca\/fotogaleria-el-festival-otono-a-pinceladas-iii-reflecteix-la-llum-de-sorolla-al-castell-de-bunol-durant-el-dia-mundial-del-turisme\/\" title=\"Fotogaler\u00eda: el Festival &#8220;Oto\u00f1o a Pinceladas III&#8221; reflecteix la llum de Sorolla al Castell de Bu\u00f1ol durant el Dia Mundial del Turisme\">[+] <\/a><\/div>\n","protected":false},"author":12,"featured_media":281113,"comment_status":"open","ping_status":"open","sticky":false,"template":"","format":"gallery","meta":{"footnotes":""},"categories":[10911,10894,10912,11007,11063,10896],"tags":[10913,23107,10914],"class_list":["post-281128","post","type-post","status-publish","format-gallery","has-post-thumbnail","category-bunol-ca","category-la-comarca-ca","category-la-hoya-ca","category-ocio-y-cultura-ca","category-pintura-ca","category-seccion-ca","tag-bunol-ca","tag-festival-de-artes-otono-a-pinceladas-iii-ca","tag-la-hoya-de-bunol-chiva-ca","post_format-post-format-gallery"],"_links":{"self":[{"href":"https:\/\/tucomarca.whitekongsoftware.com\/ca\/wp-json\/wp\/v2\/posts\/281128","targetHints":{"allow":["GET"]}}],"collection":[{"href":"https:\/\/tucomarca.whitekongsoftware.com\/ca\/wp-json\/wp\/v2\/posts"}],"about":[{"href":"https:\/\/tucomarca.whitekongsoftware.com\/ca\/wp-json\/wp\/v2\/types\/post"}],"author":[{"embeddable":true,"href":"https:\/\/tucomarca.whitekongsoftware.com\/ca\/wp-json\/wp\/v2\/users\/12"}],"replies":[{"embeddable":true,"href":"https:\/\/tucomarca.whitekongsoftware.com\/ca\/wp-json\/wp\/v2\/comments?post=281128"}],"version-history":[{"count":0,"href":"https:\/\/tucomarca.whitekongsoftware.com\/ca\/wp-json\/wp\/v2\/posts\/281128\/revisions"}],"wp:featuredmedia":[{"embeddable":true,"href":"https:\/\/tucomarca.whitekongsoftware.com\/ca\/wp-json\/wp\/v2\/media\/281113"}],"wp:attachment":[{"href":"https:\/\/tucomarca.whitekongsoftware.com\/ca\/wp-json\/wp\/v2\/media?parent=281128"}],"wp:term":[{"taxonomy":"category","embeddable":true,"href":"https:\/\/tucomarca.whitekongsoftware.com\/ca\/wp-json\/wp\/v2\/categories?post=281128"},{"taxonomy":"post_tag","embeddable":true,"href":"https:\/\/tucomarca.whitekongsoftware.com\/ca\/wp-json\/wp\/v2\/tags?post=281128"}],"curies":[{"name":"wp","href":"https:\/\/api.w.org\/{rel}","templated":true}]}}