{"id":281107,"date":"2025-09-30T08:00:00","date_gmt":"2025-09-30T06:00:00","guid":{"rendered":"https:\/\/www.tucomarca.com\/wordpress\/segunda\/?p=281107"},"modified":"2025-09-30T18:08:25","modified_gmt":"2025-09-30T16:08:25","slug":"la-diputacio-destina-13-milions-deuros-a-lesport-provincial-per-a-la-participacio-en-competicions-i-la-celebracio-desdeveniments","status":"publish","type":"post","link":"https:\/\/tucomarca.whitekongsoftware.com\/ca\/la-diputacio-destina-13-milions-deuros-a-lesport-provincial-per-a-la-participacio-en-competicions-i-la-celebracio-desdeveniments\/","title":{"rendered":"La Diputaci\u00f3 destina 1,3 milions d&#8217;euros a l&#8217;esport provincial per a la participaci\u00f3 en competicions i la celebraci\u00f3 d&#8217;esdeveniments"},"content":{"rendered":"\n<h3 class=\"wp-block-heading\">L&#8217;\u00e0rea d&#8217;Esports que dirigix Pedro Cuesta convoca dos l\u00ednies d&#8217;ajudes: una de 900.000 euros per la participaci\u00f3 en competicions nacionals i internacionals; i una altra de 400.000 per a l&#8217;organitzaci\u00f3 d&#8217;esdeveniments esportius.<\/h3>\n\n\n\n<h3 class=\"wp-block-heading\">El termini per a sol\u00b7licitar estes subvencions finalitza els dies 17 i 20 d&#8217;octubre respectivament,<\/h3>\n\n\n\n<p class=\"wp-block-paragraph\">La Diputaci\u00f3 de Val\u00e8ncia ha obert dos convocat\u00f2ries d&#8217;ajudes destinades a clubs, federacions i entitats esportives de la prov\u00edncia. Es tracta de dos l\u00ednies d&#8217;ajudes posades en marxa per l&#8217;\u00e0rea d&#8217;Esports que dirigix el diputat Pedro Cuesta, i que entre les dos aconseguixen els 1,3 milions d&#8217;euros.<\/p>\n\n\n\n<p class=\"wp-block-paragraph\">\u201cUna vegada m\u00e9s des de l&#8217;\u00e0rea d&#8217;Esports vam demostrar el nostre suport i comprom\u00eds amb el desenvolupament de l&#8217;esport provincial. Estes ajudes resulten fonamentals per a federacions d&#8217;esports minoritaris i clubs no professionals, que sense el suport de la Diputaci\u00f3 no podrien continuar amb la pr\u00e0ctica esportiva. La corporaci\u00f3 es confirma com un pilar fonamental per a l&#8217;esport base de la prov\u00edncia\u201d, destaca el diputat d&#8217;Esports, Pedro Cuesta.<\/p>\n\n\n\n<p class=\"wp-block-paragraph\">La primera l\u00ednia d&#8217;ajudes, dotada amb 900.000 euros, va dirigida \u00fanicament als clubs esportius de la prov\u00edncia, i serviran per a finan\u00e7ar els gastos que comporta la participaci\u00f3 dels seus equips absoluts, en les competicions oficials d&#8217;\u00e0mbit nacional i\/o internacional, de car\u00e0cter no professional. El termini perqu\u00e8 estes entitats sol\u00b7liciten la subvenci\u00f3, que podr\u00e0 arribar fins als 19.500 euros per als esports individuals i fins als 40.000 euros per als esports col\u00b7lectius, conclou el pr\u00f2xim 17 d&#8217;octubre.<\/p>\n\n\n\n<p class=\"wp-block-paragraph\">Concretament, els clubs beneficiats hauran de dedicar estos diners a la participaci\u00f3 en una de les seg\u00fcents competicions: tornejos europeus de clubs, amb participaci\u00f3 m\u00ednima de huit pa\u00efsos i que es classifiquen en les seues respectives lligues; campionats d&#8217;Espa\u00f1a de m\u00e0xima divisi\u00f3 i categoria absoluta; i\/o lligues estatals oficials no professionals de categoria absoluta, de m\u00e0xima categoria, o b\u00e9 les dos lligues oficials de categoria absoluta, immediatament inferiors, que se celebren sistem\u00e0ticament de lliga regular, organitzada o reconeguda per la federaci\u00f3 espanyola corresponent.<\/p>\n\n\n\n<p class=\"wp-block-paragraph\"><strong>Ajudes per a celebraci\u00f3 d&#8217;esdeveniments<\/strong><\/p>\n\n\n\n<p class=\"wp-block-paragraph\">A la segona convocat\u00f2ria d&#8217;ajudes posada en marxa per la Diputaci\u00f3, que compta amb un pressupost de 400.000 euros, poden optar les federacions, clubs i entitats esportives de la prov\u00edncia de Val\u00e8ncia. La finalitat d&#8217;esta subvenci\u00f3 \u00e9s la realitzaci\u00f3 d&#8217;esdeveniments esportius especials, extraordinaris o anuals, de car\u00e0cter nacional i internacional i de categoria s\u00e8nior o absoluta, en el territori de la prov\u00edncia de Val\u00e8ncia durant l&#8217;exercici 2025. Cada entitat beneficiada podr\u00e0 rebre fins a un m\u00e0xim de 40.000 euros, i la data per a formalitzar la sol\u00b7licitud d&#8217;esta ajuda acaba el pr\u00f2xim 20 d&#8217;octubre.<\/p>\n\n\n\n<p class=\"wp-block-paragraph\">Els esdeveniments que, espec\u00edficament, seran subvencionables per part de la Diputaci\u00f3 s\u00f3n els campionats oficials del M\u00f3n, Europa o Espa\u00f1a; aix\u00ed com altres competicions d&#8217;\u00e0mbit internacional i nacional de categoria s\u00e8nior o absoluta, qualificades per la federaci\u00f3 esportiva corresponent (es consideraran en este nivell les de pilota valenciana qualificades per la federaci\u00f3 auton\u00f2mica).&nbsp;<\/p>\n\n\n\n<p class=\"wp-block-paragraph\">Tamb\u00e9 s&#8217;inclouen en esta l\u00ednia d&#8217;ajudes els esdeveniments per a celebrar un aniversari de l&#8217;entitat esportiva sol\u00b7licitant, i tamb\u00e9 esdeveniments esportius singulars que se celebren en una \u00fanica jornada, consistents en carreres a peu, carreres ciclistes, nataci\u00f3, duatlons o triatlons.<\/p>\n","protected":false},"excerpt":{"rendered":"<div class=\"mh-excerpt\">L&#8217;\u00e0rea d&#8217;Esports que dirigix Pedro Cuesta convoca dos l\u00ednies d&#8217;ajudes: una de 900.000 euros per la participaci\u00f3 en competicions nacionals i internacionals; i una altra de 400.000 per a l&#8217;organitzaci\u00f3 d&#8217;esdeveniments esportius. El termini per <a class=\"mh-excerpt-more\" href=\"https:\/\/tucomarca.whitekongsoftware.com\/ca\/la-diputacio-destina-13-milions-deuros-a-lesport-provincial-per-a-la-participacio-en-competicions-i-la-celebracio-desdeveniments\/\" title=\"La Diputaci\u00f3 destina 1,3 milions d&#8217;euros a l&#8217;esport provincial per a la participaci\u00f3 en competicions i la celebraci\u00f3 d&#8217;esdeveniments\">[+] <\/a><\/div>\n","protected":false},"author":1,"featured_media":281105,"comment_status":"open","ping_status":"open","sticky":false,"template":"","format":"standard","meta":{"footnotes":""},"categories":[11003,10898,10948,10894,10904,11009,10947,10896],"tags":[14244,11246,11199],"class_list":["post-281107","post","type-post","status-publish","format-standard","has-post-thumbnail","category-sports","category-ventana-ca","category-infraestructuras-ca","category-la-comarca-ca","category-sin-categorizar-ca","category-polideportivo-ca","category-politica","category-seccion-ca","tag-deporte-ca","tag-diputacio-de-valencia-ca","tag-la-comunitat-ca"],"_links":{"self":[{"href":"https:\/\/tucomarca.whitekongsoftware.com\/ca\/wp-json\/wp\/v2\/posts\/281107","targetHints":{"allow":["GET"]}}],"collection":[{"href":"https:\/\/tucomarca.whitekongsoftware.com\/ca\/wp-json\/wp\/v2\/posts"}],"about":[{"href":"https:\/\/tucomarca.whitekongsoftware.com\/ca\/wp-json\/wp\/v2\/types\/post"}],"author":[{"embeddable":true,"href":"https:\/\/tucomarca.whitekongsoftware.com\/ca\/wp-json\/wp\/v2\/users\/1"}],"replies":[{"embeddable":true,"href":"https:\/\/tucomarca.whitekongsoftware.com\/ca\/wp-json\/wp\/v2\/comments?post=281107"}],"version-history":[{"count":0,"href":"https:\/\/tucomarca.whitekongsoftware.com\/ca\/wp-json\/wp\/v2\/posts\/281107\/revisions"}],"wp:featuredmedia":[{"embeddable":true,"href":"https:\/\/tucomarca.whitekongsoftware.com\/ca\/wp-json\/wp\/v2\/media\/281105"}],"wp:attachment":[{"href":"https:\/\/tucomarca.whitekongsoftware.com\/ca\/wp-json\/wp\/v2\/media?parent=281107"}],"wp:term":[{"taxonomy":"category","embeddable":true,"href":"https:\/\/tucomarca.whitekongsoftware.com\/ca\/wp-json\/wp\/v2\/categories?post=281107"},{"taxonomy":"post_tag","embeddable":true,"href":"https:\/\/tucomarca.whitekongsoftware.com\/ca\/wp-json\/wp\/v2\/tags?post=281107"}],"curies":[{"name":"wp","href":"https:\/\/api.w.org\/{rel}","templated":true}]}}