{"id":281006,"date":"2025-09-30T09:45:00","date_gmt":"2025-09-30T07:45:00","guid":{"rendered":"https:\/\/www.tucomarca.com\/wordpress\/segunda\/?p=281006"},"modified":"2025-09-30T11:02:32","modified_gmt":"2025-09-30T09:02:32","slug":"la-majoria-de-pobles-de-la-foia-mantenen-suspeses-les-classes-este-dimarts-mentre-es-reprenen-a-utiel-i-requena","status":"publish","type":"post","link":"https:\/\/tucomarca.whitekongsoftware.com\/ca\/la-majoria-de-pobles-de-la-foia-mantenen-suspeses-les-classes-este-dimarts-mentre-es-reprenen-a-utiel-i-requena\/","title":{"rendered":"La majoria de pobles de la Foia mantenen suspeses les classes este dimarts, mentre es reprenen a Utiel i Requena"},"content":{"rendered":"\n<p class=\"wp-block-paragraph\">Este <strong>dimarts, 30 de setembre<\/strong>, continuen <strong>suspeses les classes<\/strong> en les seccions educatives d\u2019<strong>Alborache, Bu\u00f1ol, Cheste, Chiva, Godelleta, Siete Aguas i Y\u00e1tova<\/strong>, a causa de les condicions meteorol\u00f2giques i les alertes actives.<\/p>\n\n\n\n<p class=\"wp-block-paragraph\">Per contra, <strong>es reprenen les activitats lectives<\/strong> en els centres de la zona de <strong>Requena<\/strong> i <strong>Utiel<\/strong>.<\/p>\n\n\n\n<p class=\"wp-block-paragraph\">Es pot consultar la <strong>p\u00e0gina web<\/strong> corresponent per a obtindre informaci\u00f3 detallada sobre els grups de <strong>Requena i Utiel<\/strong>, especialment per al <strong>professorat que es desplace des de altres zones<\/strong>. Informa, <strong>P. Ferrer<\/strong>.<\/p>\n","protected":false},"excerpt":{"rendered":"<div class=\"mh-excerpt\">Este dimarts, 30 de setembre, continuen suspeses les classes en les seccions educatives d\u2019Alborache, Bu\u00f1ol, Cheste, Chiva, Godelleta, Siete Aguas i Y\u00e1tova, a causa de les condicions meteorol\u00f2giques i les alertes actives. Per contra, es <a class=\"mh-excerpt-more\" href=\"https:\/\/tucomarca.whitekongsoftware.com\/ca\/la-majoria-de-pobles-de-la-foia-mantenen-suspeses-les-classes-este-dimarts-mentre-es-reprenen-a-utiel-i-requena\/\" title=\"La majoria de pobles de la Foia mantenen suspeses les classes este dimarts, mentre es reprenen a Utiel i Requena\">[+] <\/a><\/div>\n","protected":false},"author":1,"featured_media":148061,"comment_status":"open","ping_status":"open","sticky":false,"template":"","format":"standard","meta":{"footnotes":""},"categories":[10973,10911,10898,10977,10980,10948,10894,10912,10903,10947,10909,10896,10897,10974,10975],"tags":[10914,10910],"class_list":["post-281006","post","type-post","status-publish","format-standard","has-post-thumbnail","category-alborache-ca","category-bunol-ca","category-ventana-ca","category-godelleta-ca","category-yatova-ca","category-infraestructuras-ca","category-la-comarca-ca","category-la-hoya-ca","category-medio-ambiente-la-comarca-ca","category-politica","category-requena-utiel-ca","category-seccion-ca","category-sucesos-la-comarca-ca","category-cheste-ca","category-chiva-ca","tag-la-hoya-de-bunol-chiva-ca","tag-requena-utiel-ca"],"_links":{"self":[{"href":"https:\/\/tucomarca.whitekongsoftware.com\/ca\/wp-json\/wp\/v2\/posts\/281006","targetHints":{"allow":["GET"]}}],"collection":[{"href":"https:\/\/tucomarca.whitekongsoftware.com\/ca\/wp-json\/wp\/v2\/posts"}],"about":[{"href":"https:\/\/tucomarca.whitekongsoftware.com\/ca\/wp-json\/wp\/v2\/types\/post"}],"author":[{"embeddable":true,"href":"https:\/\/tucomarca.whitekongsoftware.com\/ca\/wp-json\/wp\/v2\/users\/1"}],"replies":[{"embeddable":true,"href":"https:\/\/tucomarca.whitekongsoftware.com\/ca\/wp-json\/wp\/v2\/comments?post=281006"}],"version-history":[{"count":0,"href":"https:\/\/tucomarca.whitekongsoftware.com\/ca\/wp-json\/wp\/v2\/posts\/281006\/revisions"}],"wp:featuredmedia":[{"embeddable":true,"href":"https:\/\/tucomarca.whitekongsoftware.com\/ca\/wp-json\/wp\/v2\/media\/148061"}],"wp:attachment":[{"href":"https:\/\/tucomarca.whitekongsoftware.com\/ca\/wp-json\/wp\/v2\/media?parent=281006"}],"wp:term":[{"taxonomy":"category","embeddable":true,"href":"https:\/\/tucomarca.whitekongsoftware.com\/ca\/wp-json\/wp\/v2\/categories?post=281006"},{"taxonomy":"post_tag","embeddable":true,"href":"https:\/\/tucomarca.whitekongsoftware.com\/ca\/wp-json\/wp\/v2\/tags?post=281006"}],"curies":[{"name":"wp","href":"https:\/\/api.w.org\/{rel}","templated":true}]}}