{"id":280997,"date":"2025-09-30T10:00:00","date_gmt":"2025-09-30T08:00:00","guid":{"rendered":"https:\/\/www.tucomarca.com\/wordpress\/segunda\/?p=280997"},"modified":"2025-09-30T10:35:01","modified_gmt":"2025-09-30T08:35:01","slug":"aemet-rebaixa-lalerta-de-taronja-a-groga-durant-la-jornada-daquest-dimarts-encara-que-recomana-mantindre-la-precaucio","status":"publish","type":"post","link":"https:\/\/tucomarca.whitekongsoftware.com\/ca\/aemet-rebaixa-lalerta-de-taronja-a-groga-durant-la-jornada-daquest-dimarts-encara-que-recomana-mantindre-la-precaucio\/","title":{"rendered":"Aemet rebaixa l&#8217;alerta de taronja a groga durant la jornada d&#8217;aquest dimarts encara que recomana mantindre la precauci\u00f3"},"content":{"rendered":"\n<p class=\"wp-block-paragraph\">L\u2019<strong>Ag\u00e8ncia Estatal de Meteorologia (AEMET)<\/strong> ha redu\u00eft l\u2019<strong>alerta per fen\u00f2mens adversos<\/strong> prevista per a este dimarts, <strong>passant de nivell taronja a nivell groc<\/strong>.<\/p>\n\n\n\n<p class=\"wp-block-paragraph\">L\u2019actualitzaci\u00f3 afecta les previsions de pluges i tempestes, que continuen presents per\u00f2 amb menor intensitat de la que s\u2019havia estimat inicialment. Tot i aix\u00f2, es recomana <strong>mantindre la precauci\u00f3<\/strong>, ja que podrien registrar-se ruixats localment intensos i ratxes de vent en alguns punts al llarg de la jornada.<\/p>\n\n\n\n<p class=\"wp-block-paragraph\">Les autoritats locals recorden a la poblaci\u00f3 la import\u00e0ncia de seguir les recomanacions de protecci\u00f3 civil i mantindre\u2019s informada a trav\u00e9s dels canals oficials.<\/p>\n","protected":false},"excerpt":{"rendered":"<div class=\"mh-excerpt\">L\u2019Ag\u00e8ncia Estatal de Meteorologia (AEMET) ha redu\u00eft l\u2019alerta per fen\u00f2mens adversos prevista per a este dimarts, passant de nivell taronja a nivell groc. L\u2019actualitzaci\u00f3 afecta les previsions de pluges i tempestes, que continuen presents per\u00f2 <a class=\"mh-excerpt-more\" href=\"https:\/\/tucomarca.whitekongsoftware.com\/ca\/aemet-rebaixa-lalerta-de-taronja-a-groga-durant-la-jornada-daquest-dimarts-encara-que-recomana-mantindre-la-precaucio\/\" title=\"Aemet rebaixa l&#8217;alerta de taronja a groga durant la jornada d&#8217;aquest dimarts encara que recomana mantindre la precauci\u00f3\">[+] <\/a><\/div>\n","protected":false},"author":1,"featured_media":280991,"comment_status":"open","ping_status":"open","sticky":false,"template":"","format":"standard","meta":{"footnotes":""},"categories":[10898,10948,10894,10904,10903,10947,10896,10897],"tags":[15409,11199,11351,11257],"class_list":["post-280997","post","type-post","status-publish","format-standard","has-post-thumbnail","category-ventana-ca","category-infraestructuras-ca","category-la-comarca-ca","category-sin-categorizar-ca","category-medio-ambiente-la-comarca-ca","category-politica","category-seccion-ca","category-sucesos-la-comarca-ca","tag-dana-2-ca","tag-la-comunitat-ca","tag-lluvias-ca","tag-temporal-ca"],"_links":{"self":[{"href":"https:\/\/tucomarca.whitekongsoftware.com\/ca\/wp-json\/wp\/v2\/posts\/280997","targetHints":{"allow":["GET"]}}],"collection":[{"href":"https:\/\/tucomarca.whitekongsoftware.com\/ca\/wp-json\/wp\/v2\/posts"}],"about":[{"href":"https:\/\/tucomarca.whitekongsoftware.com\/ca\/wp-json\/wp\/v2\/types\/post"}],"author":[{"embeddable":true,"href":"https:\/\/tucomarca.whitekongsoftware.com\/ca\/wp-json\/wp\/v2\/users\/1"}],"replies":[{"embeddable":true,"href":"https:\/\/tucomarca.whitekongsoftware.com\/ca\/wp-json\/wp\/v2\/comments?post=280997"}],"version-history":[{"count":0,"href":"https:\/\/tucomarca.whitekongsoftware.com\/ca\/wp-json\/wp\/v2\/posts\/280997\/revisions"}],"wp:featuredmedia":[{"embeddable":true,"href":"https:\/\/tucomarca.whitekongsoftware.com\/ca\/wp-json\/wp\/v2\/media\/280991"}],"wp:attachment":[{"href":"https:\/\/tucomarca.whitekongsoftware.com\/ca\/wp-json\/wp\/v2\/media?parent=280997"}],"wp:term":[{"taxonomy":"category","embeddable":true,"href":"https:\/\/tucomarca.whitekongsoftware.com\/ca\/wp-json\/wp\/v2\/categories?post=280997"},{"taxonomy":"post_tag","embeddable":true,"href":"https:\/\/tucomarca.whitekongsoftware.com\/ca\/wp-json\/wp\/v2\/tags?post=280997"}],"curies":[{"name":"wp","href":"https:\/\/api.w.org\/{rel}","templated":true}]}}