{"id":280929,"date":"2025-09-29T16:00:00","date_gmt":"2025-09-29T14:00:00","guid":{"rendered":"https:\/\/www.tucomarca.com\/wordpress\/segunda\/?p=280929"},"modified":"2025-09-29T18:58:43","modified_gmt":"2025-09-29T16:58:43","slug":"el-consorci-provincial-de-bombers-de-valencia-comptabilitzen-mes-de-30-actuacions-a-causa-de-les-pluges","status":"publish","type":"post","link":"https:\/\/tucomarca.whitekongsoftware.com\/ca\/el-consorci-provincial-de-bombers-de-valencia-comptabilitzen-mes-de-30-actuacions-a-causa-de-les-pluges\/","title":{"rendered":"El Consorci Provincial de Bombers de Val\u00e8ncia comptabilitzen m\u00e9s de 30 actuacions a causa de les pluges"},"content":{"rendered":"\n<h3 class=\"wp-block-heading\">Fins a les 13,00 hores de hui dilluns, l&#8217;entitat que dep\u00e9n de la Diputaci\u00f3 ha intervingut en 35 servicis, entre sanejaments de fa\u00e7anes, arbres i extraccions d&#8217;aigua.<\/h3>\n\n\n\n<h3 class=\"wp-block-heading\">El president Vicent Momp\u00f3 participa en la reuni\u00f3 de coordinaci\u00f3 del Consell per al seguiment de l&#8217;alerta roja.<\/h3>\n\n\n\n<p class=\"wp-block-paragraph\">Les pluges de les \u00faltimes hores el litoral de la prov\u00edncia de Val\u00e8ncia han provocat fins a 35 mobilitzacions d&#8217;emerg\u00e8ncia dels efectius del Consorci Provincial de Bombers de Val\u00e8ncia, segons les dades de l&#8217;entitat dependent de la Diputaci\u00f3 actualitzats a les 13,00 hores d&#8217;este dilluns.<\/p>\n\n\n\n<p class=\"wp-block-paragraph\">La majoria dels servicis es referixen a intervencions en fa\u00e7anes de vivendes i edificis, aix\u00ed com sanejament d&#8217;arbres i tamb\u00e9 extraccions d&#8217;aigua en zones inundades. Les primeres mobilitzacions es van concentrar especialment en els municipis de l&#8217;Horta, mentres que este mat\u00ed hi ha hagut especial activitat a la comarca de la Safor.<\/p>\n\n\n\n<p class=\"wp-block-paragraph\">El president de la Diputaci\u00f3, Vicent Momp\u00f3, ha participat de manera telem\u00e0tica en la reuni\u00f3 de coordinaci\u00f3 convocada pel Consell per al seguiment de l&#8217;alerta roja que s&#8217;iniciava en la matinada del dilluns.<\/p>\n\n\n\n<p class=\"wp-block-paragraph\">All\u00ed, Momp\u00f3 ha donat compte del desplegament del Consorci, &#8220;que ja des de la nit d&#8217;ahir va duplicar efectius operatius per a fer front a esta emerg\u00e8ncia, tant en les mobilitzacions d&#8217;emerg\u00e8ncia com en les tasques de vigil\u00e0ncia de barrancs junt a les Brigades Forestals, i en coordinaci\u00f3 amb els Bombers Forestals de la Generalitat&#8221;.<\/p>\n\n\n\n<p class=\"wp-block-paragraph\"><strong>Procediment de refor\u00e7&nbsp;<\/strong><\/p>\n\n\n\n<p class=\"wp-block-paragraph\">El Consorci Provincial de Bombers de Val\u00e8ncia va activar durant la vesprada d&#8217;ahir el seu Procediment de Refor\u00e7 de Dotacions en Situacions Meteorol\u00f2giques Adverses, el qual s&#8217;aplica en els casos d&#8217;alerta roja i taronja decretades per la Generalitat. Este dispositiu se suma als 105 efectius que treballen di\u00e0riament de manera ordin\u00e0ria i permet incrementar de manera notable la capacitat operativa.<\/p>\n\n\n\n<p class=\"wp-block-paragraph\">Aix\u00ed, des de de les 22 hores d&#8217;este dilluns es van incorporar 93 efectius addicionals \u201456 bombers professionals i voluntaris, personal de la sala de control i comandaments, i 37 brigades forestals BRIFO\u2014, a m\u00e9s de tres unitats de bombers forestals de la Generalitat vinculades al Consorci. Durant tota la jornada de hui dilluns es mantindr\u00e0 este refor\u00e7, unint-se la resta d&#8217;unitats assignades a l&#8217;entitat. D&#8217;esta manera, el dispositiu especial arriba als 229 efectius addicionals, entre ells dos rescatadors del Grup de Rescat GERA i un total de 171 brigadistes BRIFO.<\/p>\n\n\n\n<p class=\"wp-block-paragraph\">Tant les brigades forestals del Consorci com les unitats de la Generalitat fan tasques de vigil\u00e0ncia i revisi\u00f3 en els punts m\u00e9s cr\u00edtics de llits i barrancs, per a previndre possibles incid\u00e8ncies derivades de les intenses pluges.<\/p>\n\n\n\n<p class=\"wp-block-paragraph\">El president del Consorci, Avelino Mascarell, ha destacat que \u201camb este dispositiu especial assegurem una resposta r\u00e0pida i efica\u00e7, no sols en les intervencions d&#8217;emerg\u00e8ncia que puguen produir-se, sin\u00f3 tamb\u00e9 en la labor preventiva de vigil\u00e0ncia de barrancs i llits. L&#8217;objectiu \u00e9s anticipar-nos a les incid\u00e8ncies que puguen sorgir i donar la m\u00e0xima seguretat als ve\u00efns i ve\u00efnes de la prov\u00edncia\u201d.<\/p>\n\n\n\n<figure class=\"wp-block-gallery has-nested-images columns-2 is-cropped wp-block-gallery-1 is-layout-flex wp-block-gallery-is-layout-flex\">\n<figure class=\"wp-block-image size-large\"><img loading=\"lazy\" decoding=\"async\" width=\"1024\" height=\"768\" data-id=\"280915\" src=\"https:\/\/www.tucomarca.com\/wordpress\/segunda\/wp-content\/uploads\/2025\/09\/BomberosBarrancoPoyo01-1024x768.jpeg\" alt=\"\" class=\"wp-image-280915\" srcset=\"https:\/\/tucomarca.whitekongsoftware.com\/wp-content\/uploads\/2025\/09\/BomberosBarrancoPoyo01-1024x768.jpeg 1024w, https:\/\/tucomarca.whitekongsoftware.com\/wp-content\/uploads\/2025\/09\/BomberosBarrancoPoyo01-300x225.jpeg 300w, https:\/\/tucomarca.whitekongsoftware.com\/wp-content\/uploads\/2025\/09\/BomberosBarrancoPoyo01-768x576.jpeg 768w, https:\/\/tucomarca.whitekongsoftware.com\/wp-content\/uploads\/2025\/09\/BomberosBarrancoPoyo01-1536x1152.jpeg 1536w, https:\/\/tucomarca.whitekongsoftware.com\/wp-content\/uploads\/2025\/09\/BomberosBarrancoPoyo01-678x509.jpeg 678w, https:\/\/tucomarca.whitekongsoftware.com\/wp-content\/uploads\/2025\/09\/BomberosBarrancoPoyo01-326x245.jpeg 326w, https:\/\/tucomarca.whitekongsoftware.com\/wp-content\/uploads\/2025\/09\/BomberosBarrancoPoyo01-80x60.jpeg 80w, https:\/\/tucomarca.whitekongsoftware.com\/wp-content\/uploads\/2025\/09\/BomberosBarrancoPoyo01.jpeg 1920w\" sizes=\"auto, (max-width: 1024px) 100vw, 1024px\" \/><\/figure>\n\n\n\n<figure class=\"wp-block-image size-large\"><img loading=\"lazy\" decoding=\"async\" width=\"1024\" height=\"575\" data-id=\"280917\" src=\"https:\/\/www.tucomarca.com\/wordpress\/segunda\/wp-content\/uploads\/2025\/09\/BomberosBarrancoPoyo02-1024x575.jpeg\" alt=\"\" class=\"wp-image-280917\" srcset=\"https:\/\/tucomarca.whitekongsoftware.com\/wp-content\/uploads\/2025\/09\/BomberosBarrancoPoyo02-1024x575.jpeg 1024w, https:\/\/tucomarca.whitekongsoftware.com\/wp-content\/uploads\/2025\/09\/BomberosBarrancoPoyo02-300x169.jpeg 300w, https:\/\/tucomarca.whitekongsoftware.com\/wp-content\/uploads\/2025\/09\/BomberosBarrancoPoyo02-768x432.jpeg 768w, https:\/\/tucomarca.whitekongsoftware.com\/wp-content\/uploads\/2025\/09\/BomberosBarrancoPoyo02-1536x863.jpeg 1536w, https:\/\/tucomarca.whitekongsoftware.com\/wp-content\/uploads\/2025\/09\/BomberosBarrancoPoyo02-678x381.jpeg 678w, https:\/\/tucomarca.whitekongsoftware.com\/wp-content\/uploads\/2025\/09\/BomberosBarrancoPoyo02.jpeg 1920w\" sizes=\"auto, (max-width: 1024px) 100vw, 1024px\" \/><\/figure>\n\n\n\n<figure class=\"wp-block-image size-large\"><img loading=\"lazy\" decoding=\"async\" width=\"1024\" height=\"575\" data-id=\"280919\" src=\"https:\/\/www.tucomarca.com\/wordpress\/segunda\/wp-content\/uploads\/2025\/09\/BomberosBarrancoPoyo03-1024x575.jpeg\" alt=\"\" class=\"wp-image-280919\" srcset=\"https:\/\/tucomarca.whitekongsoftware.com\/wp-content\/uploads\/2025\/09\/BomberosBarrancoPoyo03-1024x575.jpeg 1024w, https:\/\/tucomarca.whitekongsoftware.com\/wp-content\/uploads\/2025\/09\/BomberosBarrancoPoyo03-300x169.jpeg 300w, https:\/\/tucomarca.whitekongsoftware.com\/wp-content\/uploads\/2025\/09\/BomberosBarrancoPoyo03-768x432.jpeg 768w, https:\/\/tucomarca.whitekongsoftware.com\/wp-content\/uploads\/2025\/09\/BomberosBarrancoPoyo03-1536x863.jpeg 1536w, https:\/\/tucomarca.whitekongsoftware.com\/wp-content\/uploads\/2025\/09\/BomberosBarrancoPoyo03-678x381.jpeg 678w, https:\/\/tucomarca.whitekongsoftware.com\/wp-content\/uploads\/2025\/09\/BomberosBarrancoPoyo03.jpeg 1920w\" sizes=\"auto, (max-width: 1024px) 100vw, 1024px\" \/><\/figure>\n\n\n\n<figure class=\"wp-block-image size-large\"><img loading=\"lazy\" decoding=\"async\" width=\"1024\" height=\"575\" data-id=\"280921\" src=\"https:\/\/www.tucomarca.com\/wordpress\/segunda\/wp-content\/uploads\/2025\/09\/BomberosBarrancoPoyo04-1024x575.jpeg\" alt=\"\" class=\"wp-image-280921\" srcset=\"https:\/\/tucomarca.whitekongsoftware.com\/wp-content\/uploads\/2025\/09\/BomberosBarrancoPoyo04-1024x575.jpeg 1024w, https:\/\/tucomarca.whitekongsoftware.com\/wp-content\/uploads\/2025\/09\/BomberosBarrancoPoyo04-300x169.jpeg 300w, https:\/\/tucomarca.whitekongsoftware.com\/wp-content\/uploads\/2025\/09\/BomberosBarrancoPoyo04-768x432.jpeg 768w, https:\/\/tucomarca.whitekongsoftware.com\/wp-content\/uploads\/2025\/09\/BomberosBarrancoPoyo04-1536x863.jpeg 1536w, https:\/\/tucomarca.whitekongsoftware.com\/wp-content\/uploads\/2025\/09\/BomberosBarrancoPoyo04-678x381.jpeg 678w, https:\/\/tucomarca.whitekongsoftware.com\/wp-content\/uploads\/2025\/09\/BomberosBarrancoPoyo04.jpeg 1920w\" sizes=\"auto, (max-width: 1024px) 100vw, 1024px\" \/><\/figure>\n\n\n\n<figure class=\"wp-block-image size-large\"><img loading=\"lazy\" decoding=\"async\" width=\"768\" height=\"1024\" data-id=\"280923\" src=\"https:\/\/www.tucomarca.com\/wordpress\/segunda\/wp-content\/uploads\/2025\/09\/BomberosCatarroja01peg-768x1024.jpeg\" alt=\"\" class=\"wp-image-280923\" srcset=\"https:\/\/tucomarca.whitekongsoftware.com\/wp-content\/uploads\/2025\/09\/BomberosCatarroja01peg-768x1024.jpeg 768w, https:\/\/tucomarca.whitekongsoftware.com\/wp-content\/uploads\/2025\/09\/BomberosCatarroja01peg-225x300.jpeg 225w, https:\/\/tucomarca.whitekongsoftware.com\/wp-content\/uploads\/2025\/09\/BomberosCatarroja01peg-1152x1536.jpeg 1152w, https:\/\/tucomarca.whitekongsoftware.com\/wp-content\/uploads\/2025\/09\/BomberosCatarroja01peg.jpeg 1440w\" sizes=\"auto, (max-width: 768px) 100vw, 768px\" \/><\/figure>\n\n\n\n<figure class=\"wp-block-image size-large\"><img loading=\"lazy\" decoding=\"async\" width=\"1024\" height=\"576\" data-id=\"280925\" src=\"https:\/\/www.tucomarca.com\/wordpress\/segunda\/wp-content\/uploads\/2025\/09\/BomberosCatarroja02-1024x576.jpeg\" alt=\"\" class=\"wp-image-280925\" srcset=\"https:\/\/tucomarca.whitekongsoftware.com\/wp-content\/uploads\/2025\/09\/BomberosCatarroja02-1024x576.jpeg 1024w, https:\/\/tucomarca.whitekongsoftware.com\/wp-content\/uploads\/2025\/09\/BomberosCatarroja02-300x169.jpeg 300w, https:\/\/tucomarca.whitekongsoftware.com\/wp-content\/uploads\/2025\/09\/BomberosCatarroja02-768x432.jpeg 768w, https:\/\/tucomarca.whitekongsoftware.com\/wp-content\/uploads\/2025\/09\/BomberosCatarroja02-1536x863.jpeg 1536w, https:\/\/tucomarca.whitekongsoftware.com\/wp-content\/uploads\/2025\/09\/BomberosCatarroja02-678x381.jpeg 678w, https:\/\/tucomarca.whitekongsoftware.com\/wp-content\/uploads\/2025\/09\/BomberosCatarroja02.jpeg 2048w\" sizes=\"auto, (max-width: 1024px) 100vw, 1024px\" \/><\/figure>\n<\/figure>\n","protected":false},"excerpt":{"rendered":"<div class=\"mh-excerpt\">Fins a les 13,00 hores de hui dilluns, l&#8217;entitat que dep\u00e9n de la Diputaci\u00f3 ha intervingut en 35 servicis, entre sanejaments de fa\u00e7anes, arbres i extraccions d&#8217;aigua. El president Vicent Momp\u00f3 participa en la reuni\u00f3 <a class=\"mh-excerpt-more\" href=\"https:\/\/tucomarca.whitekongsoftware.com\/ca\/el-consorci-provincial-de-bombers-de-valencia-comptabilitzen-mes-de-30-actuacions-a-causa-de-les-pluges\/\" title=\"El Consorci Provincial de Bombers de Val\u00e8ncia comptabilitzen m\u00e9s de 30 actuacions a causa de les pluges\">[+] <\/a><\/div>\n","protected":false},"author":13,"featured_media":280920,"comment_status":"open","ping_status":"open","sticky":false,"template":"","format":"gallery","meta":{"footnotes":""},"categories":[21466,10898,10948,10894,10904,10902,10903,10947,10896,10897],"tags":[15409,11199,12166,10901],"class_list":["post-280929","post","type-post","status-publish","format-gallery","has-post-thumbnail","category-dana-ca","category-ventana-ca","category-infraestructuras-ca","category-la-comarca-ca","category-sin-categorizar-ca","category-la-ribera-ca","category-medio-ambiente-la-comarca-ca","category-politica","category-seccion-ca","category-sucesos-la-comarca-ca","tag-dana-2-ca","tag-la-comunitat-ca","tag-medio-ambiente-ca","tag-sucesos-ca","post_format-post-format-gallery"],"_links":{"self":[{"href":"https:\/\/tucomarca.whitekongsoftware.com\/ca\/wp-json\/wp\/v2\/posts\/280929","targetHints":{"allow":["GET"]}}],"collection":[{"href":"https:\/\/tucomarca.whitekongsoftware.com\/ca\/wp-json\/wp\/v2\/posts"}],"about":[{"href":"https:\/\/tucomarca.whitekongsoftware.com\/ca\/wp-json\/wp\/v2\/types\/post"}],"author":[{"embeddable":true,"href":"https:\/\/tucomarca.whitekongsoftware.com\/ca\/wp-json\/wp\/v2\/users\/13"}],"replies":[{"embeddable":true,"href":"https:\/\/tucomarca.whitekongsoftware.com\/ca\/wp-json\/wp\/v2\/comments?post=280929"}],"version-history":[{"count":0,"href":"https:\/\/tucomarca.whitekongsoftware.com\/ca\/wp-json\/wp\/v2\/posts\/280929\/revisions"}],"wp:featuredmedia":[{"embeddable":true,"href":"https:\/\/tucomarca.whitekongsoftware.com\/ca\/wp-json\/wp\/v2\/media\/280920"}],"wp:attachment":[{"href":"https:\/\/tucomarca.whitekongsoftware.com\/ca\/wp-json\/wp\/v2\/media?parent=280929"}],"wp:term":[{"taxonomy":"category","embeddable":true,"href":"https:\/\/tucomarca.whitekongsoftware.com\/ca\/wp-json\/wp\/v2\/categories?post=280929"},{"taxonomy":"post_tag","embeddable":true,"href":"https:\/\/tucomarca.whitekongsoftware.com\/ca\/wp-json\/wp\/v2\/tags?post=280929"}],"curies":[{"name":"wp","href":"https:\/\/api.w.org\/{rel}","templated":true}]}}