{"id":280862,"date":"2025-09-29T12:00:00","date_gmt":"2025-09-29T10:00:00","guid":{"rendered":"https:\/\/www.tucomarca.com\/wordpress\/segunda\/?p=280862"},"modified":"2025-09-29T12:49:40","modified_gmt":"2025-09-29T10:49:40","slug":"les-comissions-falleres-celebren-el-mig-any-faller-amb-una-jornada-plena-dactivitats","status":"publish","type":"post","link":"https:\/\/tucomarca.whitekongsoftware.com\/ca\/les-comissions-falleres-celebren-el-mig-any-faller-amb-una-jornada-plena-dactivitats\/","title":{"rendered":"Les comissions falleres celebren el Mig Any Faller amb una jornada plena d&#8217;activitats"},"content":{"rendered":"\n<h3 class=\"wp-block-heading\">Les Falleres Majors de Benaguasil, Ana Puchau i Paula Ricart, juntament amb el president Infantil Manuel Cabrerizo, van inaugurar la jornada.<\/h3>\n\n\n\n<p class=\"wp-block-paragraph\">Les comissions falleres han eixit aquest cap de setmana als carrers per a celebrar el tradicional Mig Any Faller, una jornada que marca el compte arrere de sis mesos fins a les esperades Falles de mar\u00e7.<\/p>\n\n\n\n<p class=\"wp-block-paragraph\">L&#8217;esdeveniment, marcat per la conviv\u00e8ncia, l&#8217;harmonia i el bon ambient entre totes les comissions, va reunir en l&#8217;Avinguda de Montiel a al voltant de 1.500 fallers i falleres, amb la pres\u00e8ncia destacada de les m\u00e0ximes representants de les 10 comissions que t\u00e9 Benaguasil, que no van voler perdre&#8217;s aquesta celebraci\u00f3 tan significativa en el calendari faller.<\/p>\n\n\n\n<p class=\"wp-block-paragraph\">Com tampoc van faltar a la cita les Falleres Majors de Benaguasil, Ana Puchau i Paula Ricart, juntament amb el president Infantil Manuel Cabrerizo, l&#8217;alcalde Ximo Segarra i la regidor de Falles Ana Aleixandre que va assenyalar que \u201cel Mig Any Faller \u00e9s molt m\u00e9s que una festa, \u00e9s el recordatori que la flama fallera continua viva durant tot l&#8217;any i que, malgrat que encara falten sis mesos, l&#8217;esperit de les Falles ja comen\u00e7a a notar-se\u201d.<\/p>\n\n\n\n<p class=\"wp-block-paragraph\">Tots ells van gaudir d&#8217;un dia de germanor i de totes les activitats previstes per a celebrar aquesta data tan significativa en el calendari faller. I \u00e9s que durant tot el dia es van succeir activitats l\u00fadiques com a inflables, manualitats, un tast de vins, una globot\u00e1 i el concurs de paelles, finalitzant la jornada amb un tardeo.<\/p>\n\n\n\n<p class=\"wp-block-paragraph\">Amb aquesta celebraci\u00f3, el m\u00f3n faller calfa motors per a les Falles, mantenint visca una de les tradicions m\u00e9s estimades i representatives de la cultura valenciana.<\/p>\n\n\n\n<figure class=\"wp-block-gallery has-nested-images columns-1 is-cropped wp-block-gallery-1 is-layout-flex wp-block-gallery-is-layout-flex\">\n<figure class=\"wp-block-image size-large\"><img loading=\"lazy\" decoding=\"async\" width=\"1024\" height=\"683\" data-id=\"280859\" src=\"https:\/\/www.tucomarca.com\/wordpress\/segunda\/wp-content\/uploads\/2025\/09\/BenaguasilPaellas-1024x683.jpg\" alt=\"\" class=\"wp-image-280859\" srcset=\"https:\/\/tucomarca.whitekongsoftware.com\/wp-content\/uploads\/2025\/09\/BenaguasilPaellas-1024x683.jpg 1024w, https:\/\/tucomarca.whitekongsoftware.com\/wp-content\/uploads\/2025\/09\/BenaguasilPaellas-300x200.jpg 300w, https:\/\/tucomarca.whitekongsoftware.com\/wp-content\/uploads\/2025\/09\/BenaguasilPaellas-768x512.jpg 768w, https:\/\/tucomarca.whitekongsoftware.com\/wp-content\/uploads\/2025\/09\/BenaguasilPaellas-1536x1024.jpg 1536w, https:\/\/tucomarca.whitekongsoftware.com\/wp-content\/uploads\/2025\/09\/BenaguasilPaellas-2048x1365.jpg 2048w\" sizes=\"auto, (max-width: 1024px) 100vw, 1024px\" \/><\/figure>\n\n\n\n<figure class=\"wp-block-image size-large\"><img loading=\"lazy\" decoding=\"async\" width=\"1024\" height=\"768\" data-id=\"280855\" src=\"https:\/\/www.tucomarca.com\/wordpress\/segunda\/wp-content\/uploads\/2025\/09\/BenaguasilInauguracion-1024x768.jpg\" alt=\"\" class=\"wp-image-280855\" srcset=\"https:\/\/tucomarca.whitekongsoftware.com\/wp-content\/uploads\/2025\/09\/BenaguasilInauguracion-1024x768.jpg 1024w, https:\/\/tucomarca.whitekongsoftware.com\/wp-content\/uploads\/2025\/09\/BenaguasilInauguracion-300x225.jpg 300w, https:\/\/tucomarca.whitekongsoftware.com\/wp-content\/uploads\/2025\/09\/BenaguasilInauguracion-768x576.jpg 768w, https:\/\/tucomarca.whitekongsoftware.com\/wp-content\/uploads\/2025\/09\/BenaguasilInauguracion-678x509.jpg 678w, https:\/\/tucomarca.whitekongsoftware.com\/wp-content\/uploads\/2025\/09\/BenaguasilInauguracion-326x245.jpg 326w, https:\/\/tucomarca.whitekongsoftware.com\/wp-content\/uploads\/2025\/09\/BenaguasilInauguracion-80x60.jpg 80w, https:\/\/tucomarca.whitekongsoftware.com\/wp-content\/uploads\/2025\/09\/BenaguasilInauguracion.jpg 1440w\" sizes=\"auto, (max-width: 1024px) 100vw, 1024px\" \/><\/figure>\n\n\n\n<figure class=\"wp-block-image size-large\"><img loading=\"lazy\" decoding=\"async\" width=\"1024\" height=\"683\" data-id=\"280853\" src=\"https:\/\/www.tucomarca.com\/wordpress\/segunda\/wp-content\/uploads\/2025\/09\/BenaguasilGlobota-1024x683.jpg\" alt=\"\" class=\"wp-image-280853\" srcset=\"https:\/\/tucomarca.whitekongsoftware.com\/wp-content\/uploads\/2025\/09\/BenaguasilGlobota-1024x683.jpg 1024w, https:\/\/tucomarca.whitekongsoftware.com\/wp-content\/uploads\/2025\/09\/BenaguasilGlobota-300x200.jpg 300w, https:\/\/tucomarca.whitekongsoftware.com\/wp-content\/uploads\/2025\/09\/BenaguasilGlobota-768x512.jpg 768w, https:\/\/tucomarca.whitekongsoftware.com\/wp-content\/uploads\/2025\/09\/BenaguasilGlobota-1536x1024.jpg 1536w, https:\/\/tucomarca.whitekongsoftware.com\/wp-content\/uploads\/2025\/09\/BenaguasilGlobota-2048x1365.jpg 2048w\" sizes=\"auto, (max-width: 1024px) 100vw, 1024px\" \/><\/figure>\n<\/figure>\n","protected":false},"excerpt":{"rendered":"<div class=\"mh-excerpt\">Les Falleres Majors de Benaguasil, Ana Puchau i Paula Ricart, juntament amb el president Infantil Manuel Cabrerizo, van inaugurar la jornada. Les comissions falleres han eixit aquest cap de setmana als carrers per a celebrar <a class=\"mh-excerpt-more\" href=\"https:\/\/tucomarca.whitekongsoftware.com\/ca\/les-comissions-falleres-celebren-el-mig-any-faller-amb-una-jornada-plena-dactivitats\/\" title=\"Les comissions falleres celebren el Mig Any Faller amb una jornada plena d&#8217;activitats\">[+] <\/a><\/div>\n","protected":false},"author":13,"featured_media":280858,"comment_status":"open","ping_status":"open","sticky":false,"template":"","format":"gallery","meta":{"footnotes":""},"categories":[10952,10892,10894,11004,11007,11008,10896],"tags":[11136,10899,15856,21734],"class_list":["post-280862","post","type-post","status-publish","format-gallery","has-post-thumbnail","category-benaguasil-ca","category-camp-de-turia-ca","category-la-comarca-ca","category-la-semana-en-imagenes-ca","category-ocio-y-cultura-ca","category-pueblos-en-fiestas-ca","category-seccion-ca","tag-benaguasil-ca","tag-camp-de-turia-ca","tag-ocio-y-cultura-ca","tag-seccion-ca","post_format-post-format-gallery"],"_links":{"self":[{"href":"https:\/\/tucomarca.whitekongsoftware.com\/ca\/wp-json\/wp\/v2\/posts\/280862","targetHints":{"allow":["GET"]}}],"collection":[{"href":"https:\/\/tucomarca.whitekongsoftware.com\/ca\/wp-json\/wp\/v2\/posts"}],"about":[{"href":"https:\/\/tucomarca.whitekongsoftware.com\/ca\/wp-json\/wp\/v2\/types\/post"}],"author":[{"embeddable":true,"href":"https:\/\/tucomarca.whitekongsoftware.com\/ca\/wp-json\/wp\/v2\/users\/13"}],"replies":[{"embeddable":true,"href":"https:\/\/tucomarca.whitekongsoftware.com\/ca\/wp-json\/wp\/v2\/comments?post=280862"}],"version-history":[{"count":0,"href":"https:\/\/tucomarca.whitekongsoftware.com\/ca\/wp-json\/wp\/v2\/posts\/280862\/revisions"}],"wp:featuredmedia":[{"embeddable":true,"href":"https:\/\/tucomarca.whitekongsoftware.com\/ca\/wp-json\/wp\/v2\/media\/280858"}],"wp:attachment":[{"href":"https:\/\/tucomarca.whitekongsoftware.com\/ca\/wp-json\/wp\/v2\/media?parent=280862"}],"wp:term":[{"taxonomy":"category","embeddable":true,"href":"https:\/\/tucomarca.whitekongsoftware.com\/ca\/wp-json\/wp\/v2\/categories?post=280862"},{"taxonomy":"post_tag","embeddable":true,"href":"https:\/\/tucomarca.whitekongsoftware.com\/ca\/wp-json\/wp\/v2\/tags?post=280862"}],"curies":[{"name":"wp","href":"https:\/\/api.w.org\/{rel}","templated":true}]}}