{"id":280825,"date":"2025-09-29T11:30:00","date_gmt":"2025-09-29T09:30:00","guid":{"rendered":"https:\/\/www.tucomarca.com\/wordpress\/segunda\/?p=280825"},"modified":"2025-09-29T19:36:34","modified_gmt":"2025-09-29T17:36:34","slug":"el-temporal-deja-lluvias-torrenciales-en-camp-de-turia-la-hoya-de-bunol-chiva-la-ribera-alta-y-el-camp-de-morvedre-y-complica-la-movilidad-en-valencia","status":"publish","type":"post","link":"https:\/\/tucomarca.whitekongsoftware.com\/ca\/el-temporal-deja-lluvias-torrenciales-en-camp-de-turia-la-hoya-de-bunol-chiva-la-ribera-alta-y-el-camp-de-morvedre-y-complica-la-movilidad-en-valencia\/","title":{"rendered":"El temporal deixa pluges torrencials a Camp de T\u00faria, La Foia de Bunyol-Xiva, La Ribera Alta i el Camp de Morvedre; a m\u00e9s de complicar la mobilitat a Val\u00e8ncia"},"content":{"rendered":"\n<h3 class=\"wp-block-heading\">Pedralba, el municipi m\u00e9s afectat en les primeres hores en un interior on les pluges cauen, de moment, amb una intensitat moderada.<\/h3>\n\n\n\n<p class=\"wp-block-paragraph\">La Comunitat Valenciana continua sota els efectes de l&#8217;alerta roja decretada des de la vesprada d&#8217;ahir, diumenge. Encara que el 112 no ha notificat incidents d&#8217;especial gravetat, les pluges torrencials han provocat talles en la l\u00ednia de metro que connecta Ll\u00edria amb Paterna, basses d&#8217;aigua en carreteres i desbordaments puntuals en alguns barrancs.<\/p>\n\n\n\n<p class=\"wp-block-paragraph\">Les comarques m\u00e9s colpejades s\u00f3n el Camp de T\u00faria, La Ribera Alta, La Foia de Bunyol-Xiva i Camp de Morvedre. A Pedralba, el pluvi\u00f2metre de la Cova del Terrer marcava a les huit del mat\u00ed 56 litres per metre quadrat, mentre que a Vilamarxant es van aconseguir 45,8 litres, confirmant a l&#8217;eix de la A-3 i al Parc Natural del T\u00faria com una de les zones on la tempesta va descarregar amb m\u00e9s for\u00e7a de matinada.<\/p>\n\n\n\n<p class=\"wp-block-paragraph\">L&#8217;\u00e0rea metropolitana tamb\u00e9 concentra nombrosos problemes. A Aldaia es van registrar 56 litres en tot just 35 minuts, la qual cosa va provocar el desbordament del barranc de la Saleta, com ja va oc\u00f3rrer en la Dana del 29 d&#8217;octubre. Manises i Quart de Poblet se sumen a la llista de municipis afectats, amb acumulats que mantenen als serveis d&#8217;emerg\u00e8ncia en alerta.<\/p>\n\n\n\n<p class=\"wp-block-paragraph\"><strong>Situaci\u00f3 continguda en el Pedr\u00eds.<\/strong><\/p>\n\n\n\n<p class=\"wp-block-paragraph\">En paral\u00b7lel, a l&#8217;entorn del barranc del Pedr\u00eds la situaci\u00f3 \u00e9s m\u00e9s continguda. Municipis com Xiva, amb 23,4 litres per metre quadrat, Picanya, amb 21,8, o Catarroja, amb 11,2, van registrar quantitats m\u00e9s moderades. Fins i tot Paiporta, un dels pobles m\u00e9s castigats per l&#8217;\u00faltima Dana, va comen\u00e7ar el dia amb xifres relativament baixes: a penes 14,2 litres per metre quadrat en l&#8217;inici d&#8217;aquesta alerta roja.<\/p>\n\n\n\n<p class=\"wp-block-paragraph\"><strong>Carreteres tallades<\/strong><\/p>\n\n\n\n<p class=\"wp-block-paragraph\">El temporal tamb\u00e9 est\u00e0 afectant el transport p\u00fablic. Renfe ha informat de retards i modificacions en diverses l\u00ednies de Rodalia a causa de la climatologia adversa. En les l\u00ednies C1 i C2 els combois acumulen demores mitjanes d&#8217;uns 20 minutos, mentre que en la l\u00ednia C6 els retards ronden els 15 minuts. La companyia recomana als usuaris que consulten els canals oficials per a con\u00e9ixer l&#8217;\u00faltima hora de les alteracions en el servei.<\/p>\n\n\n\n<p class=\"wp-block-paragraph\">La xarxa vi\u00e0ria tamb\u00e9 presenta incid\u00e8ncies destacades. A la prov\u00edncia de Val\u00e8ncia romanen tancades la CV-472, entre Els Corrals i Les Cuevas; la CV-395, entre Xera i Sot de Xera; i la CV-429, en el tram d&#8217;I\u00e0tova a Hortunas.<\/p>\n\n\n<div class=\"wp-block-image\">\n<figure class=\"alignleft size-large is-resized\"><img loading=\"lazy\" decoding=\"async\" width=\"1024\" height=\"683\" src=\"http:\/\/www.tucomarca.com\/wordpress\/segunda\/wp-content\/uploads\/2025\/09\/ConsellerValderrama-1024x683.png\" alt=\"\" class=\"wp-image-280796\" style=\"width:346px;height:auto\" srcset=\"https:\/\/tucomarca.whitekongsoftware.com\/wp-content\/uploads\/2025\/09\/ConsellerValderrama-1024x683.png 1024w, https:\/\/tucomarca.whitekongsoftware.com\/wp-content\/uploads\/2025\/09\/ConsellerValderrama-300x200.png 300w, https:\/\/tucomarca.whitekongsoftware.com\/wp-content\/uploads\/2025\/09\/ConsellerValderrama-768x512.png 768w, https:\/\/tucomarca.whitekongsoftware.com\/wp-content\/uploads\/2025\/09\/ConsellerValderrama-1536x1025.png 1536w, https:\/\/tucomarca.whitekongsoftware.com\/wp-content\/uploads\/2025\/09\/ConsellerValderrama-2048x1366.png 2048w\" sizes=\"auto, (max-width: 1024px) 100vw, 1024px\" \/><\/figure>\n<\/div>\n\n\n<p class=\"wp-block-paragraph\"><strong>El pitjor passar\u00e0 de Castell\u00f3 a Val\u00e8ncia al migdia<\/strong><\/p>\n\n\n\n<p class=\"wp-block-paragraph\">A Castell\u00f3, on l&#8217;alerta m\u00e0xima es va activar a \u00faltima hora del diumenge, les precipitacions es van intensificar durant la matinada. Segons l&#8217;Ag\u00e8ncia Estatal de Meteorologia (Aemet), el pitjor s&#8217;espera a partir del migdia a la prov\u00edncia de Val\u00e8ncia, amb pluges que podrien ser \u201cmolt fortes i persistents\u201d. La pr\u00f2pia Aemet adverteix que la combinaci\u00f3 d&#8217;un t\u00e0lveg amb l&#8217;elevada humitat en l&#8217;atmosfera pot generar tempestes molt intenses i de car\u00e0cter torrencial, amb el risc d&#8217;inundacions sobtades. Els models de predicci\u00f3 apunten al fet que la ciutat de Val\u00e8ncia, especialment els barris costaners del Cabanyal i el Grau, podria superar els 500 litres per metre quadrat en les pr\u00f2ximes hores.<\/p>\n\n\n\n<p class=\"wp-block-paragraph\">El Conseller d&#8217;Emerg\u00e8ncies, Juan Carlos Valderrama, despr\u00e9s de la reuni\u00f3 mantinguda a primera hora d&#8217;aquest dilluns en el Cecopi ha restaltado que les previsions que ens transmeten \u00e9s que les pluges vana ser m\u00e9s intenses a Castell\u00f3 al llarg del mat\u00ed i que despr\u00e9s s&#8217;intensificaran a la prov\u00edncia de Val\u00e8ncia a partir del migdia i aquesta vesprada Ser\u00e0 una estabilitat i una incertesa, perqu\u00e8 no podem determinar on plour\u00e0 a cada moment&#8221;.<\/p>\n\n\n\n<p class=\"wp-block-paragraph\">Per part seua, la delegada del Govern en la Comunitat Valenciana, Pilar Bernab\u00e9, ha manifestat aquest mat\u00ed que \u201cel gruix del temporal es concentra en el golf de Val\u00e8ncia i pot entrar cap al litoral i l&#8217;\u00e0rea metropolitana\u201d.<\/p>\n\n\n\n<p class=\"wp-block-paragraph\">Davant aquest escenari, les autoritats insisteixen a extremar la precauci\u00f3 en els despla\u00e7aments i mantindre&#8217;s atents a l&#8217;evoluci\u00f3 de la borrasca a trav\u00e9s dels canals oficials.<\/p>\n","protected":false},"excerpt":{"rendered":"<div class=\"mh-excerpt\">Pedralba, el municipi m\u00e9s afectat en les primeres hores en un interior on les pluges cauen, de moment, amb una intensitat moderada. La Comunitat Valenciana continua sota els efectes de l&#8217;alerta roja decretada des de <a class=\"mh-excerpt-more\" href=\"https:\/\/tucomarca.whitekongsoftware.com\/ca\/el-temporal-deja-lluvias-torrenciales-en-camp-de-turia-la-hoya-de-bunol-chiva-la-ribera-alta-y-el-camp-de-morvedre-y-complica-la-movilidad-en-valencia\/\" title=\"El temporal deixa pluges torrencials a Camp de T\u00faria, La Foia de Bunyol-Xiva, La Ribera Alta i el Camp de Morvedre; a m\u00e9s de complicar la mobilitat a Val\u00e8ncia\">[+] <\/a><\/div>\n","protected":false},"author":13,"featured_media":280818,"comment_status":"open","ping_status":"open","sticky":false,"template":"","format":"standard","meta":{"footnotes":""},"categories":[10892,21466,11046,10898,10948,10894,10904,10912,10902,10903,11025,10947,10896,10897],"tags":[15409,11199,12166],"class_list":["post-280825","post","type-post","status-publish","format-standard","has-post-thumbnail","category-camp-de-turia-ca","category-dana-ca","category-los-serranos-ca","category-ventana-ca","category-infraestructuras-ca","category-la-comarca-ca","category-sin-categorizar-ca","category-la-hoya-ca","category-la-ribera-ca","category-medio-ambiente-la-comarca-ca","category-pedralba-ca","category-politica","category-seccion-ca","category-sucesos-la-comarca-ca","tag-dana-2-ca","tag-la-comunitat-ca","tag-medio-ambiente-ca"],"_links":{"self":[{"href":"https:\/\/tucomarca.whitekongsoftware.com\/ca\/wp-json\/wp\/v2\/posts\/280825","targetHints":{"allow":["GET"]}}],"collection":[{"href":"https:\/\/tucomarca.whitekongsoftware.com\/ca\/wp-json\/wp\/v2\/posts"}],"about":[{"href":"https:\/\/tucomarca.whitekongsoftware.com\/ca\/wp-json\/wp\/v2\/types\/post"}],"author":[{"embeddable":true,"href":"https:\/\/tucomarca.whitekongsoftware.com\/ca\/wp-json\/wp\/v2\/users\/13"}],"replies":[{"embeddable":true,"href":"https:\/\/tucomarca.whitekongsoftware.com\/ca\/wp-json\/wp\/v2\/comments?post=280825"}],"version-history":[{"count":0,"href":"https:\/\/tucomarca.whitekongsoftware.com\/ca\/wp-json\/wp\/v2\/posts\/280825\/revisions"}],"wp:featuredmedia":[{"embeddable":true,"href":"https:\/\/tucomarca.whitekongsoftware.com\/ca\/wp-json\/wp\/v2\/media\/280818"}],"wp:attachment":[{"href":"https:\/\/tucomarca.whitekongsoftware.com\/ca\/wp-json\/wp\/v2\/media?parent=280825"}],"wp:term":[{"taxonomy":"category","embeddable":true,"href":"https:\/\/tucomarca.whitekongsoftware.com\/ca\/wp-json\/wp\/v2\/categories?post=280825"},{"taxonomy":"post_tag","embeddable":true,"href":"https:\/\/tucomarca.whitekongsoftware.com\/ca\/wp-json\/wp\/v2\/tags?post=280825"}],"curies":[{"name":"wp","href":"https:\/\/api.w.org\/{rel}","templated":true}]}}